{"id":171119,"date":"2026-09-03T04:53:22","date_gmt":"2026-09-03T04:53:22","guid":{"rendered":"https:\/\/friss-hirek.hu\/index.php\/sivatagi-rozsa-gondozasa-minden-amit-az-egzotikus-novenyrol-tudni-erdemes\/friss-hirek\/"},"modified":"2026-09-03T04:53:22","modified_gmt":"2026-09-03T04:53:22","slug":"sivatagi-rozsa-gondozasa-minden-amit-az-egzotikus-novenyrol-tudni-erdemes","status":"publish","type":"post","link":"https:\/\/friss-hirek.hu\/index.php\/sivatagi-rozsa-gondozasa-minden-amit-az-egzotikus-novenyrol-tudni-erdemes\/videk\/","title":{"rendered":"Sivatagi r\u00f3zsa gondoz\u00e1sa: minden, amit az egzotikus n\u00f6v\u00e9nyr\u0151l tudni \u00e9rdemes"},"content":{"rendered":"<p>Vastag, szoborszer\u0171 t\u00f6rzs, f\u00e9nyes z\u00f6ld levelek \u00e9s l\u00e1tv\u00e1nyos, trombita alak\u00fa vir\u00e1gok \u2013 a sivatagi r\u00f3zsa m\u00e1r els\u0151 pillant\u00e1sra k\u00fcl\u00f6nleges jelens\u00e9g. Az Afrika \u00e9s az Arab-f\u00e9lsziget sz\u00e1raz vid\u00e9keir\u0151l sz\u00e1rmaz\u00f3 pozsg\u00e1s nemcsak sz\u00e9ps\u00e9g\u00e9vel h\u00f3d\u00edt, rendk\u00edv\u00fcli alkalmazkod\u00f3k\u00e9pess\u00e9ge miatt a kitart\u00e1s \u00e9s az \u00e9leter\u0151 jelk\u00e9p\u00e9v\u00e9 is v\u00e1lt. Megfelel\u0151 k\u00f6r\u00fclm\u00e9nyek k\u00f6z\u00f6tt pedig n\u00e1lunk is nevelhet\u0151, ak\u00e1r szoban\u00f6v\u00e9nyk\u00e9nt.<\/p><div id=\"friss-2634533521\" class=\"friss-etarget friss-entity-placement\"><script type=\"text\/javascript\" id=\"etargetScript7a9b589f63cb072bef80df221f46a22b\">function etargetPostloadFunction7a9b589f63cb072bef80df221f46a22b(){var e=\"etargetPostload7a9b589f63cb072bef80df221f46a22b\",t=\"etargetScript7a9b589f63cb072bef80df221f46a22b\",o=document.getElementById(e);if(o){for(var n=o.offsetTop,d=o.offsetLeft,r=o.offsetWidth,a=o.offsetHeight;o.offsetParent;)o=o.offsetParent,n+=o.offsetTop,d+=o.offsetLeft;var i=(n<=window.pageYOffset+window.innerHeight&&d<window.pageXOffset+window.innerWidth&&n+a>window.pageYOffset&&d+r>window.pageXOffset);if(i&&etargetAllowOtherCheck){allowed=!1;var c=document.createElement(\"script\");return c.src=\"\/\/hu.search.etargetnet.com\/generic\/uni.php?g=ref:58661,area:700x210\",void(document.getElementById(t)&&document.getElementById(e)&&(document.getElementById(t).parentNode.appendChild(c),document.getElementById(t).parentNode.removeChild(document.getElementById(t)),document.getElementById(e).parentNode.removeChild(document.getElementById(e)),document.removeEventListener(\"scroll\",etargetPostloadFunction7a9b589f63cb072bef80df221f46a22b),document.removeEventListener(\"resize\",etargetPostloadFunction7a9b589f63cb072bef80df221f46a22b),document.removeEventListener(\"DOMContentLoaded\",etargetPostloadFunction7a9b589f63cb072bef80df221f46a22b)))}}}var etargetDivID=\"etargetPostload7a9b589f63cb072bef80df221f46a22b\",etargetScriptID=\"etargetScript7a9b589f63cb072bef80df221f46a22b\",etargetPostloadPoint=document.createElement(\"div\");etargetPostloadPoint.id=etargetDivID;var etargetCurScript=document.getElementById(etargetScriptID);etargetCurScript.parentNode.appendChild(etargetPostloadPoint),document.addEventListener(\"scroll\",etargetPostloadFunction7a9b589f63cb072bef80df221f46a22b),document.addEventListener(\"resize\",etargetPostloadFunction7a9b589f63cb072bef80df221f46a22b),document.addEventListener(\"DOMContentLoaded\",etargetPostloadFunction7a9b589f63cb072bef80df221f46a22b);var etargetAllowOtherCheck=!0;if(typeof(\"forceRunPostload\")==\"string\"){etargetPostloadFunction7a9b589f63cb072bef80df221f46a22b()}<\/script><\/div>\n<p>A sivatagi r\u00f3zsa (Adenium obesum) az egyik legk\u00fcl\u00f6nlegesebb vir\u00e1gz\u00f3 pozsg\u00e1s. Els\u0151 pillant\u00e1sra ak\u00e1r egy apr\u00f3 bonsaira is eml\u00e9keztethet, legfelt\u0171n\u0151bb r\u00e9sze ugyanis a vastag, megduzzadt t\u00f6rzse, az \u00fagynevezett caudex, ami nem csup\u00e1n k\u00fcl\u00f6nleges form\u00e1t ad a n\u00f6v\u00e9nynek, hanem a sz\u00e1raz id\u0151szakok t\u00fal\u00e9l\u00e9s\u00e9ben is fontos szerepet j\u00e1tszik.<\/p>\n<p><a href=\"https:\/\/s.24.hu\/app\/uploads\/sites\/11\/2026\/08\/grafted_adenium_obesum_uthandi_apr22_d72_23198.jpg\"><\/a><\/p>\n<figure aria-describedby=\"caption-378812\" class=\"wp-caption alignnone\"><img loading=\"lazy\" decoding=\"async\" class=\"alignnone size-full wp-image-378812\" src=\"https:\/\/s.24.hu\/app\/uploads\/sites\/11\/2026\/08\/grafted_adenium_obesum_uthandi_apr22_d72_23198.jpg\" alt=\"\" width=\"960\" height=\"1440\" title=\"Sivatagi r\u00f3zsa gondoz\u00e1sa: minden, amit az egzotikus n\u00f6v\u00e9nyr\u0151l tudni \u00e9rdemes 1\" \/><figcaption class=\"wp-caption-text\"><span class=\"a-imgSource\">Wikimedia commons<\/span><\/figcaption><\/figure>\n\n<p>Ebb\u0151l a vaskos t\u00f6rzsb\u0151l karcs\u00fa \u00e1gak n\u0151nek, rajtuk f\u00e9nyes, z\u00f6ld levelekkel. Igazi l\u00e1tv\u00e1nyoss\u00e1got azonban a vir\u00e1gai jelentenek. A nagy, t\u00f6lcs\u00e9r vagy trombita alak\u00fa vir\u00e1gok leggyakrabban r\u00f3zsasz\u00edn, piros, bord\u00f3 \u00e9s feh\u00e9r \u00e1rnyalatokban jelennek meg, de a nemes\u00edt\u00e9snek k\u00f6sz\u00f6nhet\u0151en ma m\u00e1r sz\u00e1mtalan k\u00fcl\u00f6nleges sz\u00ednv\u00e1ltozat \u00e9s t\u00f6bbsz\u00edn\u0171 fajta is l\u00e9tezik.<\/p>\n<blockquote class=\"_ce_measure_widget\" data-ce-measure-widget=\"Id\u00e9zet\">\n<p>Nem v\u00e9letlen\u00fcl nevezik sivatagi r\u00f3zs\u00e1nak: vir\u00e1gai val\u00f3ban r\u00f3zsaszer\u0171en l\u00e1tv\u00e1nyosak, mik\u00f6zben maga a n\u00f6v\u00e9ny olyan k\u00f6r\u00fclm\u00e9nyekhez alkalmazkodott, amelyek k\u00f6z\u00f6tt a legt\u00f6bb d\u00edszn\u00f6v\u00e9ny aligha boldogulna.<\/p>\n<\/blockquote>\n<h2>Afrika forr\u00f3 vid\u00e9keir\u0151l indult vil\u00e1gh\u00f3d\u00edt\u00f3 \u00fatj\u00e1ra<\/h2>\n<p>A sivatagi r\u00f3zsa term\u00e9szetes \u00e9l\u0151helye Afrika sz\u00e1raz, forr\u00f3 ter\u00fclete \u00e9s az Arab-f\u00e9lsziget, de egyes rokon form\u00e1i Madagaszk\u00e1r t\u00e9rs\u00e9g\u00e9ben is el\u0151fordulnak. K\u00fcl\u00f6n\u00f6sen j\u00f3l alkalmazkodott a h\u0151s\u00e9ghez \u00e9s a hosszabb csapad\u00e9kmentes id\u0151szakokhoz.<\/p>\n<p>Term\u00e9szetes k\u00f6rnyezet\u00e9ben j\u00f3val nagyobbra n\u0151het, mint az ablakp\u00e1rk\u00e1nyon tartott p\u00e9ld\u00e1nyok. Kedvez\u0151 k\u00f6r\u00fclm\u00e9nyek k\u00f6z\u00f6tt t\u00f6bb m\u00e9ter magas bokorr\u00e1 vagy kisebb f\u00e1v\u00e1 fejl\u0151dhet, \u00e9s id\u0151s p\u00e9ld\u00e1nyainak megvastagodott t\u00f6rzse tekint\u00e9lyes m\u00e9retet \u00e9rhet el. Cser\u00e9pben tartva azonban n\u00f6veked\u00e9se j\u00f3val visszafogottabb, ez\u00e9rt k\u00fcl\u00f6nleges form\u00e1ja miatt bonsaiszer\u0171 n\u00f6v\u00e9nyk\u00e9nt is kedvelt.<\/p>\n<p><a href=\"https:\/\/s.24.hu\/app\/uploads\/sites\/11\/2026\/08\/gettyimages-953403164.jpg\"><\/a><\/p>\n<figure aria-describedby=\"caption-378813\" class=\"wp-caption alignnone\"><img loading=\"lazy\" decoding=\"async\" class=\"alignnone size-full wp-image-378813\" src=\"https:\/\/s.24.hu\/app\/uploads\/sites\/11\/2026\/08\/gettyimages-953403164.jpg\" alt=\"\" width=\"1024\" height=\"683\" title=\"Sivatagi r\u00f3zsa gondoz\u00e1sa: minden, amit az egzotikus n\u00f6v\u00e9nyr\u0151l tudni \u00e9rdemes 2\" \/><figcaption class=\"wp-caption-text\"><span class=\"a-imgSource\">Pixabay<\/span><\/figcaption><\/figure>\n\n<p><span class=\"highlight-block-small _ce_measure_widget\" data-ce-measure-widget=\"Kiemel\u00e9s - hossz\u00fa sz\u00f6veghez\">A meleg vid\u00e9keken hossz\u00fa h\u00f3napokon kereszt\u00fcl vir\u00e1gzik, m\u00edg szoban\u00f6v\u00e9nyk\u00e9nt megfelel\u0151 f\u00e9ny \u00e9s h\u0151m\u00e9rs\u00e9klet mellett \u00e1ltal\u00e1ban tavasszal \u00e9s ny\u00e1ron, esetenk\u00e9nt egy m\u00e1sodik hull\u00e1mban \u0151sszel hozza l\u00e1tv\u00e1nyos vir\u00e1gait.<\/span><\/p>\n<p>A sivatagi r\u00f3zs\u00e1nak ma m\u00e1r rengeteg nemes\u00edtett v\u00e1ltozata l\u00e9tezik. Tal\u00e1lkozhatunk s\u00f6t\u00e9t, szinte feket\u00e9nek hat\u00f3 vir\u00e1g\u00fa, tarka level\u0171, miniat\u0171r, egyszer\u0171 \u00e9s telt vir\u00e1g\u00fa fajt\u00e1kkal is, ez\u00e9rt a gy\u0171jt\u0151k k\u00f6r\u00e9ben k\u00fcl\u00f6n\u00f6sen n\u00e9pszer\u0171 n\u00f6v\u00e9nny\u00e9 v\u00e1lt.<\/p>\n<h2>T\u00f6bb mint k\u00e9tsz\u00e1z \u00e9ve ismeri a tudom\u00e1ny<\/h2>\n<p>A sivatagi r\u00f3zsa tudom\u00e1nyos t\u00f6rt\u00e9nete a 18. sz\u00e1zad v\u00e9g\u00e9ig ny\u00falik vissza. 1775-ben m\u00e9g Nerium obesum n\u00e9ven \u00edrt\u00e1k le, k\u00e9s\u0151bb azonban \u00f6n\u00e1ll\u00f3 nemzets\u00e9gbe sorolt\u00e1k, \u00e9s 1819-ben kapta az Adenium obesum nevet.<\/p>\n<p>Az Adenium elnevez\u00e9s \u00c1den t\u00e9rs\u00e9g\u00e9hez kapcsol\u00f3dik, m\u00edg az obesum latinul nagyj\u00e1b\u00f3l \u201ek\u00f6v\u00e9r\u201d, \u201emegvastagodott\u201d jelent\u00e9s\u0171, \u00e9s a n\u00f6v\u00e9ny jellegzetesen vaskos t\u00f6rzs\u00e9re utal.<\/p>\n<blockquote class=\"_ce_measure_widget\" data-ce-measure-widget=\"Id\u00e9zet\">\n<p>A 19. sz\u00e1zadban botanikus kertek k\u00f6zvet\u00edt\u00e9s\u00e9vel Eur\u00f3p\u00e1ban is egyre ismertebb\u00e9 v\u00e1lt. Egzotikus form\u00e1ja \u00e9s l\u00e1tv\u00e1nyos vir\u00e1gz\u00e1sa miatt hamar felkeltette a n\u00f6v\u00e9nykedvel\u0151k figyelm\u00e9t, majd a nemes\u00edt\u00e9snek k\u00f6sz\u00f6nhet\u0151en egyre t\u00f6bb sz\u00edn- \u00e9s formav\u00e1ltozata jelent meg.<\/p>\n<\/blockquote>\n<p><a href=\"https:\/\/s.24.hu\/app\/uploads\/sites\/11\/2026\/08\/thevetia2-adenium-1800165_1280.jpg\"><\/a><\/p>\n<figure aria-describedby=\"caption-378814\" class=\"wp-caption alignnone\"><img loading=\"lazy\" decoding=\"async\" class=\"alignnone size-full wp-image-378814\" src=\"https:\/\/s.24.hu\/app\/uploads\/sites\/11\/2026\/08\/thevetia2-adenium-1800165_1280.jpg\" alt=\"\" width=\"1280\" height=\"960\" title=\"Sivatagi r\u00f3zsa gondoz\u00e1sa: minden, amit az egzotikus n\u00f6v\u00e9nyr\u0151l tudni \u00e9rdemes 3\" \/><figcaption class=\"wp-caption-text\"><span class=\"a-imgSource\">Pixabay<\/span><\/figcaption><\/figure>\n\n<p>Napjainkban m\u00e1r nemcsak botanikai k\u00fcl\u00f6nlegess\u00e9gk\u00e9nt tal\u00e1lkozhatunk vele: szoban\u00f6v\u00e9nyk\u00e9nt, teraszn\u00f6v\u00e9nyk\u00e9nt, \u00e9s bonsai jelleg\u0171 d\u00edszn\u00f6v\u00e9nyk\u00e9nt is egyre n\u00e9pszer\u0171bb.<\/p>\n<h2>A kitart\u00e1s \u00e9s az \u00e9leter\u0151 szimb\u00f3luma<\/h2>\n<p>A sivatagi r\u00f3zs\u00e1hoz sz\u00e1mos szimbolikus jelent\u00e9st is t\u00e1rs\u00edtanak. Nem neh\u00e9z meg\u00e9rteni, mi\u00e9rt v\u00e1lt els\u0151sorban a kitart\u00e1s, az \u00e1llhatatoss\u00e1g \u00e9s a t\u00fal\u00e9l\u00e9s jelk\u00e9p\u00e9v\u00e9.<\/p>\n<p><span class=\"highlight-block-small _ce_measure_widget\" data-ce-measure-widget=\"Kiemel\u00e9s - hossz\u00fa sz\u00f6veghez\">Olyan vid\u00e9keken k\u00e9pes \u00e9letben maradni, ahol hossz\u00fa id\u0151n kereszt\u00fcl alig hullik csapad\u00e9k. Megvastagodott t\u00f6rzs\u00e9ben vizet rakt\u00e1roz, majd amikor ism\u00e9t kedvez\u0151bbek lesznek a k\u00f6r\u00fclm\u00e9nyek, l\u00e1tv\u00e1nyos vir\u00e1gokkal bor\u00edtja be \u00e1gait. Emiatt gyakran az er\u0151, a rem\u00e9ny \u00e9s a neh\u00e9zs\u00e9gek ut\u00e1ni meg\u00fajul\u00e1s jelk\u00e9pek\u00e9nt tekintenek r\u00e1.<\/span><\/p>\n<p>\u00c9l\u00e9nk, gyakran m\u00e9ly r\u00f3zsasz\u00edn \u00e9s v\u00f6r\u00f6s vir\u00e1gai miatt a szerelemmel \u00e9s a szenved\u00e9llyel is kapcsolatba hozz\u00e1k.<\/p>\n<p>D\u00e9lkelet-\u00c1zsia egyes r\u00e9szein, k\u00fcl\u00f6n\u00f6sen Thaif\u00f6ld\u00f6n, szerencs\u00e9t \u00e9s j\u00f3l\u00e9tet hoz\u00f3 n\u00f6v\u00e9nyk\u00e9nt tartj\u00e1k sz\u00e1mon, a feng shuihoz kapcsol\u00f3d\u00f3 modern \u00e9rtelmez\u00e9sek szerint pedig az otthonban tartott adenium a b\u0151s\u00e9get, a pozit\u00edv energi\u00e1t \u00e9s a harmonikus kapcsolatokat jelk\u00e9pezheti.<\/p>\n<p><a href=\"https:\/\/s.24.hu\/app\/uploads\/sites\/11\/2026\/08\/nyj2021fin-desert-flower-800984_1280.jpg\"><\/a><\/p>\n<figure aria-describedby=\"caption-378816\" class=\"wp-caption alignnone\"><img decoding=\"async\" loading=\"lazy\" class=\"alignnone size-full wp-image-378816\" src=\"https:\/\/s.24.hu\/app\/uploads\/sites\/11\/2026\/08\/nyj2021fin-desert-flower-800984_1280.jpg\" alt=\"\" width=\"1280\" height=\"853\" title=\"Sivatagi r\u00f3zsa gondoz\u00e1sa: minden, amit az egzotikus n\u00f6v\u00e9nyr\u0151l tudni \u00e9rdemes 4\" \/><figcaption class=\"wp-caption-text\"><span class=\"a-imgSource\">Pixabay<\/span><\/figcaption><\/figure>\n\n<h2>Gy\u00f6ny\u00f6r\u0171, de m\u00e9rgez\u0151<\/h2>\n<p>A sivatagi r\u00f3zsa a met\u00e9ngf\u00e9l\u00e9k csal\u00e1dj\u00e1ba tartozik, ak\u00e1rcsak a leander. S\u00e9r\u00fcl\u00e9skor a t\u00f6rzs\u00e9b\u0151l, \u00e1gaib\u00f3l \u00e9s leveleib\u0151l tejszer\u0171, ragad\u00f3s n\u00f6v\u00e9nyi nedv sziv\u00e1roghat, ami m\u00e9rgez\u0151 vegy\u00fcleteket tartalmaz. A n\u00f6v\u00e9ny \u0151shaz\u00e1j\u00e1nak egyes vid\u00e9kein ezt a nedvet hagyom\u00e1nyosan m\u00e9g ny\u00edlm\u00e9reg k\u00e9sz\u00edt\u00e9s\u00e9re is felhaszn\u00e1lt\u00e1k.<\/p>\n<p><span class=\"highlight-block-small _ce_measure_widget\" data-ce-measure-widget=\"Kiemel\u00e9s - hossz\u00fa sz\u00f6veghez\">Metsz\u00e9skor \u00e9s \u00e1t\u00fcltet\u00e9skor c\u00e9lszer\u0171 keszty\u0171t viselni, a n\u00f6v\u00e9nyi nedvvel val\u00f3 \u00e9rintkez\u00e9s ut\u00e1n pedig alaposan kezet mosni. Kisgyermekekt\u0151l \u00e9s h\u00e1zi\u00e1llatokt\u00f3l mindenk\u00e9ppen t\u00e1vol kell tartani.<\/span><\/p>\n<p>Egzotikus megjelen\u00e9se \u00e9s m\u00e9rgez\u0151 volta ellen\u00e9re a sivatagi r\u00f3zsa nem felt\u00e9tlen\u00fcl csak tapasztalt n\u00f6v\u00e9nygy\u0171jt\u0151knek val\u00f3. Ha megkapja azt, amihez haz\u00e1j\u00e1ban hozz\u00e1szokott \u2013 sok f\u00e9nyt, meleget, laza talajt \u00e9s megfelel\u0151en visszafogott \u00f6nt\u00f6z\u00e9st \u2013, lak\u00e1sban is hossz\u00fa \u00e9veken \u00e1t nevelhet\u0151, \u00e9s rendszeresen vir\u00e1gz\u00e1sra b\u00edrhat\u00f3.<\/p>\n<h2>A sivatagi r\u00f3zsa gondoz\u00e1sa<\/h2>\n<p>A sivatagi r\u00f3zsa gondoz\u00e1s\u00e1nak kulcsa, hogy min\u00e9l ink\u00e1bb ut\u00e1nozzuk term\u00e9szetes \u00e9l\u0151hely\u00e9nek k\u00f6r\u00fclm\u00e9nyeit: sok napf\u00e9nyt, meleget, laza, gyorsan sz\u00e1rad\u00f3 talajt \u00e9s visszafogott \u00f6nt\u00f6z\u00e9st ig\u00e9nyel. B\u00e1r egzotikus n\u00f6v\u00e9nynek t\u0171nik, megfelel\u0151 helyen tartva nem k\u00fcl\u00f6n\u00f6sebben neh\u00e9z nevelni.<\/p>\n<p><a class=\"m-nextGallery _ce_measure_widget _ce_measure_link\" href=\"https:\/\/sokszinuvidek.24.hu\/kertunk-portank\/2026\/09\/03\/sivatagi-rozsa-gondozas-egzotikus-noveny\/?gallery=1\/1\/grafted_adenium_obesum_plant_uthandi_apr22_d72_23206.jpg\" data-ce-measure-widget=\"gallery-open\"><\/a><\/p>\n<div class=\"m-nextGallery__featureImageCnt\">\n\t\t<img decoding=\"async\" loading=\"lazy\" width=\"960\" height=\"1280\" src=\"https:\/\/s.24.hu\/app\/uploads\/sites\/11\/2026\/08\/grafted_adenium_obesum_plant_uthandi_apr22_d72_23206.jpg\" class=\"m-nextGallery__featureImage wp-image-378817\" alt=\"\" \/>\t<\/div>\n<div class=\"m-nextGallery__thumbnailCnt\">\n<div class=\"m-nextGallery__thumbnail\">\n<div class=\"m-nextGallery__thumbnailAspectRatio\"><img decoding=\"async\" loading=\"lazy\" width=\"679\" height=\"1024\" src=\"https:\/\/s.24.hu\/app\/uploads\/sites\/11\/2026\/08\/gettyimages-492767139.jpg\" class=\"m-nextGallery__thumbnailImage wp-image-378818\" alt=\"\" \/><\/div>\n<\/div>\n<div class=\"m-nextGallery__thumbnail\">\n<div class=\"m-nextGallery__thumbnailAspectRatio\"><img decoding=\"async\" loading=\"lazy\" width=\"681\" height=\"1024\" src=\"https:\/\/s.24.hu\/app\/uploads\/sites\/11\/2026\/08\/gettyimages-453374508.jpg\" class=\"m-nextGallery__thumbnailImage wp-image-378819\" alt=\"\" \/><\/div>\n<\/div>\n<div class=\"m-nextGallery__thumbnail\">\n<div class=\"m-nextGallery__thumbnailAspectRatio\"><img decoding=\"async\" loading=\"lazy\" width=\"1280\" height=\"1109\" src=\"https:\/\/s.24.hu\/app\/uploads\/sites\/11\/2026\/08\/nyj2021fin-adenium-833769_1280.jpg\" class=\"m-nextGallery__thumbnailImage wp-image-378820\" alt=\"\" \/><\/div>\n<\/div>\n<div class=\"m-nextGallery__thumbnail -last\">\n<div class=\"m-nextGallery__thumbnailAspectRatio\"><img decoding=\"async\" loading=\"lazy\" width=\"1280\" height=\"960\" src=\"https:\/\/s.24.hu\/app\/uploads\/sites\/11\/2026\/08\/white_desert_rose.jpg\" class=\"m-nextGallery__thumbnailImage wp-image-378821\" alt=\"\" \/><\/div>\n<div class=\"m-nextGallery__summary\">\n\t\t\t\t<span class=\"m-nextGallery__summaryIcon\">\n<p>\t\t\t\t<\/p><\/span><br \/>\n\t\t\t\t<span class=\"m-nextGallery__summaryText\"><b>5<\/b> fot\u00f3<\/span>\n\t\t\t<\/div>\n<\/div>\n<\/div>\n<p><\/p>\n<p><strong>F\u00e9nyig\u00e9nye: <\/strong>A sivatagi r\u00f3zsa igazi napim\u00e1d\u00f3 n\u00f6v\u00e9ny. Naponta legal\u00e1bb 6 \u00f3ra er\u0151s, lehet\u0151leg k\u00f6zvetlen napf\u00e9nyt \u00e9rdemes biztos\u00edtani sz\u00e1m\u00e1ra. Lak\u00e1sban a d\u00e9li vagy nyugati fekv\u00e9s\u0171 ablakp\u00e1rk\u00e1ny lehet sz\u00e1m\u00e1ra a legjobb hely. Ha kev\u00e9s a term\u00e9szetes f\u00e9ny, n\u00f6v\u00e9nynevel\u0151 l\u00e1mp\u00e1val is kieg\u00e9sz\u00edthetj\u00fck a megvil\u00e1g\u00edt\u00e1st.<\/p>\n<p><span class=\"highlight-block-small _ce_measure_widget\" data-ce-measure-widget=\"Kiemel\u00e9s - hossz\u00fa sz\u00f6veghez\">Tavasszal \u00e9s ny\u00e1ron a szabadba is kitehetj\u00fck, de nem c\u00e9lszer\u0171 egyik napr\u00f3l a m\u00e1sikra t\u0171z\u0151 napra \u00e1ll\u00edtani.<\/span><\/p>\n<p>A kinti napsug\u00e1rz\u00e1s j\u00f3val er\u0151sebb ann\u00e1l, amit a lak\u00e1sban megszokott, ez\u00e9rt el\u0151sz\u00f6r f\u00e9l\u00e1rny\u00e9kos helyre ker\u00fclj\u00f6n, majd fokozatosan szoktassuk a k\u00f6zvetlen naps\u00fct\u00e9shez. Ellenkez\u0151 esetben levelei megperzsel\u0151dhetnek.<\/p>\n<p><strong>\u00d6nt\u00f6z\u00e9se: <\/strong>A sivatagi r\u00f3zsa vastag t\u00f6rzs\u00e9ben vizet rakt\u00e1roz, ez\u00e9rt sokkal jobban viseli az \u00e1tmeneti sz\u00e1razs\u00e1got, mint a t\u00fal\u00f6nt\u00f6z\u00e9st. A legnagyobb vesz\u00e9lyt a pang\u00f3 v\u00edz \u00e9s a gy\u00f6k\u00e9rrothad\u00e1s jelenti, ez\u00e9rt mindig lyukas alj\u00fa cser\u00e9pben tartsuk, \u00e9s az al\u00e1t\u00e9tben \u00f6sszegy\u0171lt vizet \u00f6nts\u00fck ki.<\/p>\n<blockquote class=\"_ce_measure_widget\" data-ce-measure-widget=\"Id\u00e9zet\">\n<p>A legfontosabb szab\u00e1ly, hogy k\u00e9t \u00f6nt\u00f6z\u00e9s k\u00f6z\u00f6tt hagyjuk a f\u00f6ldj\u00e9t kisz\u00e1radni. Tavasszal \u00e9s ny\u00e1ron, amikor akt\u00edvan n\u00f6vekszik \u00e9s vir\u00e1gzik, rendszeresebben kaphat vizet, de a f\u00f6ldje soha ne \u00e1lljon tart\u00f3san nedvesen.<\/p>\n<\/blockquote>\n<p>Nem \u00e9rdemes mereven p\u00e9ld\u00e1ul heti egyszeri \u00f6nt\u00f6z\u00e9shez ragaszkodni. A gyakoris\u00e1g f\u00fcgg a h\u0151m\u00e9rs\u00e9klett\u0151l, a cser\u00e9p m\u00e9ret\u00e9t\u0151l, a talajt\u00f3l \u00e9s a f\u00e9nyviszonyokt\u00f3l is. Meleg, napos id\u0151ben ak\u00e1r 1-2 hetente is sz\u00fcks\u00e9ge lehet v\u00edzre, h\u0171v\u00f6sebb k\u00f6r\u00fclm\u00e9nyek k\u00f6z\u00f6tt enn\u00e9l ritk\u00e1bban.<\/p>\n<p><a href=\"https:\/\/s.24.hu\/app\/uploads\/sites\/11\/2026\/08\/adenium_flower_and_caudices.jpg\"><\/a><\/p>\n<figure aria-describedby=\"caption-378822\" class=\"wp-caption alignnone\"><img decoding=\"async\" loading=\"lazy\" class=\"alignnone size-full wp-image-378822\" src=\"https:\/\/s.24.hu\/app\/uploads\/sites\/11\/2026\/08\/adenium_flower_and_caudices.jpg\" alt=\"\" width=\"960\" height=\"1440\" title=\"Sivatagi r\u00f3zsa gondoz\u00e1sa: minden, amit az egzotikus n\u00f6v\u00e9nyr\u0151l tudni \u00e9rdemes 5\" \/><figcaption class=\"wp-caption-text\"><span class=\"a-imgSource\">Wikimedia commons<\/span><\/figcaption><\/figure>\n\n<p><strong>Talaja: <\/strong>A hagyom\u00e1nyos, t\u00e1panyagban gazdag, sok vizet megtart\u00f3 vir\u00e1gf\u00f6ld \u00f6nmag\u00e1ban nem ide\u00e1lis sz\u00e1m\u00e1ra.<\/p>\n<p>A sivatagi r\u00f3zsa laza, homokos, kavicsos, kiv\u00e1l\u00f3 v\u00edzelvezet\u00e9s\u0171 k\u00f6zeget szereti. A legegyszer\u0171bb v\u00e1laszt\u00e1s egy j\u00f3 min\u0151s\u00e9g\u0171 kaktusz- vagy pozsg\u00e1sf\u00f6ld, amit sz\u00fcks\u00e9g eset\u00e9n perlittel, durv\u00e1bb homokkal vagy m\u00e1s \u00e1sv\u00e1nyi \u00f6sszetev\u0151vel tov\u00e1bb laz\u00edthatunk.<\/p>\n<p><strong>H\u0151m\u00e9rs\u00e9klet \u00e9s p\u00e1ratartalom:<\/strong> A sivatagi r\u00f3zsa szereti a meleget. Nagyj\u00e1b\u00f3l 19-32 \u00b0C k\u00f6z\u00f6tt fejl\u0151dik a legszebben, \u00e9s a ny\u00e1ri 30 fok feletti h\u0151s\u00e9get is kifejezetten j\u00f3l viseli. A hideget ezzel szemben rosszul t\u0171ri. 10 \u00b0C alatt m\u00e1r nem \u00e9rzi j\u00f3l mag\u00e1t, tart\u00f3s hidegben pedig k\u00e1rosodhat vagy elpusztulhat. Ez\u00e9rt \u0151sszel id\u0151ben vigy\u00fck be a szabadb\u00f3l.<\/p>\n<p><span class=\"highlight-block-small _ce_measure_widget\" data-ce-measure-widget=\"Kiemel\u00e9s - hossz\u00fa sz\u00f6veghez\">K\u00fcl\u00f6n p\u00e1r\u00e1s\u00edt\u00e1st nem ig\u00e9nyel. A norm\u00e1l lak\u00e1sp\u00e1ratartalom megfelel sz\u00e1m\u00e1ra, \u00e9s permetezni sem sz\u00fcks\u00e9ges. B\u00e1r sz\u00e1raz \u00e9ghajlatr\u00f3l sz\u00e1rmazik, megfelel\u0151 v\u00edzelvezet\u00e9s mellett a magasabb leveg\u0151-p\u00e1ratartalmat is elviselheti.<\/span><\/p>\n<p><strong>T\u00e1poldatoz\u00e1s:<\/strong> A n\u00f6veked\u00e9si id\u0151szakban id\u0151nk\u00e9nt t\u00e1poldattal is seg\u00edthetj\u00fck fejl\u0151d\u00e9s\u00e9t \u00e9s vir\u00e1gz\u00e1s\u00e1t. Tavasszal \u00e9s ny\u00e1ron haszn\u00e1lhatunk pozsg\u00e1sokhoz vagy vir\u00e1gz\u00f3 n\u00f6v\u00e9nyekhez val\u00f3 t\u00e1poldatot, lehet\u0151leg m\u00e9rs\u00e9keltebb adagban. A vir\u00e1gz\u00e1s t\u00e1mogat\u00e1s\u00e1ra foszfort is tartalmaz\u00f3 k\u00e9sz\u00edtm\u00e9ny lehet megfelel\u0151.<\/p>\n<p>\u0150sszel \u00e9s t\u00e9len, amikor a n\u00f6v\u00e9ny pihen, a t\u00e1poldatoz\u00e1st hagyjuk abba.<\/p>\n<h2>\u00c1t\u00fcltet\u00e9s, metsz\u00e9s \u00e9s szapor\u00edt\u00e1s<\/h2>\n<p>A sivatagi r\u00f3zsa lass\u00fa n\u00f6veked\u00e9s\u0171, ez\u00e9rt nem ig\u00e9nyel gyakori \u00e1t\u00fcltet\u00e9st. \u00c1ltal\u00e1ban k\u00e9t-h\u00e1rom \u00e9vente, vagy akkor \u00e9rdemes nagyobb cser\u00e9pbe tenni, amikor a megvastagodott t\u00f6rzsr\u00e9sz \u00e9s a gy\u00f6kerek m\u00e1r l\u00e1that\u00f3an kin\u0151tt\u00e9k a jelenlegi ed\u00e9nyt. A legjobb id\u0151pont tavasszal vagy kora ny\u00e1ron, amikor a n\u00f6v\u00e9ny akt\u00edv n\u00f6veked\u00e9si id\u0151szakba l\u00e9p. T\u00e9len, a nyugalmi id\u0151szakban ink\u00e1bb ne bolygassuk.<\/p>\n<blockquote class=\"_ce_measure_widget\" data-ce-measure-widget=\"Id\u00e9zet\">\n<p>Nem \u00e9rdemes t\u00fal nagy cserepet v\u00e1lasztani: el\u00e9g, ha az \u00faj ed\u00e9ny csak n\u00e9h\u00e1ny centim\u00e9terrel nagyobb a r\u00e9gin\u00e9l. A t\u00falm\u00e9retezett cser\u00e9pben sok\u00e1ig nedves maradhat a f\u00f6ld, ami n\u00f6veli a gy\u00f6k\u00e9rrothad\u00e1s vesz\u00e9ly\u00e9t.<\/p>\n<\/blockquote>\n<p>\u00a0<\/p>\n<p><a class=\"m-nextGallery _ce_measure_widget _ce_measure_link\" href=\"https:\/\/sokszinuvidek.24.hu\/kertunk-portank\/2026\/09\/03\/sivatagi-rozsa-gondozas-egzotikus-noveny\/?gallery=2\/1\/iqbalstock-adenium-7181700_1280.jpg\" data-ce-measure-widget=\"gallery-open\"><\/a><\/p>\n<div class=\"m-nextGallery__featureImageCnt\">\n\t\t<img decoding=\"async\" loading=\"lazy\" width=\"1280\" height=\"853\" src=\"https:\/\/s.24.hu\/app\/uploads\/sites\/11\/2026\/08\/iqbalstock-adenium-7181700_1280.jpg\" class=\"m-nextGallery__featureImage wp-image-378823\" alt=\"\" \/>\t<\/div>\n<div class=\"m-nextGallery__thumbnailCnt\">\n<div class=\"m-nextGallery__thumbnail\">\n<div class=\"m-nextGallery__thumbnailAspectRatio\"><img decoding=\"async\" loading=\"lazy\" width=\"960\" height=\"1280\" src=\"https:\/\/s.24.hu\/app\/uploads\/sites\/11\/2026\/08\/adenium_seedlings_one_week_old.jpg\" class=\"m-nextGallery__thumbnailImage wp-image-378824\" alt=\"\" \/><\/div>\n<\/div>\n<div class=\"m-nextGallery__thumbnail -last\">\n<div class=\"m-nextGallery__thumbnailAspectRatio\"><img decoding=\"async\" loading=\"lazy\" width=\"1280\" height=\"856\" src=\"https:\/\/s.24.hu\/app\/uploads\/sites\/11\/2026\/08\/young_adenium_seedlings.jpg\" class=\"m-nextGallery__thumbnailImage wp-image-378825\" alt=\"\" \/><\/div>\n<div class=\"m-nextGallery__summary\">\n\t\t\t\t<span class=\"m-nextGallery__summaryIcon\">\n<p>\t\t\t\t<\/p><\/span><br \/>\n\t\t\t\t<span class=\"m-nextGallery__summaryText\"><b>3<\/b> fot\u00f3<\/span>\n\t\t\t<\/div>\n<\/div>\n<\/div>\n<p><\/p>\n<p><strong>Szapor\u00edt\u00e1sa: <\/strong>A sivatagi r\u00f3zsa hajt\u00e1sdugv\u00e1nyr\u00f3l \u00e9s magr\u00f3l is szapor\u00edthat\u00f3. A dugv\u00e1nyos szapor\u00edt\u00e1shoz f\u00e9lf\u00e1s hajt\u00e1st v\u00e1lasszunk, amit lehet\u0151leg a melegebb id\u0151szakban v\u00e1gjunk le. A lev\u00e1gott dugv\u00e1nyt nem \u00e9rdemes azonnal f\u00f6ldbe tenni. Hagyjuk a v\u00e1g\u00e1si fel\u00fclet\u00e9t n\u00e9h\u00e1ny napig \u2013 ak\u00e1r nagyj\u00e1b\u00f3l egy h\u00e9tig \u2013 besz\u00e1radni, majd laza, enyh\u00e9n nedves, homokos vagy pozsg\u00e1soknak val\u00f3 k\u00f6zegbe \u00fcltess\u00fck.<\/p>\n<p><span class=\"highlight-block-small _ce_measure_widget\" data-ce-measure-widget=\"Kiemel\u00e9s - hossz\u00fa sz\u00f6veghez\">Meleg, vil\u00e1gos k\u00f6rnyezetben gy\u00f6kereztess\u00fck, de k\u00f6zben k\u00fcl\u00f6n\u00f6sen \u00fcgyelj\u00fcnk arra, hogy a f\u00f6ld ne legyen tart\u00f3san vizes.<\/span><\/p>\n<p>A dugv\u00e1nyr\u00f3l nevelt p\u00e9ld\u00e1nyok el\u0151nye, hogy viszonylag gyorsan \u00faj n\u00f6v\u00e9nyt kaphatunk, ugyanakkor nem mindig fejlesztenek olyan l\u00e1tv\u00e1nyos, megvastagodott caudexet, mint a magr\u00f3l nevelt egyedek.<\/p>\n<p>A sivatagi r\u00f3zsa magvet\u00e9ssel is j\u00f3l szapor\u00edthat\u00f3, \u00e9s ha igaz\u00e1n hangs\u00falyos, vaskos t\u00f6rzs\u0171 n\u00f6v\u00e9nyt szeretn\u00e9nk, ez az egyik legjobb m\u00f3dszer. A magokat laza, j\u00f3 v\u00edzelvezet\u00e9s\u0171, lehet\u0151leg steril k\u00f6zegbe vess\u00fck. A cs\u00edr\u00e1z\u00e1shoz magas, k\u00f6r\u00fclbel\u00fcl 25-30 \u00b0C-os h\u0151m\u00e9rs\u00e9klet kedvez\u0151.<\/p>\n<blockquote class=\"_ce_measure_widget\" data-ce-measure-widget=\"Id\u00e9zet\">\n<p>Megfelel\u0151 k\u00f6r\u00fclm\u00e9nyek k\u00f6z\u00f6tt a magok n\u00e9h\u00e1ny h\u00e9ten bel\u00fcl cs\u00edr\u00e1z\u00e1snak indulhatnak. Amikor a fiatal n\u00f6v\u00e9nyek m\u00e1r t\u00f6bb val\u00f3di levelet fejlesztettek, k\u00fcl\u00f6n cserepekbe \u00fcltethet\u0151k.<\/p>\n<\/blockquote>\n<p>A magr\u00f3l nevelt sivatagi r\u00f3zsa lassan \u00e9p\u00edti fel jellegzetes, vastag t\u00f6rzs\u00e9t, de \u00e9ppen ez\u00e9rt id\u0151vel l\u00e1tv\u00e1nyosabb, szoborszer\u0171 form\u00e1t alak\u00edthat ki.<\/p>\n<p><a href=\"https:\/\/s.24.hu\/app\/uploads\/sites\/11\/2026\/08\/adenium_obesum_123.jpg\"><\/a><\/p>\n<figure aria-describedby=\"caption-378826\" class=\"wp-caption alignnone\"><img decoding=\"async\" loading=\"lazy\" class=\"alignnone size-full wp-image-378826\" src=\"https:\/\/s.24.hu\/app\/uploads\/sites\/11\/2026\/08\/adenium_obesum_123.jpg\" alt=\"\" width=\"1280\" height=\"960\" title=\"Sivatagi r\u00f3zsa gondoz\u00e1sa: minden, amit az egzotikus n\u00f6v\u00e9nyr\u0151l tudni \u00e9rdemes 6\" \/><figcaption class=\"wp-caption-text\"><span class=\"a-imgSource\">Wikimedia commons<\/span><\/figcaption><\/figure>\n\n<p><strong>Metsz\u00e9se:<\/strong> A sivatagi r\u00f3zsa metsz\u00e9se nem felt\u00e9tlen\u00fcl k\u00f6telez\u0151, de seg\u00edt abban, hogy t\u00f6m\u00f6ttebb, bokrosabb \u00e9s szab\u00e1lyosabb form\u00e1j\u00fa maradjon. A komolyabb metsz\u00e9s legjobb id\u0151pontja kora tavasszal, k\u00f6zvetlen\u00fcl az akt\u00edv n\u00f6veked\u00e9s kezdete el\u0151tt. Ilyenkor t\u00e1vol\u00edtsuk el az elhalt, beteg, s\u00e9r\u00fclt vagy t\u00fal hossz\u00fa \u00e1gakat. A t\u00e9len k\u00e9pz\u0151d\u00f6tt v\u00e9kony, gyenge hajt\u00e1sokat tavasszal szint\u00e9n c\u00e9lszer\u0171 elt\u00e1vol\u00edtani.<\/p>\n<p><span class=\"highlight-block-small _ce_measure_widget\" data-ce-measure-widget=\"Kiemel\u00e9s - hossz\u00fa sz\u00f6veghez\">Mivel a sivatagi r\u00f3zsa m\u00e9rgez\u0151 tejnedvet tartalmaz, metsz\u00e9skor mindig viselj\u00fcnk keszty\u0171t, \u00e9s a munka ut\u00e1n alaposan mossunk kezet.<\/span><\/p>\n<h2>Teleltet\u00e9se<\/h2>\n<p>\u0150sszel a sivatagi r\u00f3zsa n\u00f6veked\u00e9se lelassulhat, levelei egy r\u00e9sz\u00e9t vagy ak\u00e1r valamennyit is elvesz\u00edtheti. Ez nem felt\u00e9tlen\u00fcl jelent probl\u00e9m\u00e1t: term\u00e9szetes nyugalmi id\u0151szak\u00e1nak r\u00e9sze lehet. T\u00e9len vil\u00e1gos, fagymentes helyen tartsuk, lehet\u0151leg k\u00f6r\u00fclbel\u00fcl 10-15 \u00b0C-os h\u0151m\u00e9rs\u00e9kleten.<\/p>\n<p><span class=\"highlight-block-small _ce_measure_widget\" data-ce-measure-widget=\"Kiemel\u00e9s - hossz\u00fa sz\u00f6veghez\">Az \u00f6nt\u00f6z\u00e9st ilyenkor er\u0151sen vissza kell fogni. H\u0171v\u00f6s teleltet\u00e9s mellett ak\u00e1r t\u00f6bb h\u00e9t is eltelhet k\u00e9t \u00f6nt\u00f6z\u00e9s k\u00f6z\u00f6tt. Egyes k\u00f6r\u00fclm\u00e9nyek k\u00f6z\u00f6tt el\u00e9g lehet k\u00f6r\u00fclbel\u00fcl havonta kev\u00e9s vizet adni, de mindig a n\u00f6v\u00e9ny \u00e9s a talaj \u00e1llapot\u00e1hoz igazodjunk.<\/span><\/p>\n<p>Min\u00e9l h\u0171v\u00f6sebb helyen telel, ann\u00e1l kevesebb vizet ig\u00e9nyel. A hideg \u00e9s a nedves f\u00f6ld egy\u00fctt k\u00fcl\u00f6n\u00f6sen k\u00f6nnyen gy\u00f6k\u00e9rrothad\u00e1shoz vezethet.<\/p>\n<p><a class=\"m-nextGallery _ce_measure_widget _ce_measure_link\" href=\"https:\/\/sokszinuvidek.24.hu\/kertunk-portank\/2026\/09\/03\/sivatagi-rozsa-gondozas-egzotikus-noveny\/?gallery=3\/1\/adenium_obesum_-_marie_selby_botanical_gardens_-_sarasota_florida_-_dsc01083.jpg\" data-ce-measure-widget=\"gallery-open\"><\/a><\/p>\n<div class=\"m-nextGallery__featureImageCnt\">\n\t\t<img decoding=\"async\" loading=\"lazy\" width=\"960\" height=\"1298\" src=\"https:\/\/s.24.hu\/app\/uploads\/sites\/11\/2026\/08\/adenium_obesum_-_marie_selby_botanical_gardens_-_sarasota_florida_-_dsc01083.jpg\" class=\"m-nextGallery__featureImage wp-image-378827\" alt=\"\" \/>\t<\/div>\n<div class=\"m-nextGallery__thumbnailCnt\">\n<div class=\"m-nextGallery__thumbnail\">\n<div class=\"m-nextGallery__thumbnailAspectRatio\"><img decoding=\"async\" loading=\"lazy\" width=\"1280\" height=\"959\" src=\"https:\/\/s.24.hu\/app\/uploads\/sites\/11\/2026\/08\/e6b299e6bca0e78eabe791b0_adenium_obesum_-_panoramio.jpg\" class=\"m-nextGallery__thumbnailImage wp-image-378829\" alt=\"\" \/><\/div>\n<\/div>\n<div class=\"m-nextGallery__thumbnail -last\">\n<div class=\"m-nextGallery__thumbnailAspectRatio\"><img decoding=\"async\" loading=\"lazy\" width=\"1280\" height=\"853\" src=\"https:\/\/s.24.hu\/app\/uploads\/sites\/11\/2026\/08\/avijitsc-flowers-7773363_1280.jpg\" class=\"m-nextGallery__thumbnailImage wp-image-378833\" alt=\"\" \/><\/div>\n<div class=\"m-nextGallery__summary\">\n\t\t\t\t<span class=\"m-nextGallery__summaryIcon\">\n<p>\t\t\t\t<\/p><\/span><br \/>\n\t\t\t\t<span class=\"m-nextGallery__summaryText\"><b>3<\/b> fot\u00f3<\/span>\n\t\t\t<\/div>\n<\/div>\n<\/div>\n<p><\/p>\n<h2>5 ok teh\u00e1t, ami\u00e9rt \u00e9rdemes sivatagi r\u00f3zs\u00e1t tartani otthon<\/h2>\n<p><strong>K\u00fcl\u00f6nleges, szoborszer\u0171 megjelen\u00e9se van<\/strong><br \/>\nA sivatagi r\u00f3zsa m\u00e1r \u00f6nmag\u00e1ban is l\u00e1tv\u00e1nyos d\u00edsze lehet egy helyis\u00e9gnek vagy terasznak. Vastag, megduzzadt t\u00f6rzse, f\u00e9nyes z\u00f6ld levelei \u00e9s \u00e9l\u00e9nk sz\u00edn\u0171, t\u00f6lcs\u00e9res vir\u00e1gai miatt szinte egy apr\u00f3 \u00e9l\u0151 szoborra eml\u00e9keztet.<\/p>\n<blockquote class=\"_ce_measure_widget\" data-ce-measure-widget=\"Id\u00e9zet\">\n<p>K\u00fcl\u00f6n\u00f6sen j\u00f3l mutat modern, letisztult enteri\u0151rben, de egzotikus hangulat\u00fa n\u00f6v\u00e9nysarokban is k\u00f6nnyen a figyelem k\u00f6z\u00e9ppontj\u00e1ba ker\u00fclhet.<\/p>\n<\/blockquote>\n<p><strong>Nem ig\u00e9nyel \u00e1lland\u00f3 \u00f6nt\u00f6z\u00e9st<\/strong><br \/>\nPozsg\u00e1s n\u00f6v\u00e9nyk\u00e9nt j\u00f3l alkalmazkodott a sz\u00e1razabb k\u00f6r\u00fclm\u00e9nyekhez, ez\u00e9rt nem kell naponta locsolni vagy folyamatosan ellen\u0151rizni. Arra azonban \u00fcgyelni kell, hogy sok napf\u00e9nyt \u00e9s meleget kapjon, mert ezek n\u00e9lk\u00fcl nem fejl\u0151dik sz\u00e9pen.<\/p>\n<p><strong>Kis helyen is elf\u00e9r<\/strong><br \/>\nA sivatagi r\u00f3zsa cser\u00e9pben viszonylag kompakt marad, ez\u00e9rt kisebb lak\u00e1sban is k\u00f6nnyen helyet tal\u00e1lhatunk neki. Egy napos ablakp\u00e1rk\u00e1ny, vil\u00e1gos t\u00e9likert, erk\u00e9ly vagy terasz is megfelel\u0151 lehet sz\u00e1m\u00e1ra. Metsz\u00e9ssel r\u00e1ad\u00e1sul a form\u00e1ja \u00e9s m\u00e9rete is j\u00f3l alak\u00edthat\u00f3, ez\u00e9rt ak\u00e1r bonsai jelleg\u0171 n\u00f6v\u00e9nyk\u00e9nt is nevelhet\u0151.<\/p>\n<p><strong>Hossz\u00fa \u00e9let\u0171 d\u00edszn\u00f6v\u00e9ny lehet<\/strong><br \/>\nMegfelel\u0151 gondoz\u00e1s mellett a sivatagi r\u00f3zsa hossz\u00fa \u00e9veken \u00e1t vel\u00fcnk maradhat, \u00e9s id\u0151vel egyre karakteresebb form\u00e1t \u00f6lthet.<\/p>\n<p><span class=\"highlight-block-small _ce_measure_widget\" data-ce-measure-widget=\"Kiemel\u00e9s - hossz\u00fa sz\u00f6veghez\">A megvastagodott t\u00f6rzs \u00e9vr\u0151l \u00e9vre l\u00e1tv\u00e1nyosabb\u00e1 v\u00e1lik, \u00edgy a n\u00f6v\u00e9ny sz\u00e9ps\u00e9ge nemcsak a vir\u00e1gz\u00e1sban rejlik. M\u00e9g vir\u00e1g n\u00e9lk\u00fcl is k\u00fcl\u00f6nleges dekor\u00e1ci\u00f3t jelenthet.<\/span><\/p>\n<p>Emellett, mint minden z\u00f6ld n\u00f6v\u00e9ny, a fotoszint\u00e9zis sor\u00e1n sz\u00e9n-dioxidot haszn\u00e1l fel \u00e9s oxig\u00e9nt termel, b\u00e1r nem \u00e9rdemes kifejezetten l\u00e9gtiszt\u00edt\u00f3 n\u00f6v\u00e9nyk\u00e9nt tekinteni r\u00e1.<\/p>\n<p><strong>T\u00e9len szoban\u00f6v\u00e9ny, ny\u00e1ron teraszd\u00edsz lehet<\/strong><br \/>\nA sivatagi r\u00f3zsa egyik nagy el\u0151nye, hogy az \u00e9v k\u00fcl\u00f6nb\u00f6z\u0151 id\u0151szakaiban m\u00e1s-m\u00e1s helyen tarthatjuk. T\u00e9len vil\u00e1gos, fagymentes helyen teleltethet\u0151, tavasszal \u00e9s ny\u00e1ron pedig fokozatos szoktat\u00e1s ut\u00e1n kiker\u00fclhet az erk\u00e9lyre vagy teraszra, ahol a sok napf\u00e9ny k\u00fcl\u00f6n\u00f6sen j\u00f3t tesz neki.<\/p>\n<p>Ha siker\u00fcl megtal\u00e1lni sz\u00e1m\u00e1ra a megfelel\u0151 helyet \u00e9s elker\u00fclni a t\u00fal\u00f6nt\u00f6z\u00e9st, a sivatagi r\u00f3zsa hossz\u00fa \u00e9veken \u00e1t az otthon egyik legk\u00fcl\u00f6nlegesebb n\u00f6v\u00e9nye lehet.<\/p>\n<p>Kor\u00e1bban sokszor \u00edrtunk m\u00e1r szoban\u00f6v\u00e9nyekr\u0151l. P\u00e9ld\u00e1ul meg\u00edrtuk, hogy: <a href=\"https:\/\/sokszinuvidek.24.hu\/kertunk-portank\/2026\/07\/25\/5-noveny-locsolas\/\" target=\"_blank\" rel=\"noopener\">Nem mindegy, mivel locsolsz: 5 n\u00f6v\u00e9ny, ami nem kedveli a csapvizet<\/a>. \u00cdrtunk a<a href=\"https:\/\/sokszinuvidek.24.hu\/kertunk-portank\/2026\/05\/11\/cserepes-kala-gondozasa\/\" target=\"_blank\" rel=\"noopener\"> k\u00e1la gondoz\u00e1s\u00e1r\u00f3l is<\/a>.<\/p>\n<div class=\"o-post__articRecommend m-articRecommend -hasImg cf article-recommendation-container cf _ce_measure_widget\" data-ce-measure-widget=\"Cikkaj\u00e1nl\u00f3 widget\">\n<div class=\"m-articRecommend__widgetTitle\">Kapcsol\u00f3d\u00f3<\/div>\n<div class=\"m-articRecommend__imgWrap image-container\"><a href=\"https:\/\/sokszinuvidek.24.hu\/kertunk-portank\/2026\/04\/14\/orchidea-szobanoveny-otthon\/\" target=\"_self\"><img decoding=\"async\" loading=\"lazy\" width=\"480\" height=\"271\" src=\"https:\/\/s.24.hu\/app\/uploads\/sites\/11\/2026\/04\/gettyimages-1128179755-e1775804579240-480x271.jpg\" class=\"img-responsive wp-post-image\" alt=\"\" \/><\/a><\/div>\n<div class=\"m-articRecommend__cntWrap content-container \">\n\t\t\t<a href=\"https:\/\/sokszinuvidek.24.hu\/kertunk-portank\/2026\/04\/14\/orchidea-szobanoveny-otthon\/\" target=\"_self\" class=\"m-articRecommend__title ar-title\">Ezzel a fill\u00e9res tr\u00fckkel eg\u00e9sz \u00e9vben ontja a vir\u00e1gokat az orchidea<\/a>\n<div class=\"m-articRecommend__lead ar-lead\">Az orchidea nevel\u00e9se igazi m\u0171v\u00e9szet.<\/div>\n<\/div>\n<\/div>\n<p>The post <a href=\"https:\/\/sokszinuvidek.24.hu\/kertunk-portank\/2026\/09\/03\/sivatagi-rozsa-gondozas-egzotikus-noveny\/\" target=\"_blank\">Sivatagi r\u00f3zsa gondoz\u00e1sa: minden, amit az egzotikus n\u00f6v\u00e9nyr\u0151l tudni \u00e9rdemes<\/a> first appeared on <a href=\"https:\/\/sokszinuvidek.24.hu\/\" target=\"_blank\">Soksz\u00edn\u0171 vid\u00e9k<\/a>.<\/p><div id=\"friss-2193849090\" class=\"friss-etarget-cikk-vege friss-entity-placement\"><script type=\"text\/javascript\" id=\"etargetScript7a9b589f63cb072bef80df221f46a22b\">function etargetPostloadFunction7a9b589f63cb072bef80df221f46a22b(){var e=\"etargetPostload7a9b589f63cb072bef80df221f46a22b\",t=\"etargetScript7a9b589f63cb072bef80df221f46a22b\",o=document.getElementById(e);if(o){for(var n=o.offsetTop,d=o.offsetLeft,r=o.offsetWidth,a=o.offsetHeight;o.offsetParent;)o=o.offsetParent,n+=o.offsetTop,d+=o.offsetLeft;var i=(n<=window.pageYOffset+window.innerHeight&&d<window.pageXOffset+window.innerWidth&&n+a>window.pageYOffset&&d+r>window.pageXOffset);if(i&&etargetAllowOtherCheck){allowed=!1;var c=document.createElement(\"script\");return c.src=\"\/\/hu.search.etargetnet.com\/generic\/uni.php?g=ref:58661,area:700x210\",void(document.getElementById(t)&&document.getElementById(e)&&(document.getElementById(t).parentNode.appendChild(c),document.getElementById(t).parentNode.removeChild(document.getElementById(t)),document.getElementById(e).parentNode.removeChild(document.getElementById(e)),document.removeEventListener(\"scroll\",etargetPostloadFunction7a9b589f63cb072bef80df221f46a22b),document.removeEventListener(\"resize\",etargetPostloadFunction7a9b589f63cb072bef80df221f46a22b),document.removeEventListener(\"DOMContentLoaded\",etargetPostloadFunction7a9b589f63cb072bef80df221f46a22b)))}}}var etargetDivID=\"etargetPostload7a9b589f63cb072bef80df221f46a22b\",etargetScriptID=\"etargetScript7a9b589f63cb072bef80df221f46a22b\",etargetPostloadPoint=document.createElement(\"div\");etargetPostloadPoint.id=etargetDivID;var etargetCurScript=document.getElementById(etargetScriptID);etargetCurScript.parentNode.appendChild(etargetPostloadPoint),document.addEventListener(\"scroll\",etargetPostloadFunction7a9b589f63cb072bef80df221f46a22b),document.addEventListener(\"resize\",etargetPostloadFunction7a9b589f63cb072bef80df221f46a22b),document.addEventListener(\"DOMContentLoaded\",etargetPostloadFunction7a9b589f63cb072bef80df221f46a22b);var etargetAllowOtherCheck=!0;if(typeof(\"forceRunPostload\")==\"string\"){etargetPostloadFunction7a9b589f63cb072bef80df221f46a22b()}<\/script><\/div><div id=\"friss-3185127988\" class=\"friss-after-content friss-entity-placement\"><script type=\"text\/javascript\" id=\"etargetScript7a9b589f63cb072bef80df221f46a22b\">function etargetPostloadFunction7a9b589f63cb072bef80df221f46a22b(){var e=\"etargetPostload7a9b589f63cb072bef80df221f46a22b\",t=\"etargetScript7a9b589f63cb072bef80df221f46a22b\",o=document.getElementById(e);if(o){for(var n=o.offsetTop,d=o.offsetLeft,r=o.offsetWidth,a=o.offsetHeight;o.offsetParent;)o=o.offsetParent,n+=o.offsetTop,d+=o.offsetLeft;var i=(n<=window.pageYOffset+window.innerHeight&&d<window.pageXOffset+window.innerWidth&&n+a>window.pageYOffset&&d+r>window.pageXOffset);if(i&&etargetAllowOtherCheck){allowed=!1;var c=document.createElement(\"script\");return c.src=\"\/\/hu.search.etargetnet.com\/generic\/uni.php?g=ref:58661,area:700x210\",void(document.getElementById(t)&&document.getElementById(e)&&(document.getElementById(t).parentNode.appendChild(c),document.getElementById(t).parentNode.removeChild(document.getElementById(t)),document.getElementById(e).parentNode.removeChild(document.getElementById(e)),document.removeEventListener(\"scroll\",etargetPostloadFunction7a9b589f63cb072bef80df221f46a22b),document.removeEventListener(\"resize\",etargetPostloadFunction7a9b589f63cb072bef80df221f46a22b),document.removeEventListener(\"DOMContentLoaded\",etargetPostloadFunction7a9b589f63cb072bef80df221f46a22b)))}}}var etargetDivID=\"etargetPostload7a9b589f63cb072bef80df221f46a22b\",etargetScriptID=\"etargetScript7a9b589f63cb072bef80df221f46a22b\",etargetPostloadPoint=document.createElement(\"div\");etargetPostloadPoint.id=etargetDivID;var etargetCurScript=document.getElementById(etargetScriptID);etargetCurScript.parentNode.appendChild(etargetPostloadPoint),document.addEventListener(\"scroll\",etargetPostloadFunction7a9b589f63cb072bef80df221f46a22b),document.addEventListener(\"resize\",etargetPostloadFunction7a9b589f63cb072bef80df221f46a22b),document.addEventListener(\"DOMContentLoaded\",etargetPostloadFunction7a9b589f63cb072bef80df221f46a22b);var etargetAllowOtherCheck=!0;if(typeof(\"forceRunPostload\")==\"string\"){etargetPostloadFunction7a9b589f63cb072bef80df221f46a22b()}<\/script><\/div><div id=\"friss-4242948808\" class=\"friss-after-content_2 friss-entity-placement\" style=\"clear: both;\"><div class=\"wprss_ajax\" data-id=\"rss2437f8fd1c\"><img loading=\"lazy\" decoding=\"async\" src=\"https:\/\/friss-hirek.hu\/wp-content\/plugins\/wp-rss-retriever\/inc\/imgs\/ajax-loader.gif\" alt=\"Loading RSS Feed\" width=\"16\" height=\"16\"><\/div><\/div><br style=\"clear: both; display: block; float: none;\"\/><div id=\"friss-1970107328\" class=\"friss-after-content_3 friss-entity-placement\">https:\/\/www.youtube.com\/watch?v=Pdnw4KiUWp0<\/div>","protected":false},"excerpt":{"rendered":"<p>Vastag, szoborszer\u0171 t\u00f6rzs, f\u00e9nyes z\u00f6ld levelek \u00e9s l\u00e1tv\u00e1nyos, trombita alak\u00fa vir\u00e1gok \u2013 a sivatagi r\u00f3zsa m\u00e1r els\u0151 pillant\u00e1sra k\u00fcl\u00f6nleges jelens\u00e9g. Az Afrika \u00e9s az Arab-f\u00e9lsziget sz\u00e1raz vid\u00e9keir\u0151l sz\u00e1rmaz\u00f3 pozsg\u00e1s nemcsak sz\u00e9ps\u00e9g\u00e9vel h\u00f3d\u00edt, rendk\u00edv\u00fcli alkalmazkod\u00f3k\u00e9pess\u00e9ge miatt a kitart\u00e1s \u00e9s az \u00e9leter\u0151 jelk\u00e9p\u00e9v\u00e9 is v\u00e1lt. Megfelel\u0151 k\u00f6r\u00fclm\u00e9nyek k\u00f6z\u00f6tt pedig n\u00e1lunk is nevelhet\u0151, ak\u00e1r szoban\u00f6v\u00e9nyk\u00e9nt. A sivatagi r\u00f3zsa [&hellip;]<\/p>\n","protected":false},"author":1,"featured_media":0,"comment_status":"open","ping_status":"open","sticky":false,"template":"","format":"standard","meta":{"footnotes":""},"categories":[6],"tags":[],"class_list":["post-171119","post","type-post","status-publish","format-standard","hentry","category-videk"],"amp_enabled":true,"_links":{"self":[{"href":"https:\/\/friss-hirek.hu\/index.php\/wp-json\/wp\/v2\/posts\/171119","targetHints":{"allow":["GET"]}}],"collection":[{"href":"https:\/\/friss-hirek.hu\/index.php\/wp-json\/wp\/v2\/posts"}],"about":[{"href":"https:\/\/friss-hirek.hu\/index.php\/wp-json\/wp\/v2\/types\/post"}],"author":[{"embeddable":true,"href":"https:\/\/friss-hirek.hu\/index.php\/wp-json\/wp\/v2\/users\/1"}],"replies":[{"embeddable":true,"href":"https:\/\/friss-hirek.hu\/index.php\/wp-json\/wp\/v2\/comments?post=171119"}],"version-history":[{"count":0,"href":"https:\/\/friss-hirek.hu\/index.php\/wp-json\/wp\/v2\/posts\/171119\/revisions"}],"wp:attachment":[{"href":"https:\/\/friss-hirek.hu\/index.php\/wp-json\/wp\/v2\/media?parent=171119"}],"wp:term":[{"taxonomy":"category","embeddable":true,"href":"https:\/\/friss-hirek.hu\/index.php\/wp-json\/wp\/v2\/categories?post=171119"},{"taxonomy":"post_tag","embeddable":true,"href":"https:\/\/friss-hirek.hu\/index.php\/wp-json\/wp\/v2\/tags?post=171119"}],"curies":[{"name":"wp","href":"https:\/\/api.w.org\/{rel}","templated":true}]}}