{"id":171121,"date":"2026-09-03T05:54:04","date_gmt":"2026-09-03T05:54:04","guid":{"rendered":"https:\/\/friss-hirek.hu\/index.php\/hivatalos-orban-viktor-szerzodesei-miatt-nyomoznak\/friss-hirek\/"},"modified":"2026-09-03T05:54:04","modified_gmt":"2026-09-03T05:54:04","slug":"hivatalos-orban-viktor-szerzodesei-miatt-nyomoznak","status":"publish","type":"post","link":"https:\/\/friss-hirek.hu\/index.php\/hivatalos-orban-viktor-szerzodesei-miatt-nyomoznak\/uzlet\/","title":{"rendered":"Hivatalos: Orb\u00e1n Viktor szerz\u0151d\u00e9sei miatt nyomoznak"},"content":{"rendered":"<p><strong>H\u0171tlen kezel\u00e9s gyan\u00faj\u00e1val indult nyomoz\u00e1s, miut\u00e1n a Ruff B\u00e1lint vezette t\u00e1rca \u00e1tvizsg\u00e1lta a t\u00f6bb mint n\u00e9gymilli\u00e1rd forint k\u00f6zp\u00e9nzt \u00e9rint\u0151 szerz\u0151d\u00e9seket.<\/strong><\/p><div id=\"friss-3447776094\" class=\"friss-etarget friss-entity-placement\"><script type=\"text\/javascript\" id=\"etargetScript7a9b589f63cb072bef80df221f46a22b\">function etargetPostloadFunction7a9b589f63cb072bef80df221f46a22b(){var e=\"etargetPostload7a9b589f63cb072bef80df221f46a22b\",t=\"etargetScript7a9b589f63cb072bef80df221f46a22b\",o=document.getElementById(e);if(o){for(var n=o.offsetTop,d=o.offsetLeft,r=o.offsetWidth,a=o.offsetHeight;o.offsetParent;)o=o.offsetParent,n+=o.offsetTop,d+=o.offsetLeft;var i=(n<=window.pageYOffset+window.innerHeight&&d<window.pageXOffset+window.innerWidth&&n+a>window.pageYOffset&&d+r>window.pageXOffset);if(i&&etargetAllowOtherCheck){allowed=!1;var c=document.createElement(\"script\");return c.src=\"\/\/hu.search.etargetnet.com\/generic\/uni.php?g=ref:58661,area:700x210\",void(document.getElementById(t)&&document.getElementById(e)&&(document.getElementById(t).parentNode.appendChild(c),document.getElementById(t).parentNode.removeChild(document.getElementById(t)),document.getElementById(e).parentNode.removeChild(document.getElementById(e)),document.removeEventListener(\"scroll\",etargetPostloadFunction7a9b589f63cb072bef80df221f46a22b),document.removeEventListener(\"resize\",etargetPostloadFunction7a9b589f63cb072bef80df221f46a22b),document.removeEventListener(\"DOMContentLoaded\",etargetPostloadFunction7a9b589f63cb072bef80df221f46a22b)))}}}var etargetDivID=\"etargetPostload7a9b589f63cb072bef80df221f46a22b\",etargetScriptID=\"etargetScript7a9b589f63cb072bef80df221f46a22b\",etargetPostloadPoint=document.createElement(\"div\");etargetPostloadPoint.id=etargetDivID;var etargetCurScript=document.getElementById(etargetScriptID);etargetCurScript.parentNode.appendChild(etargetPostloadPoint),document.addEventListener(\"scroll\",etargetPostloadFunction7a9b589f63cb072bef80df221f46a22b),document.addEventListener(\"resize\",etargetPostloadFunction7a9b589f63cb072bef80df221f46a22b),document.addEventListener(\"DOMContentLoaded\",etargetPostloadFunction7a9b589f63cb072bef80df221f46a22b);var etargetAllowOtherCheck=!0;if(typeof(\"forceRunPostload\")==\"string\"){etargetPostloadFunction7a9b589f63cb072bef80df221f46a22b()}<\/script><\/div>\n<div class=\"highlighted-text\">\n<p>\t\t<span class=\"highlighted-text__title minititle\">\u00daj Forbes-lista<\/span><\/p>\n<div class=\"highlighted-text__content\">\n<p><em>K\u00f6zel \u00f6tbilli\u00f3 forintot \u00e9r a top 40 csal\u00e1di c\u00e9g, t\u00f6bb mint a negyed\u00e9t egyetlen szerepl\u0151 hozta \u00f6ssze \u2013 megjelent a Forbes 2026-os csal\u00e1di list\u00e1ja, <a href=\"https:\/\/www.forbes.hu\/lista-csaladi-vallalkozasok-2026\/\" target=\"_blank\" rel=\"noopener\">ide kattintva<\/a> tudod b\u00f6ng\u00e9szni!<\/em><\/p>\n<\/div>\n<\/div>\n<p><strong>Mi t\u00f6rt\u00e9nt?<\/strong> Az Orsz\u00e1gos Rend\u0151r-f\u0151kapit\u00e1nys\u00e1g a <a href=\"https:\/\/telex.hu\/belfold\/2026\/09\/02\/kaminski-fanny-orban-viktor-facebook-feljelentes-buntetoeljaras\">Telexnek<\/a> szerda este meger\u0151s\u00edtette, hogy befogadta a Minisztereln\u00f6ks\u00e9g feljelent\u00e9s\u00e9t, \u00e9s h\u0171tlen kezel\u00e9s gyan\u00faja miatt b\u00fcntet\u0151elj\u00e1r\u00e1st ind\u00edtott a K\u00e9szenl\u00e9ti Rend\u0151rs\u00e9g Nemzeti Nyomoz\u00f3 Irod\u00e1ja Orb\u00e1n Viktor k\u00f6z\u00f6ss\u00e9gi m\u00e9di\u00e1s szerz\u0151d\u00e9sei miatt.<\/p>\n<p><strong>Mi\u00e9rt fontos ez?<\/strong> Ahogyan augusztus k\u00f6zep\u00e9n <a href=\"https:\/\/www.forbes.hu\/uzlet\/milliardokat-fizettek-orban-viktor-kozossegi-mediajara-lepett-is-a-miniszterelnokseg\/\">a Forbes.hu-n is meg\u00edrtuk,<\/a> h\u0171tlen kezel\u00e9s \u00e9s hivatali vissza\u00e9l\u00e9s gyan\u00faja miatt tett feljelent\u00e9st ismeretlen tettes ellen a Minisztereln\u00f6ks\u00e9g, miut\u00e1n \u00e1tvizsg\u00e1lta\u00a0<a href=\"https:\/\/www.forbes.hu\/uzlet\/ernek-evi-800-milliot-vagy-meg-tobbet-orban-viktor-facebook-posztjai\/\" target=\"_blank\" rel=\"noreferrer noopener\">az Orb\u00e1n Viktor k\u00f6z\u00f6ss\u00e9gi m\u00e9di\u00e1s<\/a>\u00a0megjelen\u00e9seire k\u00f6t\u00f6tt, t\u00f6bb mint n\u00e9gymilli\u00e1rd forint k\u00f6zp\u00e9nzt \u00e9rint\u0151 szerz\u0151d\u00e9seket.<\/p>\n<p><strong>Mit jelent ez a gyakorlatban?<\/strong> A k\u00f6zbeszerz\u00e9si elj\u00e1r\u00e1s n\u00e9lk\u00fcl kiv\u00e1lasztott c\u00e9g tulajdonosa Kaminski Fanny, Orb\u00e1n Viktor sajt\u00f3tan\u00e1csad\u00f3ja. Az ORFK a Telexszel most sz\u0171kszav\u00faan annyit k\u00f6z\u00f6lt:<\/p>\n<blockquote class=\"wp-block-quote is-layout-flow wp-block-quote-is-layout-flow\">\n<p>\u201eA K\u00e9szenl\u00e9ti Rend\u0151rs\u00e9g Nemzeti Nyomoz\u00f3 Iroda h\u0171tlen kezel\u00e9s miatt folytat b\u00fcntet\u0151elj\u00e1r\u00e1st.\u201d<\/p>\n<\/blockquote>\n<p><strong>Kontextus.<\/strong> A Rog\u00e1n Antal vezette Minisztereln\u00f6ki Kabinetiroda 2022-ben, k\u00f6zbeszerz\u00e9s n\u00e9lk\u00fcl szerz\u0151d\u00f6tt a Kaminski tulajdon\u00e1ban \u00e1ll\u00f3 Triton Communications nev\u0171 c\u00e9ggel. A c\u00e9g kezdetben havi 63,7 milli\u00f3 forint\u00e9rt k\u00e9sz\u00edtett f\u00e9nyk\u00e9peket, vide\u00f3kat \u00e9s m\u00e9diafigyel\u00e9si \u00f6sszefoglal\u00f3kat az akkori minisztereln\u00f6knek. A szerz\u0151d\u00e9st k\u00e9s\u0151bb n\u00e9gyszer hosszabb\u00edtott\u00e1k meg, a havid\u00edj pedig 86,5 milli\u00f3 forintra emelkedett, mik\u00f6zben\u00a0<a href=\"https:\/\/www.forbes.hu\/tarsadalom\/veto-ruff-balint-partizan-miniszter\/\" target=\"_blank\" rel=\"noreferrer noopener\">a Ruff B\u00e1lint vezette<\/a>\u00a0Minisztereln\u00f6ks\u00e9g szerint az elv\u00e1rt szolg\u00e1ltat\u00e1sok \u00e9rdemben nem v\u00e1ltoztak.<\/p>\n<p><!-- No email blocks found --><\/p>\n<p>The post <a href=\"https:\/\/www.forbes.hu\/uzlet\/hivatalos-orban-viktor-szerzodesei-miatt-nyomoznak\/\">Hivatalos: Orb\u00e1n Viktor szerz\u0151d\u00e9sei miatt nyomoznak<\/a> appeared first on <a href=\"https:\/\/www.forbes.hu\/\">Forbes.hu<\/a>.<\/p><div id=\"friss-2609695379\" class=\"friss-etarget-cikk-vege friss-entity-placement\"><script type=\"text\/javascript\" id=\"etargetScript7a9b589f63cb072bef80df221f46a22b\">function etargetPostloadFunction7a9b589f63cb072bef80df221f46a22b(){var e=\"etargetPostload7a9b589f63cb072bef80df221f46a22b\",t=\"etargetScript7a9b589f63cb072bef80df221f46a22b\",o=document.getElementById(e);if(o){for(var n=o.offsetTop,d=o.offsetLeft,r=o.offsetWidth,a=o.offsetHeight;o.offsetParent;)o=o.offsetParent,n+=o.offsetTop,d+=o.offsetLeft;var i=(n<=window.pageYOffset+window.innerHeight&&d<window.pageXOffset+window.innerWidth&&n+a>window.pageYOffset&&d+r>window.pageXOffset);if(i&&etargetAllowOtherCheck){allowed=!1;var c=document.createElement(\"script\");return c.src=\"\/\/hu.search.etargetnet.com\/generic\/uni.php?g=ref:58661,area:700x210\",void(document.getElementById(t)&&document.getElementById(e)&&(document.getElementById(t).parentNode.appendChild(c),document.getElementById(t).parentNode.removeChild(document.getElementById(t)),document.getElementById(e).parentNode.removeChild(document.getElementById(e)),document.removeEventListener(\"scroll\",etargetPostloadFunction7a9b589f63cb072bef80df221f46a22b),document.removeEventListener(\"resize\",etargetPostloadFunction7a9b589f63cb072bef80df221f46a22b),document.removeEventListener(\"DOMContentLoaded\",etargetPostloadFunction7a9b589f63cb072bef80df221f46a22b)))}}}var etargetDivID=\"etargetPostload7a9b589f63cb072bef80df221f46a22b\",etargetScriptID=\"etargetScript7a9b589f63cb072bef80df221f46a22b\",etargetPostloadPoint=document.createElement(\"div\");etargetPostloadPoint.id=etargetDivID;var etargetCurScript=document.getElementById(etargetScriptID);etargetCurScript.parentNode.appendChild(etargetPostloadPoint),document.addEventListener(\"scroll\",etargetPostloadFunction7a9b589f63cb072bef80df221f46a22b),document.addEventListener(\"resize\",etargetPostloadFunction7a9b589f63cb072bef80df221f46a22b),document.addEventListener(\"DOMContentLoaded\",etargetPostloadFunction7a9b589f63cb072bef80df221f46a22b);var etargetAllowOtherCheck=!0;if(typeof(\"forceRunPostload\")==\"string\"){etargetPostloadFunction7a9b589f63cb072bef80df221f46a22b()}<\/script><\/div><div id=\"friss-1199981697\" class=\"friss-after-content friss-entity-placement\"><script type=\"text\/javascript\" id=\"etargetScript7a9b589f63cb072bef80df221f46a22b\">function etargetPostloadFunction7a9b589f63cb072bef80df221f46a22b(){var e=\"etargetPostload7a9b589f63cb072bef80df221f46a22b\",t=\"etargetScript7a9b589f63cb072bef80df221f46a22b\",o=document.getElementById(e);if(o){for(var n=o.offsetTop,d=o.offsetLeft,r=o.offsetWidth,a=o.offsetHeight;o.offsetParent;)o=o.offsetParent,n+=o.offsetTop,d+=o.offsetLeft;var i=(n<=window.pageYOffset+window.innerHeight&&d<window.pageXOffset+window.innerWidth&&n+a>window.pageYOffset&&d+r>window.pageXOffset);if(i&&etargetAllowOtherCheck){allowed=!1;var c=document.createElement(\"script\");return c.src=\"\/\/hu.search.etargetnet.com\/generic\/uni.php?g=ref:58661,area:700x210\",void(document.getElementById(t)&&document.getElementById(e)&&(document.getElementById(t).parentNode.appendChild(c),document.getElementById(t).parentNode.removeChild(document.getElementById(t)),document.getElementById(e).parentNode.removeChild(document.getElementById(e)),document.removeEventListener(\"scroll\",etargetPostloadFunction7a9b589f63cb072bef80df221f46a22b),document.removeEventListener(\"resize\",etargetPostloadFunction7a9b589f63cb072bef80df221f46a22b),document.removeEventListener(\"DOMContentLoaded\",etargetPostloadFunction7a9b589f63cb072bef80df221f46a22b)))}}}var etargetDivID=\"etargetPostload7a9b589f63cb072bef80df221f46a22b\",etargetScriptID=\"etargetScript7a9b589f63cb072bef80df221f46a22b\",etargetPostloadPoint=document.createElement(\"div\");etargetPostloadPoint.id=etargetDivID;var etargetCurScript=document.getElementById(etargetScriptID);etargetCurScript.parentNode.appendChild(etargetPostloadPoint),document.addEventListener(\"scroll\",etargetPostloadFunction7a9b589f63cb072bef80df221f46a22b),document.addEventListener(\"resize\",etargetPostloadFunction7a9b589f63cb072bef80df221f46a22b),document.addEventListener(\"DOMContentLoaded\",etargetPostloadFunction7a9b589f63cb072bef80df221f46a22b);var etargetAllowOtherCheck=!0;if(typeof(\"forceRunPostload\")==\"string\"){etargetPostloadFunction7a9b589f63cb072bef80df221f46a22b()}<\/script><\/div><div id=\"friss-2473023109\" class=\"friss-after-content_2 friss-entity-placement\" style=\"clear: both;\"><div class=\"wprss_ajax\" data-id=\"rss707e0f711d\"><img loading=\"lazy\" decoding=\"async\" src=\"https:\/\/friss-hirek.hu\/wp-content\/plugins\/wp-rss-retriever\/inc\/imgs\/ajax-loader.gif\" alt=\"Loading RSS Feed\" width=\"16\" height=\"16\"><\/div><\/div><br style=\"clear: both; display: block; float: none;\"\/><div id=\"friss-1742073705\" class=\"friss-after-content_3 friss-entity-placement\">https:\/\/www.youtube.com\/watch?v=Pdnw4KiUWp0<\/div>","protected":false},"excerpt":{"rendered":"<p>H\u0171tlen kezel\u00e9s gyan\u00faj\u00e1val indult nyomoz\u00e1s, miut\u00e1n a Ruff B\u00e1lint vezette t\u00e1rca \u00e1tvizsg\u00e1lta a t\u00f6bb mint n\u00e9gymilli\u00e1rd forint k\u00f6zp\u00e9nzt \u00e9rint\u0151 szerz\u0151d\u00e9seket. \u00daj Forbes-lista K\u00f6zel \u00f6tbilli\u00f3 forintot \u00e9r a top 40 csal\u00e1di c\u00e9g, t\u00f6bb mint a negyed\u00e9t egyetlen szerepl\u0151 hozta \u00f6ssze \u2013 megjelent a Forbes 2026-os csal\u00e1di list\u00e1ja, ide kattintva tudod b\u00f6ng\u00e9szni! Mi t\u00f6rt\u00e9nt? Az Orsz\u00e1gos Rend\u0151r-f\u0151kapit\u00e1nys\u00e1g [&hellip;]<\/p>\n","protected":false},"author":1,"featured_media":0,"comment_status":"open","ping_status":"open","sticky":false,"template":"","format":"standard","meta":{"footnotes":""},"categories":[7],"tags":[],"class_list":["post-171121","post","type-post","status-publish","format-standard","hentry","category-uzlet"],"amp_enabled":true,"_links":{"self":[{"href":"https:\/\/friss-hirek.hu\/index.php\/wp-json\/wp\/v2\/posts\/171121","targetHints":{"allow":["GET"]}}],"collection":[{"href":"https:\/\/friss-hirek.hu\/index.php\/wp-json\/wp\/v2\/posts"}],"about":[{"href":"https:\/\/friss-hirek.hu\/index.php\/wp-json\/wp\/v2\/types\/post"}],"author":[{"embeddable":true,"href":"https:\/\/friss-hirek.hu\/index.php\/wp-json\/wp\/v2\/users\/1"}],"replies":[{"embeddable":true,"href":"https:\/\/friss-hirek.hu\/index.php\/wp-json\/wp\/v2\/comments?post=171121"}],"version-history":[{"count":0,"href":"https:\/\/friss-hirek.hu\/index.php\/wp-json\/wp\/v2\/posts\/171121\/revisions"}],"wp:attachment":[{"href":"https:\/\/friss-hirek.hu\/index.php\/wp-json\/wp\/v2\/media?parent=171121"}],"wp:term":[{"taxonomy":"category","embeddable":true,"href":"https:\/\/friss-hirek.hu\/index.php\/wp-json\/wp\/v2\/categories?post=171121"},{"taxonomy":"post_tag","embeddable":true,"href":"https:\/\/friss-hirek.hu\/index.php\/wp-json\/wp\/v2\/tags?post=171121"}],"curies":[{"name":"wp","href":"https:\/\/api.w.org\/{rel}","templated":true}]}}