{"id":171134,"date":"2026-09-03T07:55:02","date_gmt":"2026-09-03T07:55:02","guid":{"rendered":"https:\/\/friss-hirek.hu\/index.php\/cukrasz-ipartestulet-ezert-nem-szallithatja-hazhoz-a-kifli-az-orszag-tortajat\/friss-hirek\/"},"modified":"2026-09-03T07:55:02","modified_gmt":"2026-09-03T07:55:02","slug":"cukrasz-ipartestulet-ezert-nem-szallithatja-hazhoz-a-kifli-az-orszag-tortajat","status":"publish","type":"post","link":"https:\/\/friss-hirek.hu\/index.php\/cukrasz-ipartestulet-ezert-nem-szallithatja-hazhoz-a-kifli-az-orszag-tortajat\/videk\/","title":{"rendered":"Cukr\u00e1sz ipartest\u00fclet: ez\u00e9rt nem sz\u00e1ll\u00edthatja h\u00e1zhoz a Kifli az orsz\u00e1g tort\u00e1j\u00e1t"},"content":{"rendered":"<p>A Magyarorsz\u00e1g Tort\u00e1ja versenyt id\u00e9n huszadik alkalommal rendezt\u00e9k meg az augusztus 20-i \u00e1llamalap\u00edt\u00e1s \u00fcnnep\u00e9hez kapcsol\u00f3d\u00f3an. A szakmai zs\u0171ri 36 nevezett tort\u00e1b\u00f3l v\u00e1lasztotta ki a hat d\u00f6nt\u0151st, a p\u00e1ly\u00e1z\u00f3knak id\u00e9n k\u00f6telez\u0151 alapanyagk\u00e9nt r\u00f6g\u00f6s t\u00far\u00f3t \u00e9s\/vagy tejf\u00f6lt kellett haszn\u00e1lniuk.<\/p><div id=\"friss-2665678785\" class=\"friss-etarget friss-entity-placement\"><script type=\"text\/javascript\" id=\"etargetScript7a9b589f63cb072bef80df221f46a22b\">function etargetPostloadFunction7a9b589f63cb072bef80df221f46a22b(){var e=\"etargetPostload7a9b589f63cb072bef80df221f46a22b\",t=\"etargetScript7a9b589f63cb072bef80df221f46a22b\",o=document.getElementById(e);if(o){for(var n=o.offsetTop,d=o.offsetLeft,r=o.offsetWidth,a=o.offsetHeight;o.offsetParent;)o=o.offsetParent,n+=o.offsetTop,d+=o.offsetLeft;var i=(n<=window.pageYOffset+window.innerHeight&&d<window.pageXOffset+window.innerWidth&&n+a>window.pageYOffset&&d+r>window.pageXOffset);if(i&&etargetAllowOtherCheck){allowed=!1;var c=document.createElement(\"script\");return c.src=\"\/\/hu.search.etargetnet.com\/generic\/uni.php?g=ref:58661,area:700x210\",void(document.getElementById(t)&&document.getElementById(e)&&(document.getElementById(t).parentNode.appendChild(c),document.getElementById(t).parentNode.removeChild(document.getElementById(t)),document.getElementById(e).parentNode.removeChild(document.getElementById(e)),document.removeEventListener(\"scroll\",etargetPostloadFunction7a9b589f63cb072bef80df221f46a22b),document.removeEventListener(\"resize\",etargetPostloadFunction7a9b589f63cb072bef80df221f46a22b),document.removeEventListener(\"DOMContentLoaded\",etargetPostloadFunction7a9b589f63cb072bef80df221f46a22b)))}}}var etargetDivID=\"etargetPostload7a9b589f63cb072bef80df221f46a22b\",etargetScriptID=\"etargetScript7a9b589f63cb072bef80df221f46a22b\",etargetPostloadPoint=document.createElement(\"div\");etargetPostloadPoint.id=etargetDivID;var etargetCurScript=document.getElementById(etargetScriptID);etargetCurScript.parentNode.appendChild(etargetPostloadPoint),document.addEventListener(\"scroll\",etargetPostloadFunction7a9b589f63cb072bef80df221f46a22b),document.addEventListener(\"resize\",etargetPostloadFunction7a9b589f63cb072bef80df221f46a22b),document.addEventListener(\"DOMContentLoaded\",etargetPostloadFunction7a9b589f63cb072bef80df221f46a22b);var etargetAllowOtherCheck=!0;if(typeof(\"forceRunPostload\")==\"string\"){etargetPostloadFunction7a9b589f63cb072bef80df221f46a22b()}<\/script><\/div>\n<p>A B\u00edborfeh\u00e9r n\u00e9vre keresztelt \u00e9dess\u00e9g nyerte el id\u00e9n a Magyarorsz\u00e1g Tort\u00e1ja c\u00edmet, a nyertes s\u00fctem\u00e9nyt a gyulai K\u00e9zm\u0171ves Cukr\u00e1szda cukr\u00e1szmesterei, Balogh L\u00e1szl\u00f3, Balogh Zolt\u00e1n \u00e9s Kis Roland alkott\u00e1k meg. A tort\u00e1ban az erdei bogy\u00f3s gy\u00fcm\u00f6lcs\u00f6k \u00e9s az \u00e9des feketeribizli-bor \u00edzei pir\u00edtott mandul\u00e1val, tejf\u00f6l\u00f6s mousse-szal, r\u00f6g\u00f6s t\u00far\u00f3val, csokol\u00e1d\u00e9val, van\u00edli\u00e1val \u00e9s citrommal eg\u00e9sz\u00fclnek ki.<\/p>\n<p>Az eredm\u00e9nyhirdet\u00e9s ut\u00e1n a Kifli.hu bejelentette, hogy augusztus 22-t\u0151l az orsz\u00e1g tort\u00e1j\u00e1t h\u00e1romszeletes csomagban <a href=\"https:\/\/sokszinuvidek.24.hu\/mozaik\/2026\/08\/21\/magyarorszag-tortaja-hazhozrendeles\/\" target=\"_blank\" rel=\"noopener\">b\u00e1rki megrendelheti otthon\u00e1ba<\/a>, a desszertet a Kemenes Cukr\u00e1sz Manufakt\u00fara k\u00e9sz\u00edti az eredeti recept alapj\u00e1n.<\/p>\n<p>Az egy\u00fcttm\u0171k\u00f6d\u00e9s azonban nem val\u00f3sult meg, a k\u00f6zlem\u00e9ny publik\u00e1l\u00e1sa ut\u00e1n nem sokkal ugyanis arr\u00f3l t\u00e1j\u00e9koztattak, hogy a\u00a0tervezett kisz\u00e1ll\u00edt\u00e1s technikai okok miatt nem val\u00f3sul meg. A B\u00edborfeh\u00e9r Kifli.hu-s el\u00e9rhet\u0151s\u00e9g\u00e9vel kapcsolatos tov\u00e1bbi fejlem\u00e9nyekr\u0151l a k\u00e9s\u0151bbiekben adnak t\u00e1j\u00e9koztat\u00e1st.<\/p>\n<p>De v\u00e9g\u00fcl sem a Kifli.hu r\u00e9sz\u00e9r\u0151l, sem a cukr\u00e1szd\u00e1t\u00f3l nem \u00e9rkezett v\u00e1lasz, hogy mi az oka a bejelentett h\u00e1zhozsz\u00e1ll\u00edt\u00e1s visszavon\u00e1s\u00e1nak.<\/p>\n<p>A Soksz\u00edn\u0171 Vid\u00e9k felkereste az \u00fcgyben a Magyar Cukr\u00e1sz Ipartest\u00fcletet, a szervezet pedig meg is indokolta a h\u00e1zhozsz\u00e1ll\u00edt\u00e1s le\u00e1ll\u00edt\u00e1s\u00e1t.<\/p>\n<p>V\u00e9lem\u00e9ny\u00fck szerint a Kemenes Cukr\u00e1sz Manufakt\u00fara sajnos nem olvasta el kell\u0151 figyelemmel az al\u00e1\u00edrt nyilatkozatukat, melyben az al\u00e1bbi kit\u00e9tel is szerepel:<\/p>\n<p><span class=\"highlight-block-small _ce_measure_widget\" data-ce-measure-widget=\"Kiemel\u00e9s - hossz\u00fa sz\u00f6veghez\">\u201eTudom\u00e1sul veszem, hogy a lev\u00e9dett Magyarorsz\u00e1g Tort\u00e1ja m\u00e1rkan\u00e9v v\u00e9delm\u00e9ben \u00e9s \u00e9lelmiszer-biztons\u00e1gi szempontok miatt kiz\u00e1r\u00f3lag vend\u00e9gl\u00e1t\u00f3 tev\u00e9kenys\u00e9get folytat\u00f3 viszontelad\u00f3knak \u00e9rt\u00e9kes\u00edthetem tov\u00e1bb a nyertes tort\u00e1t! Tov\u00e1bb\u00e1 v\u00e1llalom, hogy csak olyan vend\u00e9gl\u00e1t\u00f3 tev\u00e9kenys\u00e9get folytat\u00f3 viszontelad\u00f3t szolg\u00e1lok ki, aki k\u00f6zvetlen\u00fcl a fogyaszt\u00f3nak \u00e9rt\u00e9kesti a tort\u00e1t, a viszontelad\u00f3mnak a tort\u00e1t tov\u00e1bb\u00e9rt\u00e9kes\u00edtenie TILOS!\u201d<\/span><\/p>\n<p>A szervezet azt k\u00f6z\u00f6lte, hogy a Magyarorsz\u00e1g Tort\u00e1ja n\u00e9v a Magyar Cukr\u00e1sz Ipartest\u00fclet lev\u00e9dett tulajdona, valamint kiemelked\u0151 nemzeti \u00e9rt\u00e9kk\u00e9nt 2025 \u00f3ta a Magyar \u00c9rt\u00e9kt\u00e1r r\u00e9sze, \u00edgy kiemelten fontos sz\u00e1mukra ennek a kiemelked\u0151 nemzeti \u00e9rt\u00e9knek a v\u00e9delme.<\/p>\n<blockquote class=\"_ce_measure_widget\" data-ce-measure-widget=\"Id\u00e9zet\">\n<p>Kor\u00e1bban a kiskereskedelmi l\u00e1ncokban val\u00f3 \u00e9rt\u00e9kes\u00edt\u00e9s sor\u00e1n felmer\u00fcltek \u00e9lelmiszer-biztons\u00e1gi kock\u00e1zatok, ez\u00e9rt az idei \u00e9vt\u0151l csak vend\u00e9gl\u00e1t\u00f3 tev\u00e9kenys\u00e9get folytat\u00f3 viszontelad\u00f3knak \u00e9rt\u00e9kes\u00edthetik tov\u00e1bb a tagjaink a tort\u00e1kat.\u00a0Amint a tudom\u00e1sunka jutott a jogs\u00e9rt\u0151 magatart\u00e1s azonnal \u00e9rtes\u00edtett\u00fck a Kemenes Cukr\u00e1sz Manufakt\u00far\u00e1t, akik halad\u00e9ktalanuk int\u00e9zkedtek is \u00e9s \u00edgy nem ker\u00fclt sor a Kifli.hu-s akci\u00f3ra.\u00a0A lev\u00e9dett m\u00e1rkan\u00e9v v\u00e9delm\u00e9ben tov\u00e1bbra is csak az Ipartest\u00fclet tagjai \u00e9s a vend\u00e9gl\u00e1t\u00f3 tev\u00e9kenys\u00e9get folytat\u00f3 viszontelad\u00f3ik \u00e9rt\u00e9kes\u00edthetik az idei \u00e9vben a gy\u0151ztes tort\u00e1kat<\/p>\n<\/blockquote>\n<p>\u2013 k\u00f6z\u00f6lte port\u00e1lunkkal az ipartest\u00fclet eln\u00f6ke, Erd\u00e9lyi Bal\u00e1zs.<\/p>\n<p>Meg\u00edrtuk azt is, hogy <a href=\"https:\/\/sokszinuvidek.24.hu\/otthon-keszult\/2025\/08\/25\/lidl-akcios-ujsag-magyarorszag-cukormentes-tortaja-almodozo-torta-magyar-cukrasz-ipartestulet\/\" target=\"_blank\" rel=\"noopener\">felh\u00e1borod\u00e1s lett bel\u0151le, hogy a Lidl akci\u00f3san hirdeti az \u00c1lmodoz\u00f3 tort\u00e1t<\/a>, \u00e9s budapesti k\u00fcl\u00f6nlegess\u00e9g <a href=\"https:\/\/sokszinuvidek.24.hu\/mozaik\/2026\/06\/27\/ev-fagylaltja-ev-fagylaltja-2026-fagylalt-fagyi-hajduszoboszlo\/\" target=\"_blank\" rel=\"noopener\">nyerte a 2026-os \u00c9v Fagylaltja f\u0151d\u00edj\u00e1t<\/a>.<\/p>\n<div class=\"o-post__articRecommend m-articRecommend -hasImg cf article-recommendation-container cf _ce_measure_widget\" data-ce-measure-widget=\"Cikkaj\u00e1nl\u00f3 widget\">\n<div class=\"m-articRecommend__widgetTitle\">Kapcsol\u00f3d\u00f3<\/div>\n<div class=\"m-articRecommend__imgWrap image-container\"><a href=\"https:\/\/sokszinuvidek.24.hu\/mozaik\/2026\/08\/12\/magyarorszag-tortaja-2026-biborfeher-feher-mamor\/\" target=\"_self\"><img loading=\"lazy\" decoding=\"async\" width=\"480\" height=\"270\" src=\"https:\/\/s.24.hu\/app\/uploads\/sites\/11\/2026\/08\/fehermamor-480x270.jpg\" class=\"img-responsive wp-post-image\" alt=\"\" \/><\/a><\/div>\n<div class=\"m-articRecommend__cntWrap content-container \">\n\t\t\t<a href=\"https:\/\/sokszinuvidek.24.hu\/mozaik\/2026\/08\/12\/magyarorszag-tortaja-2026-biborfeher-feher-mamor\/\" target=\"_self\" class=\"m-articRecommend__title ar-title\">Ez lett id\u00e9n Magyarorsz\u00e1g tort\u00e1ja<\/a>\n<div class=\"m-articRecommend__lead ar-lead\">A s\u00fctem\u00e9ny hagyom\u00e1nyosan augusztus 20-a k\u00f6rny\u00e9k\u00e9n jelenik meg a cukr\u00e1szd\u00e1kban.<\/div>\n<\/div>\n<\/div>\n<p>The post <a href=\"https:\/\/sokszinuvidek.24.hu\/mozaik\/2026\/09\/03\/orszag-torta-magyarorszag-tortaja-2026-hazhoz-szallitas-kifli-hu-magyar-cukrasz-ipartestulet\/\" target=\"_blank\">Cukr\u00e1sz ipartest\u00fclet: ez\u00e9rt nem sz\u00e1ll\u00edthatja h\u00e1zhoz a Kifli az orsz\u00e1g tort\u00e1j\u00e1t<\/a> first appeared on <a href=\"https:\/\/sokszinuvidek.24.hu\/\" target=\"_blank\">Soksz\u00edn\u0171 vid\u00e9k<\/a>.<\/p><div id=\"friss-1026563381\" class=\"friss-etarget-cikk-vege friss-entity-placement\"><script type=\"text\/javascript\" id=\"etargetScript7a9b589f63cb072bef80df221f46a22b\">function etargetPostloadFunction7a9b589f63cb072bef80df221f46a22b(){var e=\"etargetPostload7a9b589f63cb072bef80df221f46a22b\",t=\"etargetScript7a9b589f63cb072bef80df221f46a22b\",o=document.getElementById(e);if(o){for(var n=o.offsetTop,d=o.offsetLeft,r=o.offsetWidth,a=o.offsetHeight;o.offsetParent;)o=o.offsetParent,n+=o.offsetTop,d+=o.offsetLeft;var i=(n<=window.pageYOffset+window.innerHeight&&d<window.pageXOffset+window.innerWidth&&n+a>window.pageYOffset&&d+r>window.pageXOffset);if(i&&etargetAllowOtherCheck){allowed=!1;var c=document.createElement(\"script\");return c.src=\"\/\/hu.search.etargetnet.com\/generic\/uni.php?g=ref:58661,area:700x210\",void(document.getElementById(t)&&document.getElementById(e)&&(document.getElementById(t).parentNode.appendChild(c),document.getElementById(t).parentNode.removeChild(document.getElementById(t)),document.getElementById(e).parentNode.removeChild(document.getElementById(e)),document.removeEventListener(\"scroll\",etargetPostloadFunction7a9b589f63cb072bef80df221f46a22b),document.removeEventListener(\"resize\",etargetPostloadFunction7a9b589f63cb072bef80df221f46a22b),document.removeEventListener(\"DOMContentLoaded\",etargetPostloadFunction7a9b589f63cb072bef80df221f46a22b)))}}}var etargetDivID=\"etargetPostload7a9b589f63cb072bef80df221f46a22b\",etargetScriptID=\"etargetScript7a9b589f63cb072bef80df221f46a22b\",etargetPostloadPoint=document.createElement(\"div\");etargetPostloadPoint.id=etargetDivID;var etargetCurScript=document.getElementById(etargetScriptID);etargetCurScript.parentNode.appendChild(etargetPostloadPoint),document.addEventListener(\"scroll\",etargetPostloadFunction7a9b589f63cb072bef80df221f46a22b),document.addEventListener(\"resize\",etargetPostloadFunction7a9b589f63cb072bef80df221f46a22b),document.addEventListener(\"DOMContentLoaded\",etargetPostloadFunction7a9b589f63cb072bef80df221f46a22b);var etargetAllowOtherCheck=!0;if(typeof(\"forceRunPostload\")==\"string\"){etargetPostloadFunction7a9b589f63cb072bef80df221f46a22b()}<\/script><\/div><div id=\"friss-846834457\" class=\"friss-after-content friss-entity-placement\"><script type=\"text\/javascript\" id=\"etargetScript7a9b589f63cb072bef80df221f46a22b\">function etargetPostloadFunction7a9b589f63cb072bef80df221f46a22b(){var e=\"etargetPostload7a9b589f63cb072bef80df221f46a22b\",t=\"etargetScript7a9b589f63cb072bef80df221f46a22b\",o=document.getElementById(e);if(o){for(var n=o.offsetTop,d=o.offsetLeft,r=o.offsetWidth,a=o.offsetHeight;o.offsetParent;)o=o.offsetParent,n+=o.offsetTop,d+=o.offsetLeft;var i=(n<=window.pageYOffset+window.innerHeight&&d<window.pageXOffset+window.innerWidth&&n+a>window.pageYOffset&&d+r>window.pageXOffset);if(i&&etargetAllowOtherCheck){allowed=!1;var c=document.createElement(\"script\");return c.src=\"\/\/hu.search.etargetnet.com\/generic\/uni.php?g=ref:58661,area:700x210\",void(document.getElementById(t)&&document.getElementById(e)&&(document.getElementById(t).parentNode.appendChild(c),document.getElementById(t).parentNode.removeChild(document.getElementById(t)),document.getElementById(e).parentNode.removeChild(document.getElementById(e)),document.removeEventListener(\"scroll\",etargetPostloadFunction7a9b589f63cb072bef80df221f46a22b),document.removeEventListener(\"resize\",etargetPostloadFunction7a9b589f63cb072bef80df221f46a22b),document.removeEventListener(\"DOMContentLoaded\",etargetPostloadFunction7a9b589f63cb072bef80df221f46a22b)))}}}var etargetDivID=\"etargetPostload7a9b589f63cb072bef80df221f46a22b\",etargetScriptID=\"etargetScript7a9b589f63cb072bef80df221f46a22b\",etargetPostloadPoint=document.createElement(\"div\");etargetPostloadPoint.id=etargetDivID;var etargetCurScript=document.getElementById(etargetScriptID);etargetCurScript.parentNode.appendChild(etargetPostloadPoint),document.addEventListener(\"scroll\",etargetPostloadFunction7a9b589f63cb072bef80df221f46a22b),document.addEventListener(\"resize\",etargetPostloadFunction7a9b589f63cb072bef80df221f46a22b),document.addEventListener(\"DOMContentLoaded\",etargetPostloadFunction7a9b589f63cb072bef80df221f46a22b);var etargetAllowOtherCheck=!0;if(typeof(\"forceRunPostload\")==\"string\"){etargetPostloadFunction7a9b589f63cb072bef80df221f46a22b()}<\/script><\/div><div id=\"friss-2408150190\" class=\"friss-after-content_2 friss-entity-placement\" style=\"clear: both;\"><div class=\"wprss_ajax\" data-id=\"rss185d20d6a2\"><img loading=\"lazy\" decoding=\"async\" src=\"https:\/\/friss-hirek.hu\/wp-content\/plugins\/wp-rss-retriever\/inc\/imgs\/ajax-loader.gif\" alt=\"Loading RSS Feed\" width=\"16\" height=\"16\"><\/div><\/div><br style=\"clear: both; display: block; float: none;\"\/><div id=\"friss-199365301\" class=\"friss-after-content_3 friss-entity-placement\">https:\/\/www.youtube.com\/watch?v=Pdnw4KiUWp0<\/div>","protected":false},"excerpt":{"rendered":"<p>A Magyarorsz\u00e1g Tort\u00e1ja versenyt id\u00e9n huszadik alkalommal rendezt\u00e9k meg az augusztus 20-i \u00e1llamalap\u00edt\u00e1s \u00fcnnep\u00e9hez kapcsol\u00f3d\u00f3an. A szakmai zs\u0171ri 36 nevezett tort\u00e1b\u00f3l v\u00e1lasztotta ki a hat d\u00f6nt\u0151st, a p\u00e1ly\u00e1z\u00f3knak id\u00e9n k\u00f6telez\u0151 alapanyagk\u00e9nt r\u00f6g\u00f6s t\u00far\u00f3t \u00e9s\/vagy tejf\u00f6lt kellett haszn\u00e1lniuk. A B\u00edborfeh\u00e9r n\u00e9vre keresztelt \u00e9dess\u00e9g nyerte el id\u00e9n a Magyarorsz\u00e1g Tort\u00e1ja c\u00edmet, a nyertes s\u00fctem\u00e9nyt a gyulai K\u00e9zm\u0171ves [&hellip;]<\/p>\n","protected":false},"author":1,"featured_media":0,"comment_status":"open","ping_status":"open","sticky":false,"template":"","format":"standard","meta":{"footnotes":""},"categories":[6],"tags":[],"class_list":["post-171134","post","type-post","status-publish","format-standard","hentry","category-videk"],"amp_enabled":true,"_links":{"self":[{"href":"https:\/\/friss-hirek.hu\/index.php\/wp-json\/wp\/v2\/posts\/171134","targetHints":{"allow":["GET"]}}],"collection":[{"href":"https:\/\/friss-hirek.hu\/index.php\/wp-json\/wp\/v2\/posts"}],"about":[{"href":"https:\/\/friss-hirek.hu\/index.php\/wp-json\/wp\/v2\/types\/post"}],"author":[{"embeddable":true,"href":"https:\/\/friss-hirek.hu\/index.php\/wp-json\/wp\/v2\/users\/1"}],"replies":[{"embeddable":true,"href":"https:\/\/friss-hirek.hu\/index.php\/wp-json\/wp\/v2\/comments?post=171134"}],"version-history":[{"count":0,"href":"https:\/\/friss-hirek.hu\/index.php\/wp-json\/wp\/v2\/posts\/171134\/revisions"}],"wp:attachment":[{"href":"https:\/\/friss-hirek.hu\/index.php\/wp-json\/wp\/v2\/media?parent=171134"}],"wp:term":[{"taxonomy":"category","embeddable":true,"href":"https:\/\/friss-hirek.hu\/index.php\/wp-json\/wp\/v2\/categories?post=171134"},{"taxonomy":"post_tag","embeddable":true,"href":"https:\/\/friss-hirek.hu\/index.php\/wp-json\/wp\/v2\/tags?post=171134"}],"curies":[{"name":"wp","href":"https:\/\/api.w.org\/{rel}","templated":true}]}}