{"id":171135,"date":"2026-09-03T08:56:06","date_gmt":"2026-09-03T08:56:06","guid":{"rendered":"https:\/\/friss-hirek.hu\/index.php\/szinte-minden-masodik-cegnek-csokkent-az-erteke-igy-keszulnek-az-energiakrizisre-a-munkaerohianyra-es-az-mi-re-a-legnagyobb-csaladi-vallalkozasok\/friss-hirek\/"},"modified":"2026-09-03T08:56:06","modified_gmt":"2026-09-03T08:56:06","slug":"szinte-minden-masodik-cegnek-csokkent-az-erteke-igy-keszulnek-az-energiakrizisre-a-munkaerohianyra-es-az-mi-re-a-legnagyobb-csaladi-vallalkozasok","status":"publish","type":"post","link":"https:\/\/friss-hirek.hu\/index.php\/szinte-minden-masodik-cegnek-csokkent-az-erteke-igy-keszulnek-az-energiakrizisre-a-munkaerohianyra-es-az-mi-re-a-legnagyobb-csaladi-vallalkozasok\/uzlet\/","title":{"rendered":"Szinte minden m\u00e1sodik c\u00e9gnek cs\u00f6kkent az \u00e9rt\u00e9ke. \u00cdgy k\u00e9sz\u00fclnek az energiakr\u00edzisre, a munkaer\u0151hi\u00e1nyra \u00e9s az MI-re a legnagyobb csal\u00e1di v\u00e1llalkoz\u00e1sok"},"content":{"rendered":"<p><strong>Az orsz\u00e1g gazdas\u00e1gi helyzete a Forbes friss csal\u00e1di list\u00e1j\u00e1n is visszak\u00f6sz\u00f6n, a negyven szerepl\u0151 k\u00f6z\u00fcl tizennyolcnak cs\u00f6kkent az \u00e9rt\u00e9ke tavaly \u00f3ta. Arr\u00f3l k\u00e9rdezt\u00fck a legnagyobb magyar csal\u00e1di v\u00e1llalatokat, hogy hogyan k\u00e9sz\u00fclnek a k\u00f6vetkez\u0151 \u00e9vtized megm\u00e9rettet\u00e9seire.<\/strong><\/p><div id=\"friss-1206210260\" class=\"friss-etarget friss-entity-placement\"><script type=\"text\/javascript\" id=\"etargetScript7a9b589f63cb072bef80df221f46a22b\">function etargetPostloadFunction7a9b589f63cb072bef80df221f46a22b(){var e=\"etargetPostload7a9b589f63cb072bef80df221f46a22b\",t=\"etargetScript7a9b589f63cb072bef80df221f46a22b\",o=document.getElementById(e);if(o){for(var n=o.offsetTop,d=o.offsetLeft,r=o.offsetWidth,a=o.offsetHeight;o.offsetParent;)o=o.offsetParent,n+=o.offsetTop,d+=o.offsetLeft;var i=(n<=window.pageYOffset+window.innerHeight&&d<window.pageXOffset+window.innerWidth&&n+a>window.pageYOffset&&d+r>window.pageXOffset);if(i&&etargetAllowOtherCheck){allowed=!1;var c=document.createElement(\"script\");return c.src=\"\/\/hu.search.etargetnet.com\/generic\/uni.php?g=ref:58661,area:700x210\",void(document.getElementById(t)&&document.getElementById(e)&&(document.getElementById(t).parentNode.appendChild(c),document.getElementById(t).parentNode.removeChild(document.getElementById(t)),document.getElementById(e).parentNode.removeChild(document.getElementById(e)),document.removeEventListener(\"scroll\",etargetPostloadFunction7a9b589f63cb072bef80df221f46a22b),document.removeEventListener(\"resize\",etargetPostloadFunction7a9b589f63cb072bef80df221f46a22b),document.removeEventListener(\"DOMContentLoaded\",etargetPostloadFunction7a9b589f63cb072bef80df221f46a22b)))}}}var etargetDivID=\"etargetPostload7a9b589f63cb072bef80df221f46a22b\",etargetScriptID=\"etargetScript7a9b589f63cb072bef80df221f46a22b\",etargetPostloadPoint=document.createElement(\"div\");etargetPostloadPoint.id=etargetDivID;var etargetCurScript=document.getElementById(etargetScriptID);etargetCurScript.parentNode.appendChild(etargetPostloadPoint),document.addEventListener(\"scroll\",etargetPostloadFunction7a9b589f63cb072bef80df221f46a22b),document.addEventListener(\"resize\",etargetPostloadFunction7a9b589f63cb072bef80df221f46a22b),document.addEventListener(\"DOMContentLoaded\",etargetPostloadFunction7a9b589f63cb072bef80df221f46a22b);var etargetAllowOtherCheck=!0;if(typeof(\"forceRunPostload\")==\"string\"){etargetPostloadFunction7a9b589f63cb072bef80df221f46a22b()}<\/script><\/div>\n<p class=\"has-drop-cap\">Meglehet\u0151sen stabil maradt az elm\u00falt \u00e9vtizedben a <a href=\"https:\/\/www.forbes.hu\/lista-csaladi-vallalkozasok-2026\/\">csal\u00e1di lista \u00e9lmez\u0151nye<\/a>, a k\u00f6vetkez\u0151 t\u00edz \u00e9v azonban sz\u00e1mos \u00faj helyzet \u00e9s neh\u00e9zs\u00e9g el\u00e9 \u00e1ll\u00edtja a magyar v\u00e1llalatokat. Egyszerre kell alkalmazkodniuk a munkaer\u0151hi\u00e1nyhoz, az energia\u00e1rakhoz, a gyorsul\u00f3 automatiz\u00e1ci\u00f3hoz, a mesters\u00e9ges intelligencia terjed\u00e9s\u00e9hez \u00e9s a nemzetk\u00f6zi verseny er\u0151s\u00f6d\u00e9s\u00e9hez. T\u00f6bb \u00e1gazatban r\u00e1ad\u00e1sul a k\u00ednai szerepl\u0151k megjelen\u00e9se is \u00faj helyzetet teremt.<\/p>\n<div class=\"related-post-links\">\n<p>\t\t<span class=\"related-post-links__title minititle\">T\u00f6bb ebb\u0151l<\/span><\/p>\n<div class=\"related-post-links__link-wrapper\">\n\t\t\t\t<a href=\"https:\/\/www.forbes.hu\/uzlet\/az-euronics-32-eves-vezere-remelem-ez-egy-uj-korszak-kezdete-ahol-nem-azt-nezzuk-hogy-ki-kinek-a-kije\/\" class=\"related-post-links__link\">Az Euronics 32 \u00e9ves vez\u00e9re: Rem\u00e9lem, ez egy \u00faj korszak kezdete, ahol nem azt n\u00e9zz\u00fck, hogy ki kinek a kije<\/a>\n\t\t\t<\/div>\n<div class=\"related-post-links__link-wrapper\">\n\t\t\t\t<a href=\"https:\/\/www.forbes.hu\/uzlet\/megjelent-csaladi-lista-2026\/\" class=\"related-post-links__link\">Itt az \u00faj Forbes-lista: k\u00f6zel \u00f6tbilli\u00f3 forintot \u00e9r a top 40 csal\u00e1di c\u00e9g, t\u00f6bb mint a negyed\u00e9t egyetlen szerepl\u0151 hozta \u00f6ssze<\/a>\n\t\t\t<\/div>\n<\/div>\n<p>Arra voltunk k\u00edv\u00e1ncsiak, hogy<a href=\"https:\/\/www.forbes.hu\/uzlet\/megjelent-csaladi-lista-2026\/\"> a Forbes legfrissebb, magyar csal\u00e1di v\u00e1llalkoz\u00e1sokat felsorakoztat\u00f3<\/a> list\u00e1j\u00e1nak szerepl\u0151i mely v\u00e1ltoz\u00e1sokat tartj\u00e1k a k\u00f6vetkez\u0151 \u00e9vtized legfontosabb feladatainak, \u00e9s mit tesznek m\u00e1r most az\u00e9rt, hogy felk\u00e9sz\u00fcljenek r\u00e1juk.<\/p>\n<p><strong><a href=\"http:\/\/forbes.hu\/lista-csaladi-vallalkozasok-2026\" target=\"_blank\" rel=\"noreferrer noopener\">&gt;&gt; KATTINTS IDE A TELJES, NEGYVEN SZEREPL\u0150S RANGSOR\u00c9RT!<\/a><\/strong><\/p>\n<div class=\"highlighted-text\">\n<p>\t\t<span class=\"highlighted-text__title minititle\">Mir\u0151l sz\u00f3l m\u00e9g a cikk? <\/span><\/p>\n<div class=\"highlighted-text__content\">\n<ul>\n<li>Mit mond a BioTechUSA, a K\u00e9sz csoport vagy a Master Good?<\/li>\n<li>Mit gondolnak a c\u00e9gek a vend\u00e9gmunk\u00e1s-tilalomr\u00f3l?<\/li>\n<li>Versenyel\u0151ny lesz a fenntarthat\u00f3s\u00e1g?<\/li>\n<li>Melyik ipar\u00e1gat t\u00e9p\u00e1zt\u00e1k meg a kisz\u00e1m\u00edthatatlan \u00e1llami t\u00e1mogat\u00e1sok?<\/li>\n<\/ul><\/div>\n<\/div>\n<div class=\"post-content-soft-paywall\">\n<h2 class=\"wp-block-heading\">Vend\u00e9gmunk\u00e1sok n\u00e9lk\u00fcl<\/h2>\n<p>Az \u00e1llatgy\u00f3gyszereket gy\u00e1rt\u00f3 Lavet Gy\u00f3gyszeripari Kft. szerint a k\u00f6vetkez\u0151 t\u00edz \u00e9v legnagyobb probl\u00e9m\u00e1ja a szakk\u00e9pzett munkaer\u0151 biztos\u00edt\u00e1sa lesz. \u201eSajnos a helyzet \u00e9vr\u0151l \u00e9vre nehezebb. Igyeksz\u00fcnk egyetemi egy\u00fcttm\u0171k\u00f6d\u00e9sek r\u00e9v\u00e9n biztos\u00edtani c\u00e9g\u00fcnk szakemberig\u00e9ny\u00e9t, ahol lehets\u00e9ges, de ez csak egy sz\u0171kebb ter\u00fcletet \u00e9rint\u201d \u2013 r\u00e9szletezte a <a href=\"https:\/\/www.forbes.hu\/lists\/csaladi-lista-2026\/29-lavet-kft\/\">29. legnagyobb<\/a> magyar csal\u00e1di v\u00e1llalat a Forbes.hu-nak.<\/p>\n<p>A\u00a0<a href=\"https:\/\/www.forbes.hu\/lists\/csaladi-lista-2026\/11-kesz-holding-zrt\/\">K\u00e9sz csoport alap\u00edt\u00f3-tulajdonosa<\/a>, Varga Mih\u00e1ly is az oktat\u00e1s fel\u0151l k\u00f6zel\u00edtette meg a <a href=\"https:\/\/www.forbes.hu\/uzlet\/varga-mihaly-milliard-veszteseg-uzlet-kozbeszerzes-epitopar-ner-meszaros-elszamoltatas\/\">probl\u00e9m\u00e1t m\u00e9g j\u00faliusban,\u00a0amikor interj\u00fat adott a Forbes.hu-nak<\/a>, b\u00e1r kifejtette, hogy az \u00e9p\u00edt\u0151iparban a jelenlegi beruh\u00e1z\u00e1si visszaes\u00e9s miatt most kev\u00e9sb\u00e9 \u00e9rz\u0151dik a munkaer\u0151hi\u00e1ny. A c\u00e9g vezet\u0151je szerint ez gyorsan megv\u00e1ltozhat, ha a korm\u00e1nyv\u00e1lt\u00e1s k\u00f6vetkezt\u00e9ben \u00fajraindulnak a fejleszt\u00e9sek. A megold\u00e1st a hazai munkaer\u0151 k\u00e9pz\u00e9s\u00e9ben l\u00e1tja.\u00a0<\/p>\n<figure class=\"wp-block-image size-full\">\n<div class=\"photo-credit-wrapper\"><img decoding=\"async\" width=\"2560\" height=\"1706\" loading=\"lazy\" src=\"https:\/\/cdn.forbes.hu\/uploads\/2026\/07\/SL0_0100-scaled.jpg\" alt=\"\" class=\"wp-image-788296\" \/>\n<div class=\"photo-credit\">\n            <img decoding=\"async\" loading=\"lazy\" class=\"photo-credit__icon\" src=\"https:\/\/www.forbes.hu\/wp-content\/themes\/frontend\/atoms\/photo-credit\/icon-info.svg\" alt=\"info\" \/><br \/>\n            <span class=\"photo-credit__label\">Varga Mih\u00e1ly K\u00c9SZ Csoport<\/span>\n        <\/div>\n<\/div><figcaption class=\"wp-element-caption\">Varga Mih\u00e1ly, a K\u00e9sz csoport alap\u00edt\u00f3-tulajdonosa. Fot\u00f3: Sebesty\u00e9n L\u00e1szl\u00f3<\/figcaption><\/figure>\n<blockquote class=\"wp-block-quote is-layout-flow wp-block-quote-is-layout-flow\">\n<p>\u201e\u00c9n ink\u00e1bb onnan k\u00f6zel\u00edten\u00e9m meg a probl\u00e9m\u00e1t, hogy mi\u00e9rt \u00fcr\u00fclnek ki a falvak. Ha helyben tudunk feladatokat teremteni, \u00e9s helyben tudjuk foglalkoztatni az embereket, akkor lesz \u00e9rtelme \u00e1csot, asztalost vagy m\u00e1s szakmunk\u00e1st k\u00e9pezni\u201d<\/p>\n<\/blockquote>\n<p>\u2013 mondta Varga. A K\u00e9sz t\u00f6bb mint t\u00edz \u00e9ve foglalkozik szakoktat\u00e1ssal, Szegeden \u00e9s Kecskem\u00e9ten jelenleg t\u00f6bb mint 400 gyerek \u00e9s t\u00f6bb mint 400 feln\u0151tt vesz r\u00e9szt a k\u00e9pz\u00e9seiken.<\/p>\n<p>A <a href=\"https:\/\/www.forbes.hu\/lists\/csaladi-lista-2026\/5-master-good-csoport\/\">baromfiipari nagy\u00e1gy\u00fa Master Good <\/a>ezzel szemben \u00e9lesen b\u00edr\u00e1lta a Magyar-korm\u00e1ny vend\u00e9gmunk\u00e1s-stopj\u00e1t, arra hivatkozva, hogy dolgoz\u00f3inak mintegy 15 sz\u00e1zal\u00e9ka k\u00fclf\u00f6ldi, \u00e9s a korl\u00e1toz\u00e1s vesz\u00e9lyeztetheti a tervezett gy\u00e1r\u00e9p\u00edt\u00e9s\u00fcket. <\/p>\n<blockquote class=\"wp-block-quote is-layout-flow wp-block-quote-is-layout-flow\">\n<p>\u201eNem az\u00e9rt foglalkoztatunk harmadik orsz\u00e1gb\u00f3l munkav\u00e1llal\u00f3kat, mert ezzel a magyar munkav\u00e1llal\u00f3knak szeretn\u00e9nk versenyhelyzetet teremteni, hanem az\u00e9rt, mert azt gondoljuk, hogy a mi ipar\u00e1gunk egy neh\u00e9z ipar\u00e1g, \u00e9s nem minden munk\u00e1ra tal\u00e1lunk embert\u201d <\/p>\n<\/blockquote>\n<p>\u2013 mondta a c\u00e9g vezet\u0151je \u00e9s t\u00e1rstulajdonosa, ifj. B\u00e1r\u00e1ny L\u00e1szl\u00f3 <a href=\"https:\/\/www.forbes.hu\/uzlet\/master-good-barany-csalad-integracio-baromfi-tamogatas-beruhazas-multi-kisvarda\/\">a Forbesnak adott j\u00faliusi interj\u00faban.<\/a> Ekkor kor\u00e1bbi kijelent\u00e9s\u00fcket korrig\u00e1lva azt is el\u00e1rult\u00e1k, hogy az elk\u00f6vetkezend\u0151 5\u20136 \u00e9vben a c\u00e9gcsoport \u00f6sszesen 350 milli\u00e1rd forintot tervez beruh\u00e1z\u00e1sra k\u00f6lteni, aminek jelent\u0151s r\u00e9sz\u00e9t sz\u00e9khely\u00fck\u00f6n, Kisv\u00e1rd\u00e1n val\u00f3s\u00edtj\u00e1k majd meg.<\/p>\n<figure class=\"wp-block-image size-full\">\n<div class=\"photo-credit-wrapper\"><img decoding=\"async\" width=\"2560\" height=\"1707\" loading=\"lazy\" src=\"https:\/\/cdn.forbes.hu\/uploads\/2026\/07\/MasterGood_Barany_Laszlo_Forbes_RD_20260702_036-scaled.jpg\" alt=\"\" class=\"wp-image-784778\" \/>\n<div class=\"photo-credit\">\n            <img decoding=\"async\" loading=\"lazy\" class=\"photo-credit__icon\" src=\"https:\/\/www.forbes.hu\/wp-content\/themes\/frontend\/atoms\/photo-credit\/icon-info.svg\" alt=\"info\" \/><br \/>\n            <span class=\"photo-credit__label\">Fot\u00f3: R\u00e1nki D\u00e1niel<\/span>\n        <\/div>\n<\/div><figcaption class=\"wp-element-caption\">Ifj. B\u00e1r\u00e1ny L\u00e1szl\u00f3, a Master Good \u00fcgyvezet\u0151 igazgat\u00f3ja \u00e9s t\u00e1rstulajdonosa. Fot\u00f3: R\u00e1nki D\u00e1niel\/Forbes<\/figcaption><\/figure>\n<h2 class=\"wp-block-heading\">J\u00f6nnek az \u00f6nvezet\u0151 aut\u00f3k<\/h2>\n<p>A technol\u00f3giai v\u00e1ltoz\u00e1sok legal\u00e1bb ekkora \u00e1talakul\u00e1st hozhatnak. \u201eAzok a v\u00e1llalatok ker\u00fclhetnek el\u0151nybe, amelyek az els\u0151k k\u00f6z\u00f6tt kezdik el ezeket tudatosan \u00e9s innovat\u00edv m\u00f3don alkalmazni\u201d \u2013 \u00edrta megkeres\u00e9s\u00fcnkre Magyarorsz\u00e1g egyik vezet\u0151 haszong\u00e9pj\u00e1rm\u0171-k\u00f6lcs\u00f6nz\u0151 v\u00e1llalata. <a href=\"https:\/\/www.forbes.hu\/lists\/csaladi-lista-2026\/19-viarent-csoport\/\">A Viarent szerint <\/a>a digitaliz\u00e1ci\u00f3 \u00e9s a mesters\u00e9ges intelligencia mindennapi m\u0171k\u00f6d\u00e9sbe \u00e9p\u00edt\u00e9se lesz az egyik legfontosabb feladat a k\u00f6vetkez\u0151 \u00e9vekben. <\/p>\n<blockquote class=\"wp-block-quote is-layout-flow wp-block-quote-is-layout-flow\">\n<p>A v\u00e1llalat emellett az elektromos \u00e9s \u00f6nvezet\u0151 j\u00e1rm\u0171vek terjed\u00e9s\u00e9re is k\u00e9sz\u00fcl, ut\u00f3bbit\u00f3l a sof\u0151rhi\u00e1ny r\u00e9szleges enyh\u00fcl\u00e9s\u00e9t is v\u00e1rja.<\/p>\n<\/blockquote>\n<p>A b\u00e9rleti konstrukci\u00f3ban kis furgont\u00f3l kuk\u00e1saut\u00f3ig nagyj\u00e1b\u00f3l mindent k\u00edn\u00e1l\u00f3 Viarent szerint azonban az eg\u00e9sz ipar\u00e1g sz\u00e1m\u00e1ra komoly k\u00e9rd\u00e9s lesz, hogy mikor \u00e9s milyen \u00fctemben v\u00e1lthatnak a d\u00edzel teheraut\u00f3kr\u00f3l alternat\u00edv hajt\u00e1sl\u00e1ncokra. A flott\u00e1k fejleszt\u00e9s\u00e9r\u0151l ugyanis hossz\u00fa t\u00e1vra kell d\u00f6nteni, mik\u00f6zben ma m\u00e9g nem egy\u00e9rtelm\u0171, mikor v\u00e1lnak az elektromos vagy m\u00e1s alternat\u00edv megold\u00e1sok gazdas\u00e1goss\u00e1 \u00e9s a gyakorlatban is j\u00f3l haszn\u00e1lhat\u00f3v\u00e1. \u201eNem el\u00e9g, ha megjelennek az \u00faj j\u00e1rm\u0171vek. Sz\u00fcks\u00e9g van megfelel\u0151 t\u00f6lt\u0151h\u00e1l\u00f3zatra \u00e9s kisz\u00e1m\u00edthat\u00f3 szab\u00e1lyoz\u00e1sra is.\u201d\u00a0<\/p>\n<p>A 19. legnagyobb csal\u00e1di c\u00e9g szerint ez\u00e9rt a gy\u00e1rt\u00f3knak, fuvaroz\u00f3knak, b\u00e9rbead\u00f3knak \u00e9s energiaszolg\u00e1ltat\u00f3knak is egy\u00fctt kell gondolkodniuk arr\u00f3l, milyen ir\u00e1nyba \u00e9s milyen \u00fctemben v\u00e1ltozzon az \u00e1gazat. \u201eMi arra t\u00f6reksz\u00fcnk, hogy ezeket az eszk\u00f6z\u00f6ket ott haszn\u00e1ljuk, ahol t\u00e9nylegesen jav\u00edtj\u00e1k a folyamatainkat. Fontos, hogy egyszer\u0171bb\u00e9, gyorsabb\u00e1 \u00e9s g\u00f6rd\u00fcl\u00e9kenyebb\u00e9 tegy\u00e9k a munk\u00e1t. Szerint\u00fcnk azok a v\u00e1llalatok ker\u00fclhetnek el\u0151nybe, amelyek az els\u0151k k\u00f6z\u00f6tt kezdik el ezeket tudatosan \u00e9s innovat\u00edv m\u00f3don alkalmazni.\u201d<\/p>\n<p>P\u00e9ldak\u00e9nt eml\u00edtett\u00e9k, hogy egy \u00e1tl\u00e1that\u00f3 \u00e9s k\u00f6nnyen haszn\u00e1lhat\u00f3 digit\u00e1lis fel\u00fcleten dolgoznak, ahol az \u00fcgyfeleik egy helyen l\u00e1thatj\u00e1k majd a sz\u00e1mukra fontos adatokat, \u00e9s nyomon k\u00f6vethetik a j\u00e1rm\u0171veikkel kapcsolatos \u00fcgyeket. \u00cdgy az \u00fcgyint\u00e9z\u00e9s jelent\u0151s r\u00e9sze digit\u00e1lisan t\u00f6rt\u00e9nhet, egys\u00e9ges folyamatok alapj\u00e1n.<\/p>\n<p>A <a href=\"https:\/\/www.forbes.hu\/lists\/csaladi-lista-2026\/15-biotechusa-csoport\/\">BioTechUSA szint\u00e9n<\/a> az MI-t\u0151l v\u00e1r jelent\u0151s v\u00e1ltoz\u00e1sokat, a term\u00e9kfejleszt\u00e9st\u0151l a gy\u00e1rt\u00e1son \u00e9s logisztik\u00e1n \u00e1t a marketingig:<\/p>\n<blockquote class=\"wp-block-quote is-layout-flow wp-block-quote-is-layout-flow\">\n<p>\u201eAz MI a term\u00e9kfejleszt\u00e9st\u0151l \u00e9s a fogyaszt\u00f3i ig\u00e9nyek pontosabb meg\u00e9rt\u00e9s\u00e9t\u0151l kezdve a gy\u00e1rt\u00e1si, logisztikai \u00e9s kereskedelmi folyamatok optimaliz\u00e1l\u00e1s\u00e1ig, illetve marketingig jutva sz\u00e1mos ter\u00fcleten \u00faj lehet\u0151s\u00e9geket nyit. Eur\u00f3pa egyik legnagyobb \u00e9trendkieg\u00e9sz\u00edt\u0151-gy\u00e1rt\u00f3jak\u00e9nt ezekre nem puszt\u00e1n kih\u00edv\u00e1sk\u00e9nt, hanem n\u00f6veked\u00e9si lehet\u0151s\u00e9gk\u00e9nt tekint\u00fcnk.\u201d<\/p>\n<\/blockquote>\n<figure class=\"wp-block-image size-full\">\n<div class=\"photo-credit-wrapper\"><img decoding=\"async\" width=\"1565\" height=\"945\" loading=\"lazy\" src=\"https:\/\/cdn.forbes.hu\/uploads\/2026\/09\/biotech-levai-balint2-1-scaled-1.jpg\" alt=\"\" class=\"wp-image-799413\" \/><\/div><figcaption class=\"wp-element-caption\">L\u00e9vai B\u00e1lint, a BioTechUSA c\u00e9gcsoport vez\u00e9rigazgat\u00f3ja \u00e9s r\u00e9sztulajdonosa<\/figcaption><\/figure>\n<p>A v\u00e1llalat a geopolitikai bizonytalans\u00e1gokat \u00e9s az ell\u00e1t\u00e1si l\u00e1ncok kisz\u00e1m\u00edthatatlans\u00e1g\u00e1t is fontos kock\u00e1zatnak tartja. A lista 15. helyezettje azon az \u00e1ll\u00e1sponton van, hogy az alapanyagpiac volatilit\u00e1s\u00e1ra \u00e9s a folyamatosan v\u00e1ltoz\u00f3 szab\u00e1lyoz\u00e1sra az eg\u00e9sz ipar\u00e1gnak k\u00f6z\u00f6sen kellene reag\u00e1lnia, t\u00f6bbek k\u00f6z\u00f6tt egys\u00e9gesebb min\u0151s\u00e9gi standardokkal \u00e9s \u00e1tl\u00e1that\u00f3bb szab\u00e1lyoz\u00e1ssal. <\/p>\n<h2 class=\"wp-block-heading\">Kisz\u00e1m\u00edthatatlan \u00e1llami t\u00e1mogat\u00e1sok \u00e9s fenntarthat\u00f3s\u00e1g <\/h2>\n<p>A<a href=\"https:\/\/www.forbes.hu\/lists\/csaladi-lista-2026\/40-terran-kft\/\"> tet\u0151cserepeket gy\u00e1rt\u00f3 Terr\u00e1n <\/a>sz\u00e1m\u00e1ra az egyik legnagyobb k\u00f6zvetlen pr\u00f3bat\u00e9tel a fenntarthat\u00f3s\u00e1g k\u00e9rd\u00e9se \u00e9s az energiakr\u00edzis kezel\u00e9se. A Forbes becsl\u00e9se szerint 17,4 milli\u00e1rd forintot \u00e9r\u0151 c\u00e9g strat\u00e9giai c\u00e9lja, hogy 2030-ra teljesen karbonsemlegess\u00e9 tegye a m\u0171k\u00f6d\u00e9s\u00e9t, amellyel egy\u00fattal a k\u00f6lts\u00e9ghat\u00e9konys\u00e1got \u00e9s a hossz\u00fa t\u00e1v\u00fa piaci versenyk\u00e9pess\u00e9get is biztos\u00edtja.<\/p>\n<blockquote class=\"wp-block-quote is-layout-flow wp-block-quote-is-layout-flow\">\n<p>\u201eEzt a feladatot a gy\u00e1rt\u00e1s elektrifik\u00e1ci\u00f3j\u00e1val, valamint az energiat\u00e1rol\u00f3kkal kieg\u00e9sz\u00edtett, saj\u00e1t naper\u0151m\u0171vek ki\u00e9p\u00edt\u00e9s\u00e9vel m\u00e1r jelent\u0151s r\u00e9szben sikeresen megoldottuk. Emellett a f\u00f6ldg\u00e1zfelhaszn\u00e1l\u00e1sunkat is jelent\u0151s m\u00e9rt\u00e9kben siker\u00fclt kiv\u00e1ltanunk geotermikus energia bevon\u00e1s\u00e1val\u201d  <\/p>\n<\/blockquote>\n<p>\u2013 mondta G\u00f3di Attila \u00fcgyvezet\u0151 igazgat\u00f3. Megkeres\u00e9s\u00fcnkre azt is kifejtette, hogy folyamatos innov\u00e1ci\u00f3ra van sz\u00fcks\u00e9g ahhoz, hogy n\u00f6vekedni tudjanak, ez\u00e9rt kiemelt K+F projektj\u00fck r\u00e9szek\u00e9nt a tet\u0151s\u00edkba integr\u00e1lt napelemes tet\u0151cser\u00e9p, vagyis a Terr\u00e1n Generon \u00fajabb gener\u00e1ci\u00f3j\u00e1nak kifejleszt\u00e9s\u00e9n dolgoznak. \u00cdgy elmond\u00e1suk alapj\u00e1n versenyk\u00e9pesebb, k\u00f6rnyezetbar\u00e1tabb \u00e9s eszt\u00e9tikusabb energiatermel\u0151 tet\u0151fed\u0151 megold\u00e1saik lesznek a j\u00f6v\u0151ben.<\/p>\n<p>\u201eK\u00f6z\u00e9pt\u00e1v\u00fa strat\u00e9giai terveink k\u00f6z\u00f6tt szerepel a tov\u00e1bbi k\u00fclpiaci terjeszked\u00e9s is, c\u00e9lunk, hogy \u00fajabb termel\u0151kapacit\u00e1sok l\u00e9tes\u00edt\u00e9s\u00e9vel er\u0151s\u00edts\u00fck poz\u00edci\u00f3nkat a k\u00f6z\u00e9p-eur\u00f3pai r\u00e9gi\u00f3ban\u201d \u2013 tette hozz\u00e1. A kor\u00e1bbi \u00e9vekre visszatekintve \u00fagy gondolja, hogy a piaci ingadoz\u00e1sok jelentett\u00e9k a legnagyobb kih\u00edv\u00e1st az ipar\u00e1g szerepl\u0151i sz\u00e1m\u00e1ra. <\/p>\n<blockquote class=\"wp-block-quote is-layout-flow wp-block-quote-is-layout-flow\">\n<p>\u201eA piac ciklikuss\u00e1g\u00e1t a kisz\u00e1m\u00edthatatlanul v\u00e1ltoz\u00f3 \u00e1llami t\u00e1mogat\u00e1sok, valamint a rendszertelen\u00fcl bevezetett \u00e9s kivezetett hitelprogramok tov\u00e1bb er\u0151s\u00edtik.\u201d <\/p>\n<\/blockquote>\n<p>\u00c9ppen ez\u00e9rt a tulajdonos szerint rendk\u00edv\u00fcl fontos lenne egy \u00e1llami, hossz\u00fa t\u00e1v\u00fa lak\u00e1s\u00e9p\u00edt\u00e9si \u00e9s -fel\u00faj\u00edt\u00e1si koncepci\u00f3 kidolgoz\u00e1sa \u00e9s bevezet\u00e9se, amit <a href=\"https:\/\/www.forbes.hu\/hirek\/lakasok-kormany-tobb-kiemelt-beruhazas-elado-haz\/\">egy keddi h\u00edr szerint <\/a>m\u00e1r elkezdett el\u0151k\u00e9sz\u00edteni a Tisza-korm\u00e1ny. \u201eAz \u00e1llami szab\u00e1lyoz\u00e1s piackiegyenl\u00edt\u0151 szerepe korm\u00e1nyzati ciklusokon \u00e1t\u00edvelve tudn\u00e1 t\u00e1mogatni az ipar\u00e1g hat\u00e9kony m\u0171k\u00f6d\u00e9s\u00e9t, ami egy\u00fattal biztos\u00edthatn\u00e1 a k\u00f6vetkez\u0151 gener\u00e1ci\u00f3k, k\u00fcl\u00f6n\u00f6sen a fiatalok sz\u00e1m\u00e1ra a m\u00e9lt\u00e1nyos felt\u00e9telek melletti lak\u00e1shoz jut\u00e1st\u201d  \u2013 mondta.<\/p>\n<p>Glob\u00e1lis kitekint\u00e9sben az ipar\u00e1g legfontosabb k\u00e9rd\u00e9sk\u00f6r\u00e9nek a fenntarthat\u00f3s\u00e1got \u00e9s a dekarboniz\u00e1ci\u00f3t tartja. \u201eAz \u00e9p\u00edt\u0151anyag-gy\u00e1rt\u00e1s jelent\u0151s alapanyag- \u00e9s energiaig\u00e9ny\u0171 szektor. Ha az \u00e9p\u00fcletek \u00e9p\u00edt\u00e9s\u00e9t \u00e9s \u00fczemeltet\u00e9s\u00e9t egy\u00fctt vizsg\u00e1ljuk, a szektor felel\u0151s a glob\u00e1lis energiafelhaszn\u00e1l\u00e1s t\u00f6bb mint fel\u00e9\u00e9rt\u201d \u2013 r\u00e9szletezte. Szerinte a nett\u00f3 z\u00e9r\u00f3 kibocs\u00e1t\u00e1s el\u00e9r\u00e9se, a k\u00f6rforg\u00e1sos gazdas\u00e1gra val\u00f3 \u00e1t\u00e1ll\u00e1s jelenleg m\u00e9g nagyon t\u00e1volinak t\u0171nik \u00e9s olyan infrastruktur\u00e1lis \u00e9s technol\u00f3giai felt\u00e9teleket ig\u00e9nyel, amelyeket egyetlen szerepl\u0151 sem k\u00e9pes egyed\u00fcl ki\u00e9p\u00edteni. \u201eE probl\u00e9m\u00e1k felel\u0151s megold\u00e1sa csak k\u00f6z\u00f6s \u00f6sszefog\u00e1ssal k\u00e9pzelhet\u0151 el.\u201d\u00a0<\/p>\n<\/div>\n<div><\/div>\n<div class=\"premium-blocker premium-blocker--hu\" data-needed=\"authenticated\" data-current=\"[&quot;free&quot;]\">\n<div data-needed=\"authenticated\"><\/div>\n<\/div>\n<p>\t\t<!-- No email blocks found --><\/p>\n<p>The post <a href=\"https:\/\/www.forbes.hu\/uzlet\/mi-energiakrizisre-munkaerohianyra-csaladi-lista-2026\/\">Szinte minden m\u00e1sodik c\u00e9gnek cs\u00f6kkent az \u00e9rt\u00e9ke. \u00cdgy k\u00e9sz\u00fclnek az energiakr\u00edzisre, a munkaer\u0151hi\u00e1nyra \u00e9s az MI-re a legnagyobb csal\u00e1di v\u00e1llalkoz\u00e1sok<\/a> appeared first on <a href=\"https:\/\/www.forbes.hu\/\">Forbes.hu<\/a>.<\/p><div id=\"friss-3286689957\" class=\"friss-etarget-cikk-vege friss-entity-placement\"><script type=\"text\/javascript\" id=\"etargetScript7a9b589f63cb072bef80df221f46a22b\">function etargetPostloadFunction7a9b589f63cb072bef80df221f46a22b(){var e=\"etargetPostload7a9b589f63cb072bef80df221f46a22b\",t=\"etargetScript7a9b589f63cb072bef80df221f46a22b\",o=document.getElementById(e);if(o){for(var n=o.offsetTop,d=o.offsetLeft,r=o.offsetWidth,a=o.offsetHeight;o.offsetParent;)o=o.offsetParent,n+=o.offsetTop,d+=o.offsetLeft;var i=(n<=window.pageYOffset+window.innerHeight&&d<window.pageXOffset+window.innerWidth&&n+a>window.pageYOffset&&d+r>window.pageXOffset);if(i&&etargetAllowOtherCheck){allowed=!1;var c=document.createElement(\"script\");return c.src=\"\/\/hu.search.etargetnet.com\/generic\/uni.php?g=ref:58661,area:700x210\",void(document.getElementById(t)&&document.getElementById(e)&&(document.getElementById(t).parentNode.appendChild(c),document.getElementById(t).parentNode.removeChild(document.getElementById(t)),document.getElementById(e).parentNode.removeChild(document.getElementById(e)),document.removeEventListener(\"scroll\",etargetPostloadFunction7a9b589f63cb072bef80df221f46a22b),document.removeEventListener(\"resize\",etargetPostloadFunction7a9b589f63cb072bef80df221f46a22b),document.removeEventListener(\"DOMContentLoaded\",etargetPostloadFunction7a9b589f63cb072bef80df221f46a22b)))}}}var etargetDivID=\"etargetPostload7a9b589f63cb072bef80df221f46a22b\",etargetScriptID=\"etargetScript7a9b589f63cb072bef80df221f46a22b\",etargetPostloadPoint=document.createElement(\"div\");etargetPostloadPoint.id=etargetDivID;var etargetCurScript=document.getElementById(etargetScriptID);etargetCurScript.parentNode.appendChild(etargetPostloadPoint),document.addEventListener(\"scroll\",etargetPostloadFunction7a9b589f63cb072bef80df221f46a22b),document.addEventListener(\"resize\",etargetPostloadFunction7a9b589f63cb072bef80df221f46a22b),document.addEventListener(\"DOMContentLoaded\",etargetPostloadFunction7a9b589f63cb072bef80df221f46a22b);var etargetAllowOtherCheck=!0;if(typeof(\"forceRunPostload\")==\"string\"){etargetPostloadFunction7a9b589f63cb072bef80df221f46a22b()}<\/script><\/div><div id=\"friss-2356431633\" class=\"friss-after-content friss-entity-placement\"><script type=\"text\/javascript\" id=\"etargetScript7a9b589f63cb072bef80df221f46a22b\">function etargetPostloadFunction7a9b589f63cb072bef80df221f46a22b(){var e=\"etargetPostload7a9b589f63cb072bef80df221f46a22b\",t=\"etargetScript7a9b589f63cb072bef80df221f46a22b\",o=document.getElementById(e);if(o){for(var n=o.offsetTop,d=o.offsetLeft,r=o.offsetWidth,a=o.offsetHeight;o.offsetParent;)o=o.offsetParent,n+=o.offsetTop,d+=o.offsetLeft;var i=(n<=window.pageYOffset+window.innerHeight&&d<window.pageXOffset+window.innerWidth&&n+a>window.pageYOffset&&d+r>window.pageXOffset);if(i&&etargetAllowOtherCheck){allowed=!1;var c=document.createElement(\"script\");return c.src=\"\/\/hu.search.etargetnet.com\/generic\/uni.php?g=ref:58661,area:700x210\",void(document.getElementById(t)&&document.getElementById(e)&&(document.getElementById(t).parentNode.appendChild(c),document.getElementById(t).parentNode.removeChild(document.getElementById(t)),document.getElementById(e).parentNode.removeChild(document.getElementById(e)),document.removeEventListener(\"scroll\",etargetPostloadFunction7a9b589f63cb072bef80df221f46a22b),document.removeEventListener(\"resize\",etargetPostloadFunction7a9b589f63cb072bef80df221f46a22b),document.removeEventListener(\"DOMContentLoaded\",etargetPostloadFunction7a9b589f63cb072bef80df221f46a22b)))}}}var etargetDivID=\"etargetPostload7a9b589f63cb072bef80df221f46a22b\",etargetScriptID=\"etargetScript7a9b589f63cb072bef80df221f46a22b\",etargetPostloadPoint=document.createElement(\"div\");etargetPostloadPoint.id=etargetDivID;var etargetCurScript=document.getElementById(etargetScriptID);etargetCurScript.parentNode.appendChild(etargetPostloadPoint),document.addEventListener(\"scroll\",etargetPostloadFunction7a9b589f63cb072bef80df221f46a22b),document.addEventListener(\"resize\",etargetPostloadFunction7a9b589f63cb072bef80df221f46a22b),document.addEventListener(\"DOMContentLoaded\",etargetPostloadFunction7a9b589f63cb072bef80df221f46a22b);var etargetAllowOtherCheck=!0;if(typeof(\"forceRunPostload\")==\"string\"){etargetPostloadFunction7a9b589f63cb072bef80df221f46a22b()}<\/script><\/div><div id=\"friss-52196234\" class=\"friss-after-content_2 friss-entity-placement\" style=\"clear: both;\"><div class=\"wprss_ajax\" data-id=\"rss7bca18385d\"><img loading=\"lazy\" decoding=\"async\" src=\"https:\/\/friss-hirek.hu\/wp-content\/plugins\/wp-rss-retriever\/inc\/imgs\/ajax-loader.gif\" alt=\"Loading RSS Feed\" width=\"16\" height=\"16\"><\/div><\/div><br style=\"clear: both; display: block; float: none;\"\/><div id=\"friss-1221172189\" class=\"friss-after-content_3 friss-entity-placement\">https:\/\/www.youtube.com\/watch?v=Pdnw4KiUWp0<\/div>","protected":false},"excerpt":{"rendered":"<p>Az orsz\u00e1g gazdas\u00e1gi helyzete a Forbes friss csal\u00e1di list\u00e1j\u00e1n is visszak\u00f6sz\u00f6n, a negyven szerepl\u0151 k\u00f6z\u00fcl tizennyolcnak cs\u00f6kkent az \u00e9rt\u00e9ke tavaly \u00f3ta. Arr\u00f3l k\u00e9rdezt\u00fck a legnagyobb magyar csal\u00e1di v\u00e1llalatokat, hogy hogyan k\u00e9sz\u00fclnek a k\u00f6vetkez\u0151 \u00e9vtized megm\u00e9rettet\u00e9seire. Meglehet\u0151sen stabil maradt az elm\u00falt \u00e9vtizedben a csal\u00e1di lista \u00e9lmez\u0151nye, a k\u00f6vetkez\u0151 t\u00edz \u00e9v azonban sz\u00e1mos \u00faj helyzet \u00e9s neh\u00e9zs\u00e9g [&hellip;]<\/p>\n","protected":false},"author":1,"featured_media":0,"comment_status":"open","ping_status":"open","sticky":false,"template":"","format":"standard","meta":{"footnotes":""},"categories":[7],"tags":[],"class_list":["post-171135","post","type-post","status-publish","format-standard","hentry","category-uzlet"],"amp_enabled":true,"_links":{"self":[{"href":"https:\/\/friss-hirek.hu\/index.php\/wp-json\/wp\/v2\/posts\/171135","targetHints":{"allow":["GET"]}}],"collection":[{"href":"https:\/\/friss-hirek.hu\/index.php\/wp-json\/wp\/v2\/posts"}],"about":[{"href":"https:\/\/friss-hirek.hu\/index.php\/wp-json\/wp\/v2\/types\/post"}],"author":[{"embeddable":true,"href":"https:\/\/friss-hirek.hu\/index.php\/wp-json\/wp\/v2\/users\/1"}],"replies":[{"embeddable":true,"href":"https:\/\/friss-hirek.hu\/index.php\/wp-json\/wp\/v2\/comments?post=171135"}],"version-history":[{"count":0,"href":"https:\/\/friss-hirek.hu\/index.php\/wp-json\/wp\/v2\/posts\/171135\/revisions"}],"wp:attachment":[{"href":"https:\/\/friss-hirek.hu\/index.php\/wp-json\/wp\/v2\/media?parent=171135"}],"wp:term":[{"taxonomy":"category","embeddable":true,"href":"https:\/\/friss-hirek.hu\/index.php\/wp-json\/wp\/v2\/categories?post=171135"},{"taxonomy":"post_tag","embeddable":true,"href":"https:\/\/friss-hirek.hu\/index.php\/wp-json\/wp\/v2\/tags?post=171135"}],"curies":[{"name":"wp","href":"https:\/\/api.w.org\/{rel}","templated":true}]}}