{"id":171136,"date":"2026-09-03T08:56:06","date_gmt":"2026-09-03T08:56:06","guid":{"rendered":"https:\/\/friss-hirek.hu\/index.php\/az-egyik-legertekesebb-magyar-celebbel-forgatott-a-legsikeresebb-magyar-rendezo\/friss-hirek\/"},"modified":"2026-09-03T08:56:06","modified_gmt":"2026-09-03T08:56:06","slug":"az-egyik-legertekesebb-magyar-celebbel-forgatott-a-legsikeresebb-magyar-rendezo","status":"publish","type":"post","link":"https:\/\/friss-hirek.hu\/index.php\/az-egyik-legertekesebb-magyar-celebbel-forgatott-a-legsikeresebb-magyar-rendezo\/uzlet\/","title":{"rendered":"Az egyik leg\u00e9rt\u00e9kesebb magyar celebbel forgatott a legsikeresebb magyar rendez\u0151"},"content":{"rendered":"<p><strong>Herendi G\u00e1bor \u00fajra k\u00f6zvetlen \u00e1llami t\u00e1mogat\u00e1s n\u00e9lk\u00fcli filmet rendezett. Kor\u00e1bbi filmjei milli\u00f3kat cs\u00e1b\u00edtottak moziba, vajon a Kar\u00e1csonyra megj\u00f6v\u00f6k mire lesz k\u00e9pes?<\/strong><\/p><div id=\"friss-1344837660\" class=\"friss-etarget friss-entity-placement\"><script type=\"text\/javascript\" id=\"etargetScript7a9b589f63cb072bef80df221f46a22b\">function etargetPostloadFunction7a9b589f63cb072bef80df221f46a22b(){var e=\"etargetPostload7a9b589f63cb072bef80df221f46a22b\",t=\"etargetScript7a9b589f63cb072bef80df221f46a22b\",o=document.getElementById(e);if(o){for(var n=o.offsetTop,d=o.offsetLeft,r=o.offsetWidth,a=o.offsetHeight;o.offsetParent;)o=o.offsetParent,n+=o.offsetTop,d+=o.offsetLeft;var i=(n<=window.pageYOffset+window.innerHeight&&d<window.pageXOffset+window.innerWidth&&n+a>window.pageYOffset&&d+r>window.pageXOffset);if(i&&etargetAllowOtherCheck){allowed=!1;var c=document.createElement(\"script\");return c.src=\"\/\/hu.search.etargetnet.com\/generic\/uni.php?g=ref:58661,area:700x210\",void(document.getElementById(t)&&document.getElementById(e)&&(document.getElementById(t).parentNode.appendChild(c),document.getElementById(t).parentNode.removeChild(document.getElementById(t)),document.getElementById(e).parentNode.removeChild(document.getElementById(e)),document.removeEventListener(\"scroll\",etargetPostloadFunction7a9b589f63cb072bef80df221f46a22b),document.removeEventListener(\"resize\",etargetPostloadFunction7a9b589f63cb072bef80df221f46a22b),document.removeEventListener(\"DOMContentLoaded\",etargetPostloadFunction7a9b589f63cb072bef80df221f46a22b)))}}}var etargetDivID=\"etargetPostload7a9b589f63cb072bef80df221f46a22b\",etargetScriptID=\"etargetScript7a9b589f63cb072bef80df221f46a22b\",etargetPostloadPoint=document.createElement(\"div\");etargetPostloadPoint.id=etargetDivID;var etargetCurScript=document.getElementById(etargetScriptID);etargetCurScript.parentNode.appendChild(etargetPostloadPoint),document.addEventListener(\"scroll\",etargetPostloadFunction7a9b589f63cb072bef80df221f46a22b),document.addEventListener(\"resize\",etargetPostloadFunction7a9b589f63cb072bef80df221f46a22b),document.addEventListener(\"DOMContentLoaded\",etargetPostloadFunction7a9b589f63cb072bef80df221f46a22b);var etargetAllowOtherCheck=!0;if(typeof(\"forceRunPostload\")==\"string\"){etargetPostloadFunction7a9b589f63cb072bef80df221f46a22b()}<\/script><\/div>\n<p><strong>Mi t\u00f6rt\u00e9nt?<\/strong> Elk\u00e9sz\u00fclt Herendi G\u00e1bor <em>(Valami Amerika-filmek, Futni mentem) <\/em>kar\u00e1csonyi v\u00edgj\u00e1t\u00e9k\u00e1nak hossz\u00fa el\u0151zetese \u00e9s vadi\u00faj karakterplak\u00e1tjai. A <em>Kar\u00e1csonyra megj\u00f6v\u00f6k<\/em> els\u0151 el\u0151zetese <a href=\"https:\/\/www.forbes.hu\/hirek\/herendi-gabor-uj-karacsonyi-vigjateka-sztarparadeval-erkezik-a-mozikba-mutatjuk-az-elozeteset\/\">m\u00e9g j\u00faniusban deb\u00fct\u00e1lt.<\/a><\/p>\n<figure class=\"wp-block-embed is-type-video is-provider-youtube wp-block-embed-youtube wp-embed-aspect-16-9 wp-has-aspect-ratio\">\n<div class=\"wp-block-embed__wrapper\">\n<\/div>\n<\/figure>\n<p><strong>Mi\u00e9rt fontos ez? <\/strong>A <em>Kar\u00e1csonyra megj\u00f6v\u00f6k <\/em>k\u00f6zvetlen \u00e1llami t\u00e1mogat\u00e1s n\u00e9lk\u00fcl k\u00e9sz\u00fclt, ahogyan Herendi \u00e9s a gy\u00e1rt\u00f3-forgalmaz\u00f3, a Vertigo M\u00e9dia eddigi k\u00f6z\u00f6s munk\u00e1i is. A f\u00fcggetlen film producerei a<em> Futni mentem <\/em>m\u00f6g\u00f6tti p\u00e1ros, K\u00e1rp\u00e1ti Gy\u00f6rgy \u00e9s Berta Bal\u00e1zs, a v\u00edgj\u00e1t\u00e9k forgat\u00f3k\u00f6nyv\u00e9t egy nagysiker\u0171 argentin v\u00edgj\u00e1t\u00e9k alapj\u00e1n Divinyi R\u00e9ka \u00edrta, a zeneszerz\u0151 Hrutka R\u00f3bert.<\/p>\n<blockquote class=\"wp-block-quote is-layout-flow wp-block-quote-is-layout-flow\">\n<p>A Vertigo a Forbes.hu-val megosztotta: 29 forgat\u00e1si nap alatt k\u00e9sz\u00fclt el a film, szerint\u00fck ez f\u00fcggetlen filmn\u00e9l kifejezetten nagy sz\u00e1m.<\/p>\n<\/blockquote>\n<div class=\"related-post-links\">\n<p>\t\t<span class=\"related-post-links__title minititle\">T\u00f6bb ebb\u0151l<\/span><\/p>\n<div class=\"related-post-links__link-wrapper\">\n\t\t\t\t<a href=\"https:\/\/www.forbes.hu\/uzlet\/hat-nem-gyonyoru-evekig-nem-hivtak-most-a-kunigunda-utcabol-jelentkezett-be-a-rendszervaltas-utani-magyar-filmipar-egyik-legsikeresebb-rendezoje\/\" class=\"related-post-links__link\">\u201eH\u00e1t nem gy\u00f6ny\u00f6r\u0171?\u201d \u2013 \u00e9vekig nem h\u00edvt\u00e1k, most a Kunigunda utc\u00e1b\u00f3l jelentkezett be a rendszerv\u00e1lt\u00e1s ut\u00e1ni magyar filmipar egyik legsikeresebb rendez\u0151je<\/a>\n\t\t\t<\/div>\n<div class=\"related-post-links__link-wrapper\">\n\t\t\t\t<a href=\"https:\/\/www.forbes.hu\/uzlet\/celeblista-2026-majka-szoboszlai-sebestyen-balazs-molnar-aron-azahriah\/\" class=\"related-post-links__link\">\u00daj korszak, \u00faj celeblista: Majka \u00e9s Szoboszlai k\u00f6z\u00f6tt d\u0151lt el az els\u0151 hely<\/a>\n\t\t\t<\/div>\n<\/div>\n<p><strong>Mir\u0151l sz\u00f3l?<\/strong> A hivatalos szinopszis szerint: \u201eM\u00edra \u00e9s Attila h\u00e1romgyerekes h\u00e1zasp\u00e1r, \u00e9vek \u00f3ta egy\u00fctt \u00e9lnek h\u00e1rom l\u00e1nyukkal (4 \u00e9ves, 12 \u00e9ves, 17 \u00e9ves). M\u00edra \u00fcgyv\u00e9di praxis\u00e1t f\u00fcggesztette fel az anyas\u00e1g\u00e9rt, a\u00a0gyerekek nevel\u00e9se \u00e9s a\u00a0csal\u00e1d \u00f6sszetart\u00e1sa minden idej\u00e9t elviszi. Attila k\u00f6z\u00e9pvezet\u0151 egy multin\u00e1l, \u00e9s szerinte a\u00a0h\u00e1ztart\u00e1s vezet\u00e9se nem igazi kih\u00edv\u00e1s \u00e9s munka. M\u00edra \u00e9vek \u00f3ta nem volt pihenni, \u00edgy amikor Attila k\u00f6zli, hogy f\u00e9lk\u00e9zzel is megoldja a\u00a0csal\u00e1di feladatokat, az anya elhat\u00e1rozza, hogy egy h\u00e9tre elmegy nyaralni Balira. Attil\u00e1nak egyszerre kell megszerveznie az \u00e9ves kar\u00e1csonyi c\u00e9ges bulit \u00e9s menedzselnie a\u00a0gyerekek mindennapjait, \u00f3vodai, iskolai k\u00f6telezetts\u00e9geit. A\u00a0kar\u00e1csony k\u00f6zeledik, a\u00a0k\u00e1osz pedig fokoz\u00f3dik. A\u00a0csal\u00e1d \u00e9lete \u00e9s Attila munkahelyi el\u0151menetele egyszerre omlik \u00f6ssze M\u00edra t\u00e1voll\u00e9t\u00e9ben.\u201d<\/p>\n<p><strong>Kik j\u00e1tszanak benne?<\/strong> A\u00a0f\u0151szerepl\u0151 Cs\u00e1nyi S\u00e1ndor <em>(Futni mentem, Kontroll, Szabads\u00e1g, szerelem, Csak szex \u00e9s m\u00e1s semmi) <\/em>\u00e9s Lovas Rozi, a Forbes szerinti <a href=\"https:\/\/www.forbes.hu\/lists\/celeblista-2026\/lovas-rozi\/\">egyik leg\u00e9rt\u00e9kesebb magyar celeb<\/a> <em>(Futni mentem, Itt \u00e9rzem magam otthon, A mi kis falunk, G\u00f3lkir\u00e1lys\u00e1g). <\/em>A filmben szerepel tov\u00e1bb\u00e1 Krausz Zara, T\u00f3th R\u00f3za, Szij\u00e1rt\u00f3 Anna, Szij\u00e1rt\u00f3 Emma, Feh\u00e9r Tibor, Csuja Imre, M\u00e9sz\u00e1ros Piroska, Hern\u00e1di Judit, Tak\u00e1cs N\u00f3ra Di\u00e1na, Herczeg Adrienn, P\u00e1lmai Anna, T\u00f6r\u00f6k-Illy\u00e9s Orsolya, B\u00e1nyai Kelemen Barna \u00e9s P\u00e1l Andr\u00e1s, s\u0151t felt\u0171nik benne Hal\u00e1sz Judit, Janklovics P\u00e9ter, Semj\u00e9n N\u00f3ra, de m\u00e9g Tapaszt\u00f3 Orsi \u00e9s Balatoni J\u00f3zsef, avagy Joc\u00f3 b\u00e1csi is.<\/p>\n<div class=\"gallery-with-link one-page-block\" data-ishun=\"true\" data-photos=\"8\" data-id=\"forbes_569\" data-url-string=\"?galeria=\">\n<div class=\"gallery-with-link__images no-modal\">\n<p>\t\t\t\t\t<a href=\"https:\/\/cdn.forbes.hu\/uploads\/2026\/09\/Karacsonyra-megjovok-karakterplakatok-1-2-scaled.webp?r=eyJ3IjoyMDQ4LCJxIjo5MCwicyI6ImpwZyJ9\" class=\"gallery-with-link__image-wrapper swipebox-gallery-block\" rel=\"forbes_569\" data-rel=\"forbes_569\" title=\"\"><br \/>\n\t\t\t\t\t\t<img decoding=\"async\" loading=\"lazy\" width=\"0\" src=\"https:\/\/cdn.forbes.hu\/uploads\/2026\/09\/Karacsonyra-megjovok-karakterplakatok-1-2-scaled.webp?r=eyJ3Ijo3NTAsInEiOjkwLCJzIjoianBnIn0\" class=\"gallery-with-link__image\" alt=\"Az egyik leg\u00e9rt\u00e9kesebb magyar celebbel forgatott a legsikeresebb magyar rendez\u0151_0\" \/><br \/>\n\t\t\t\t\t\t\t\t\t\t\t<\/a><\/p>\n<p>\t\t\t\t\t<a href=\"https:\/\/cdn.forbes.hu\/uploads\/2026\/09\/Karacsonyra-megjovok-karakterplakatok-2-3-scaled.webp?r=eyJ3IjoyMDQ4LCJxIjo5MCwicyI6ImpwZyJ9\" class=\"gallery-with-link__image-wrapper swipebox-gallery-block\" rel=\"forbes_569\" data-rel=\"forbes_569\" title=\"\"><br \/>\n\t\t\t\t\t\t<img decoding=\"async\" loading=\"lazy\" width=\"0\" src=\"https:\/\/cdn.forbes.hu\/uploads\/2026\/09\/Karacsonyra-megjovok-karakterplakatok-2-3-scaled.webp?r=eyJ3Ijo3NTAsInEiOjkwLCJzIjoianBnIn0\" class=\"gallery-with-link__image\" alt=\"Az egyik leg\u00e9rt\u00e9kesebb magyar celebbel forgatott a legsikeresebb magyar rendez\u0151_1\" \/><\/a><\/p>\n<div class=\"last-image last-image--mobile\">\n<div class=\"last-image__overlay\"><\/div>\n<div class=\"last-image__icon\"><\/div>\n<p>\t<span class=\"last-image__opener-text\"><br \/>\n\t\t<span>+<\/span><br \/>\n\t\t<span class=\"remaining-images\">5<\/span><br \/>\n\t\t<span> k\u00e9p a gal\u00e9ri\u00e1ban<\/span><br \/>\n\t<\/span><\/p>\n<\/div>\n<p>\t\t\t\t\t\t\t\t\t\t\t<\/p>\n<p>\t\t\t\t\t<a href=\"https:\/\/cdn.forbes.hu\/uploads\/2026\/09\/Karacsonyra-megjovok-karakterplakatok-3-1-scaled.webp?r=eyJ3IjoyMDQ4LCJxIjo5MCwicyI6ImpwZyJ9\" class=\"gallery-with-link__image-wrapper swipebox-gallery-block\" rel=\"forbes_569\" data-rel=\"forbes_569\" title=\"\"><br \/>\n\t\t\t\t\t\t<img decoding=\"async\" loading=\"lazy\" width=\"0\" src=\"https:\/\/cdn.forbes.hu\/uploads\/2026\/09\/Karacsonyra-megjovok-karakterplakatok-3-1-scaled.webp?r=eyJ3Ijo3NTAsInEiOjkwLCJzIjoianBnIn0\" class=\"gallery-with-link__image\" alt=\"Az egyik leg\u00e9rt\u00e9kesebb magyar celebbel forgatott a legsikeresebb magyar rendez\u0151_2\" \/><\/a><\/p>\n<div class=\"last-image\">\n<div class=\"last-image__overlay\"><\/div>\n<div class=\"last-image__icon\"><\/div>\n<p>\t<span class=\"last-image__opener-text\"><br \/>\n\t\t<span>+<\/span><br \/>\n\t\t<span class=\"remaining-images\">5<\/span><br \/>\n\t\t<span> k\u00e9p a gal\u00e9ri\u00e1ban<\/span><br \/>\n\t<\/span><\/p>\n<\/div>\n<p>\t\t\t\t\t\t\t\t\t\t\t<\/p>\n<p>\t\t\t\t\t\t<a href=\"https:\/\/www.forbes.hu\/uzlet\/az-egyik-legertekesebb-magyar-celebbel-forgatott-a-legsikeresebb-magyar-rendezo\/#gallery-ad\" class=\"gallery-with-link__ad-container swipebox-gallery-block\" title=\"\" rel=\"forbes_569\" data-rel=\"forbes_569\"><\/a><\/p>\n<div class=\"gallery-with-link__ad-container\"><\/div>\n<p>\t\t\t\t\t<a href=\"https:\/\/cdn.forbes.hu\/uploads\/2026\/09\/Karacsonyra-megjovok-karakterplakatok-4-1-scaled.webp?r=eyJ3IjoyMDQ4LCJxIjo5MCwicyI6ImpwZyJ9\" class=\"gallery-with-link__image-wrapper swipebox-gallery-block\" rel=\"forbes_569\" data-rel=\"forbes_569\" title=\"\"><br \/>\n\t\t\t\t\t\t<img decoding=\"async\" loading=\"lazy\" width=\"0\" src=\"https:\/\/cdn.forbes.hu\/uploads\/2026\/09\/Karacsonyra-megjovok-karakterplakatok-4-1-scaled.webp?r=eyJ3Ijo3NTAsInEiOjkwLCJzIjoianBnIn0\" class=\"gallery-with-link__image\" alt=\"Az egyik leg\u00e9rt\u00e9kesebb magyar celebbel forgatott a legsikeresebb magyar rendez\u0151_3\" \/><br \/>\n\t\t\t\t\t\t\t\t\t\t\t<\/a><\/p>\n<p>\t\t\t\t\t<a href=\"https:\/\/cdn.forbes.hu\/uploads\/2026\/09\/Karacsonyra-megjovok-karakterplakatok-5-1-scaled.webp?r=eyJ3IjoyMDQ4LCJxIjo5MCwicyI6ImpwZyJ9\" class=\"gallery-with-link__image-wrapper swipebox-gallery-block\" rel=\"forbes_569\" data-rel=\"forbes_569\" title=\"\"><br \/>\n\t\t\t\t\t\t<img decoding=\"async\" loading=\"lazy\" width=\"0\" src=\"https:\/\/cdn.forbes.hu\/uploads\/2026\/09\/Karacsonyra-megjovok-karakterplakatok-5-1-scaled.webp?r=eyJ3Ijo3NTAsInEiOjkwLCJzIjoianBnIn0\" class=\"gallery-with-link__image\" alt=\"Az egyik leg\u00e9rt\u00e9kesebb magyar celebbel forgatott a legsikeresebb magyar rendez\u0151_4\" \/><br \/>\n\t\t\t\t\t\t\t\t\t\t\t<\/a><\/p>\n<p>\t\t\t\t\t<a href=\"https:\/\/cdn.forbes.hu\/uploads\/2026\/09\/Karacsonyra-megjovok-karakterplakatok-6-1-scaled.webp?r=eyJ3IjoyMDQ4LCJxIjo5MCwicyI6ImpwZyJ9\" class=\"gallery-with-link__image-wrapper swipebox-gallery-block\" rel=\"forbes_569\" data-rel=\"forbes_569\" title=\"\"><br \/>\n\t\t\t\t\t\t<img decoding=\"async\" loading=\"lazy\" width=\"0\" src=\"https:\/\/cdn.forbes.hu\/uploads\/2026\/09\/Karacsonyra-megjovok-karakterplakatok-6-1-scaled.webp?r=eyJ3Ijo3NTAsInEiOjkwLCJzIjoianBnIn0\" class=\"gallery-with-link__image\" alt=\"Az egyik leg\u00e9rt\u00e9kesebb magyar celebbel forgatott a legsikeresebb magyar rendez\u0151_5\" \/><br \/>\n\t\t\t\t\t\t\t\t\t\t\t<\/a><\/p>\n<p>\t\t\t\t\t<a href=\"https:\/\/cdn.forbes.hu\/uploads\/2026\/09\/Karacsonyra-megjovok-karakterplakatok-7-1-scaled.webp?r=eyJ3IjoyMDQ4LCJxIjo5MCwicyI6ImpwZyJ9\" class=\"gallery-with-link__image-wrapper swipebox-gallery-block\" rel=\"forbes_569\" data-rel=\"forbes_569\" title=\"\"><br \/>\n\t\t\t\t\t\t<img decoding=\"async\" loading=\"lazy\" width=\"0\" src=\"https:\/\/cdn.forbes.hu\/uploads\/2026\/09\/Karacsonyra-megjovok-karakterplakatok-7-1-scaled.webp?r=eyJ3Ijo3NTAsInEiOjkwLCJzIjoianBnIn0\" class=\"gallery-with-link__image\" alt=\"Az egyik leg\u00e9rt\u00e9kesebb magyar celebbel forgatott a legsikeresebb magyar rendez\u0151_6\" \/><br \/>\n\t\t\t\t\t\t\t\t\t\t\t<\/a><\/p>\n<p>\t\t\t\t\t<a href=\"https:\/\/cdn.forbes.hu\/uploads\/2026\/09\/Karacsonyra-megjovok-karakterplakatok-8-1-scaled.webp?r=eyJ3IjoyMDQ4LCJxIjo5MCwicyI6ImpwZyJ9\" class=\"gallery-with-link__image-wrapper swipebox-gallery-block\" rel=\"forbes_569\" data-rel=\"forbes_569\" title=\"\"><br \/>\n\t\t\t\t\t\t<img decoding=\"async\" loading=\"lazy\" width=\"0\" src=\"https:\/\/cdn.forbes.hu\/uploads\/2026\/09\/Karacsonyra-megjovok-karakterplakatok-8-1-scaled.webp?r=eyJ3Ijo3NTAsInEiOjkwLCJzIjoianBnIn0\" class=\"gallery-with-link__image\" alt=\"Az egyik leg\u00e9rt\u00e9kesebb magyar celebbel forgatott a legsikeresebb magyar rendez\u0151_7\" \/><br \/>\n\t\t\t\t\t\t\t\t\t\t\t<\/a><\/p><\/div>\n<div class=\"gallery-with-link__caption\"><figcaption class=\"wp-element-caption\">\n\t\t\t\t\tA Kar\u00e1csonyra megj\u00f6v\u00f6k karakterplak\u00e1tjai. Forr\u00e1s: Vertigo M\u00e9dia (8 k\u00e9p)\t\t\t\t<\/figcaption><\/div>\n<\/div>\n<p><strong>Kontextus.<\/strong> Az alkot\u00f3k szerint<\/p>\n<blockquote class=\"wp-block-quote is-layout-flow wp-block-quote-is-layout-flow\">\n<p>Herendi eddigi kilenc mozifilmje az elm\u00falt k\u00e9t \u00e9vtizedben t\u00f6bb mint 3,4 milli\u00f3 n\u00e9z\u0151t vonzott mozikba, amivel messze a legsikeresebb magyar filmes.<\/p>\n<\/blockquote>\n<p>A rendszerv\u00e1lt\u00e1s ut\u00e1ni filmk\u00e9sz\u00edt\u00e9s t\u00edz legn\u00e9zettebb mozij\u00e1b\u00f3l n\u00e9gyet is \u0151 rendezett <em>(Futni mentem, Valami Amerika, Magyar v\u00e1ndor, Kincsem)<\/em>, valamennyi filmj\u00e9t legal\u00e1bb 100 ezer n\u00e9z\u0151 l\u00e1tta a mozikban. A rendez\u0151 \u2013 sok m\u00e1s magyar filmeshez hasonl\u00f3an \u2013 \u00e9vekre kiszorult az Orb\u00e1n Viktor \u00e9s K\u00e1el Csaba f\u00e9mjelezte \u00e1llami t\u00e1mogat\u00e1si rendszerb\u0151l, de p\u00e9ld\u00e1ul a k\u00f6zm\u00e9di\u00e1ba is csak most, <a href=\"https:\/\/www.forbes.hu\/uzlet\/hat-nem-gyonyoru-evekig-nem-hivtak-most-a-kunigunda-utcabol-jelentkezett-be-a-rendszervaltas-utani-magyar-filmipar-egyik-legsikeresebb-rendezoje\/\">a korm\u00e1nyv\u00e1lt\u00e1s ut\u00e1n h\u00edvt\u00e1k be.<\/a><\/p>\n<p><strong>Herendi.<\/strong> A Forbes <a href=\"https:\/\/www.forbes.hu\/a-jo-elet\/herendi-gabor-marcius\/\" target=\"_blank\" rel=\"noreferrer noopener\">tavaly, a <em>Futni mentem<\/em> kapcs\u00e1n k\u00e9sz\u00edtett c\u00edmlapinterj\u00fat Herendivel.<\/a>\u00a0A 2024-ben bemutatott filmet szint\u00e9n a Vertigo M\u00e9dia gy\u00e1rt\u00e1s\u00e1ban, az akkor m\u00e9g K\u00e1el-f\u00e9le Nemzeti Filmint\u00e9zett\u0151l f\u00fcggetlen\u00fcl forgatt\u00e1k le, ahogyan\u00a0<a href=\"https:\/\/www.forbes.hu\/hirek\/herendi-gabor-uj-karacsonyi-vigjateka-sztarparadeval-erkezik-a-mozikba-mutatjuk-az-elozeteset\/\" target=\"_blank\" rel=\"noreferrer noopener\">Herendi ezut\u00e1ni rendez\u00e9seit is.<\/a>\u00a0A Filmforgalmaz\u00f3k Egyes\u00fclet\u00e9nek adatb\u00e1zisa szerint a\u00a0<em>Futni mentem<\/em>\u00a01990 \u00f3ta a m\u00e1sodik legn\u00e9pszer\u0171bb magyar mozifilm t\u00f6bb mint 740 ezer l\u00e1togat\u00f3val. Az els\u0151 a szint\u00e9n 2024-es\u00a0<em>Hogyan tudn\u00e9k \u00e9lni n\u00e9lk\u00fcled?<\/em>\u00a0t\u00f6bb mint egymilli\u00f3 n\u00e9z\u0151vel \u2013 ut\u00f3bbit Herendi filmj\u00e9vel ellent\u00e9tben \u00e1llami t\u00e1mogat\u00e1sb\u00f3l gy\u00e1rtott\u00e1k \u00e9s n\u00e9pszer\u0171s\u00edtett\u00e9k is.<\/p>\n<p><strong>Hogyan tov\u00e1bb?<\/strong> A <em>Kar\u00e1csonyra megj\u00f6v\u00f6k<\/em> december 3-t\u00f3l l\u00e1that\u00f3 a hazai mozikban.<\/p>\n<p><!-- No email blocks found --><\/p>\n<p>The post <a href=\"https:\/\/www.forbes.hu\/uzlet\/az-egyik-legertekesebb-magyar-celebbel-forgatott-a-legsikeresebb-magyar-rendezo\/\">Az egyik leg\u00e9rt\u00e9kesebb magyar celebbel forgatott a legsikeresebb magyar rendez\u0151<\/a> appeared first on <a href=\"https:\/\/www.forbes.hu\/\">Forbes.hu<\/a>.<\/p><div id=\"friss-4006853109\" class=\"friss-etarget-cikk-vege friss-entity-placement\"><script type=\"text\/javascript\" id=\"etargetScript7a9b589f63cb072bef80df221f46a22b\">function etargetPostloadFunction7a9b589f63cb072bef80df221f46a22b(){var e=\"etargetPostload7a9b589f63cb072bef80df221f46a22b\",t=\"etargetScript7a9b589f63cb072bef80df221f46a22b\",o=document.getElementById(e);if(o){for(var n=o.offsetTop,d=o.offsetLeft,r=o.offsetWidth,a=o.offsetHeight;o.offsetParent;)o=o.offsetParent,n+=o.offsetTop,d+=o.offsetLeft;var i=(n<=window.pageYOffset+window.innerHeight&&d<window.pageXOffset+window.innerWidth&&n+a>window.pageYOffset&&d+r>window.pageXOffset);if(i&&etargetAllowOtherCheck){allowed=!1;var c=document.createElement(\"script\");return c.src=\"\/\/hu.search.etargetnet.com\/generic\/uni.php?g=ref:58661,area:700x210\",void(document.getElementById(t)&&document.getElementById(e)&&(document.getElementById(t).parentNode.appendChild(c),document.getElementById(t).parentNode.removeChild(document.getElementById(t)),document.getElementById(e).parentNode.removeChild(document.getElementById(e)),document.removeEventListener(\"scroll\",etargetPostloadFunction7a9b589f63cb072bef80df221f46a22b),document.removeEventListener(\"resize\",etargetPostloadFunction7a9b589f63cb072bef80df221f46a22b),document.removeEventListener(\"DOMContentLoaded\",etargetPostloadFunction7a9b589f63cb072bef80df221f46a22b)))}}}var etargetDivID=\"etargetPostload7a9b589f63cb072bef80df221f46a22b\",etargetScriptID=\"etargetScript7a9b589f63cb072bef80df221f46a22b\",etargetPostloadPoint=document.createElement(\"div\");etargetPostloadPoint.id=etargetDivID;var etargetCurScript=document.getElementById(etargetScriptID);etargetCurScript.parentNode.appendChild(etargetPostloadPoint),document.addEventListener(\"scroll\",etargetPostloadFunction7a9b589f63cb072bef80df221f46a22b),document.addEventListener(\"resize\",etargetPostloadFunction7a9b589f63cb072bef80df221f46a22b),document.addEventListener(\"DOMContentLoaded\",etargetPostloadFunction7a9b589f63cb072bef80df221f46a22b);var etargetAllowOtherCheck=!0;if(typeof(\"forceRunPostload\")==\"string\"){etargetPostloadFunction7a9b589f63cb072bef80df221f46a22b()}<\/script><\/div><div id=\"friss-645790979\" class=\"friss-after-content friss-entity-placement\"><script type=\"text\/javascript\" id=\"etargetScript7a9b589f63cb072bef80df221f46a22b\">function etargetPostloadFunction7a9b589f63cb072bef80df221f46a22b(){var e=\"etargetPostload7a9b589f63cb072bef80df221f46a22b\",t=\"etargetScript7a9b589f63cb072bef80df221f46a22b\",o=document.getElementById(e);if(o){for(var n=o.offsetTop,d=o.offsetLeft,r=o.offsetWidth,a=o.offsetHeight;o.offsetParent;)o=o.offsetParent,n+=o.offsetTop,d+=o.offsetLeft;var i=(n<=window.pageYOffset+window.innerHeight&&d<window.pageXOffset+window.innerWidth&&n+a>window.pageYOffset&&d+r>window.pageXOffset);if(i&&etargetAllowOtherCheck){allowed=!1;var c=document.createElement(\"script\");return c.src=\"\/\/hu.search.etargetnet.com\/generic\/uni.php?g=ref:58661,area:700x210\",void(document.getElementById(t)&&document.getElementById(e)&&(document.getElementById(t).parentNode.appendChild(c),document.getElementById(t).parentNode.removeChild(document.getElementById(t)),document.getElementById(e).parentNode.removeChild(document.getElementById(e)),document.removeEventListener(\"scroll\",etargetPostloadFunction7a9b589f63cb072bef80df221f46a22b),document.removeEventListener(\"resize\",etargetPostloadFunction7a9b589f63cb072bef80df221f46a22b),document.removeEventListener(\"DOMContentLoaded\",etargetPostloadFunction7a9b589f63cb072bef80df221f46a22b)))}}}var etargetDivID=\"etargetPostload7a9b589f63cb072bef80df221f46a22b\",etargetScriptID=\"etargetScript7a9b589f63cb072bef80df221f46a22b\",etargetPostloadPoint=document.createElement(\"div\");etargetPostloadPoint.id=etargetDivID;var etargetCurScript=document.getElementById(etargetScriptID);etargetCurScript.parentNode.appendChild(etargetPostloadPoint),document.addEventListener(\"scroll\",etargetPostloadFunction7a9b589f63cb072bef80df221f46a22b),document.addEventListener(\"resize\",etargetPostloadFunction7a9b589f63cb072bef80df221f46a22b),document.addEventListener(\"DOMContentLoaded\",etargetPostloadFunction7a9b589f63cb072bef80df221f46a22b);var etargetAllowOtherCheck=!0;if(typeof(\"forceRunPostload\")==\"string\"){etargetPostloadFunction7a9b589f63cb072bef80df221f46a22b()}<\/script><\/div><div id=\"friss-114480724\" class=\"friss-after-content_2 friss-entity-placement\" style=\"clear: both;\"><div class=\"wprss_ajax\" data-id=\"rsscc079072db\"><img loading=\"lazy\" decoding=\"async\" src=\"https:\/\/friss-hirek.hu\/wp-content\/plugins\/wp-rss-retriever\/inc\/imgs\/ajax-loader.gif\" alt=\"Loading RSS Feed\" width=\"16\" height=\"16\"><\/div><\/div><br style=\"clear: both; display: block; float: none;\"\/><div id=\"friss-1537285427\" class=\"friss-after-content_3 friss-entity-placement\">https:\/\/www.youtube.com\/watch?v=Pdnw4KiUWp0<\/div>","protected":false},"excerpt":{"rendered":"<p>Herendi G\u00e1bor \u00fajra k\u00f6zvetlen \u00e1llami t\u00e1mogat\u00e1s n\u00e9lk\u00fcli filmet rendezett. Kor\u00e1bbi filmjei milli\u00f3kat cs\u00e1b\u00edtottak moziba, vajon a Kar\u00e1csonyra megj\u00f6v\u00f6k mire lesz k\u00e9pes? Mi t\u00f6rt\u00e9nt? Elk\u00e9sz\u00fclt Herendi G\u00e1bor (Valami Amerika-filmek, Futni mentem) kar\u00e1csonyi v\u00edgj\u00e1t\u00e9k\u00e1nak hossz\u00fa el\u0151zetese \u00e9s vadi\u00faj karakterplak\u00e1tjai. A Kar\u00e1csonyra megj\u00f6v\u00f6k els\u0151 el\u0151zetese m\u00e9g j\u00faniusban deb\u00fct\u00e1lt. Mi\u00e9rt fontos ez? A Kar\u00e1csonyra megj\u00f6v\u00f6k k\u00f6zvetlen \u00e1llami t\u00e1mogat\u00e1s n\u00e9lk\u00fcl [&hellip;]<\/p>\n","protected":false},"author":1,"featured_media":0,"comment_status":"open","ping_status":"open","sticky":false,"template":"","format":"standard","meta":{"footnotes":""},"categories":[7],"tags":[],"class_list":["post-171136","post","type-post","status-publish","format-standard","hentry","category-uzlet"],"amp_enabled":true,"_links":{"self":[{"href":"https:\/\/friss-hirek.hu\/index.php\/wp-json\/wp\/v2\/posts\/171136","targetHints":{"allow":["GET"]}}],"collection":[{"href":"https:\/\/friss-hirek.hu\/index.php\/wp-json\/wp\/v2\/posts"}],"about":[{"href":"https:\/\/friss-hirek.hu\/index.php\/wp-json\/wp\/v2\/types\/post"}],"author":[{"embeddable":true,"href":"https:\/\/friss-hirek.hu\/index.php\/wp-json\/wp\/v2\/users\/1"}],"replies":[{"embeddable":true,"href":"https:\/\/friss-hirek.hu\/index.php\/wp-json\/wp\/v2\/comments?post=171136"}],"version-history":[{"count":0,"href":"https:\/\/friss-hirek.hu\/index.php\/wp-json\/wp\/v2\/posts\/171136\/revisions"}],"wp:attachment":[{"href":"https:\/\/friss-hirek.hu\/index.php\/wp-json\/wp\/v2\/media?parent=171136"}],"wp:term":[{"taxonomy":"category","embeddable":true,"href":"https:\/\/friss-hirek.hu\/index.php\/wp-json\/wp\/v2\/categories?post=171136"},{"taxonomy":"post_tag","embeddable":true,"href":"https:\/\/friss-hirek.hu\/index.php\/wp-json\/wp\/v2\/tags?post=171136"}],"curies":[{"name":"wp","href":"https:\/\/api.w.org\/{rel}","templated":true}]}}