{"id":171141,"date":"2026-09-03T10:59:13","date_gmt":"2026-09-03T10:59:13","guid":{"rendered":"https:\/\/friss-hirek.hu\/index.php\/kiszaradtak-a-maros-mellekfolyoi-romaniaban\/friss-hirek\/"},"modified":"2026-09-03T10:59:13","modified_gmt":"2026-09-03T10:59:13","slug":"kiszaradtak-a-maros-mellekfolyoi-romaniaban","status":"publish","type":"post","link":"https:\/\/friss-hirek.hu\/index.php\/kiszaradtak-a-maros-mellekfolyoi-romaniaban\/videk\/","title":{"rendered":"Kisz\u00e1radtak a Maros mell\u00e9kfoly\u00f3i Rom\u00e1ni\u00e1ban"},"content":{"rendered":"<p>Az <a href=\"https:\/\/agerpres.ro\/social\/2026\/09\/01\/arad-toti-afluentii-muresului-au-secat-iar-raul-este-la-o-treime-din-debitul-normal--1589536\" target=\"_blank\" rel=\"noopener\">Agerpres.ro<\/a> sz\u00e1molt be arr\u00f3l, hogy Arad megy\u00e9ben az elm\u00falt h\u00f3napok csapad\u00e9khi\u00e1nya miatt kisz\u00e1radt a Maros valamennyi mell\u00e9kfoly\u00f3ja, a foly\u00f3 pedig m\u00e1r csak az ilyenkor megszokott v\u00edzmennyis\u00e9g mintegy harmad\u00e1t sz\u00e1ll\u00edtja \u2013 \u00edrta meg a <a href=\"https:\/\/szegeder.hu\/kulfold\/2026-09-02\/kiszaradtak-a-maros-mellekfolyoi-makonal-rekordalacsony-a-vizallas\/\" target=\"_blank\" rel=\"noopener\">Szegeder<\/a>.<\/p><div id=\"friss-1920013848\" class=\"friss-etarget friss-entity-placement\"><script type=\"text\/javascript\" id=\"etargetScript7a9b589f63cb072bef80df221f46a22b\">function etargetPostloadFunction7a9b589f63cb072bef80df221f46a22b(){var e=\"etargetPostload7a9b589f63cb072bef80df221f46a22b\",t=\"etargetScript7a9b589f63cb072bef80df221f46a22b\",o=document.getElementById(e);if(o){for(var n=o.offsetTop,d=o.offsetLeft,r=o.offsetWidth,a=o.offsetHeight;o.offsetParent;)o=o.offsetParent,n+=o.offsetTop,d+=o.offsetLeft;var i=(n<=window.pageYOffset+window.innerHeight&&d<window.pageXOffset+window.innerWidth&&n+a>window.pageYOffset&&d+r>window.pageXOffset);if(i&&etargetAllowOtherCheck){allowed=!1;var c=document.createElement(\"script\");return c.src=\"\/\/hu.search.etargetnet.com\/generic\/uni.php?g=ref:58661,area:700x210\",void(document.getElementById(t)&&document.getElementById(e)&&(document.getElementById(t).parentNode.appendChild(c),document.getElementById(t).parentNode.removeChild(document.getElementById(t)),document.getElementById(e).parentNode.removeChild(document.getElementById(e)),document.removeEventListener(\"scroll\",etargetPostloadFunction7a9b589f63cb072bef80df221f46a22b),document.removeEventListener(\"resize\",etargetPostloadFunction7a9b589f63cb072bef80df221f46a22b),document.removeEventListener(\"DOMContentLoaded\",etargetPostloadFunction7a9b589f63cb072bef80df221f46a22b)))}}}var etargetDivID=\"etargetPostload7a9b589f63cb072bef80df221f46a22b\",etargetScriptID=\"etargetScript7a9b589f63cb072bef80df221f46a22b\",etargetPostloadPoint=document.createElement(\"div\");etargetPostloadPoint.id=etargetDivID;var etargetCurScript=document.getElementById(etargetScriptID);etargetCurScript.parentNode.appendChild(etargetPostloadPoint),document.addEventListener(\"scroll\",etargetPostloadFunction7a9b589f63cb072bef80df221f46a22b),document.addEventListener(\"resize\",etargetPostloadFunction7a9b589f63cb072bef80df221f46a22b),document.addEventListener(\"DOMContentLoaded\",etargetPostloadFunction7a9b589f63cb072bef80df221f46a22b);var etargetAllowOtherCheck=!0;if(typeof(\"forceRunPostload\")==\"string\"){etargetPostloadFunction7a9b589f63cb072bef80df221f46a22b()}<\/script><\/div>\n<p>A n\u00e9gy f\u0151 m\u00e9r\u0151ponton minden\u00fctt j\u00f3val a sok\u00e9ves \u00e1tlag alatt alakul a Maros v\u00edzhozama. Soborsinn\u00e1l m\u00e1sodpercenk\u00e9nt 63,8 k\u00f6bm\u00e9tert m\u00e9rtek, Lipp\u00e1n\u00e1l az \u00e1tlag 26, Aradn\u00e1l 29, a magyar hat\u00e1rhoz k\u00f6zeli Nagylakn\u00e1l pedig 32 sz\u00e1zal\u00e9k\u00e1t. Nagylakn\u00e1l ez m\u00e1sodpercenk\u00e9nt 42,8 k\u00f6bm\u00e9teres v\u00edzhozamot jelent.<\/p>\n<p>A Maros Nagylak t\u00e9rs\u00e9g\u00e9t\u0151l Magyarorsz\u00e1g fel\u00e9 folytat\u00f3dik, Ap\u00e1tfalva \u00e9s Mak\u00f3 mellett halad el, majd Szegedn\u00e9l torkollik a Tisz\u00e1ba.<\/p>\n<blockquote class=\"_ce_measure_widget\" data-ce-measure-widget=\"Id\u00e9zet\">\n<p>A magyar v\u00edz\u00fcgy adatai szerint szeptember 1-j\u00e9n 0 \u00f3rakor Mak\u00f3n\u00e1l m\u00ednusz 117 centim\u00e9teres v\u00edz\u00e1ll\u00e1st \u00e9s m\u00e1sodpercenk\u00e9nt 36,9 k\u00f6bm\u00e9teres v\u00edzhozamot m\u00e9rtek. Hatalmas ingadoz\u00e1s volt azonban a v\u00edz\u00e1ll\u00e1sban, mert szeptember 2-\u00e1ra m\u00e1r 10 centivel alacsonyabb, m\u00ednusz 127 centi volt a foly\u00f3, k\u00e9s\u0151 d\u00e9lut\u00e1nra v\u00e9g\u00fcl 5 centivel magasabb lett a v\u00edz\u00e1ll\u00e1s<\/p>\n<\/blockquote>\n<p>\u2013 \u00edrta a port\u00e1l.<\/p>\n<p><span class=\"highlight-block-small _ce_measure_widget\" data-ce-measure-widget=\"Kiemel\u00e9s - hossz\u00fa sz\u00f6veghez\">A rom\u00e1n v\u00edz\u00fcgyi szakemberek szerint Arad megy\u00e9ben s\u00falyos a helyzet, mivel a foly\u00f3nak nincs ut\u00e1np\u00f3tl\u00e1sa: valamennyi mell\u00e9kfoly\u00f3ja kisz\u00e1radt.<\/span><\/p>\n<p>A Maros ugyanakkor m\u00e9g nem \u00e9rte el a t\u00f6rt\u00e9nelmi minimumot, ugyanis a t\u00e9rs\u00e9gben valaha m\u00e9rt legalacsonyabb v\u00edzhozamot 1985 janu\u00e1rj\u00e1ban jegyezt\u00e9k fel, mind\u00f6ssze m\u00e1sodpercenk\u00e9nt 15,5 k\u00f6bm\u00e9terrel. Ez Mak\u00f3n\u00e1l 30,2 k\u00f6bm\u00e9ter volt m\u00ednusz 127 centis v\u00edzn\u00e9l.<\/p>\n<p>A rendk\u00edv\u00fcli sz\u00e1razs\u00e1g \u00e9s a fogy\u00f3 v\u00edzk\u00e9szletek miatt t\u00f6bbf\u00e9le korl\u00e1toz\u00e1st vezettek be. Az Aradi V\u00edz\u00fcgyi V\u00e1llalat 16 telep\u00fcl\u00e9sen \u00e9jszakai v\u00edzkorl\u00e1toz\u00e1st alkalmaz, \u00e9jf\u00e9l \u00e9s hajnali n\u00e9gy \u00f3ra k\u00f6z\u00f6tt elz\u00e1rj\u00e1k a vizet, hogy a t\u00e1roz\u00f3k nyom\u00e1sa \u00e9s tartal\u00e9ka napk\u00f6zben helyre\u00e1lljon. Kiszenden naponta csak k\u00e9t \u00f3r\u00e1n \u00e1t van v\u00edz a h\u00e1l\u00f3zatban, mik\u00f6zben az \u00f6nt\u00f6z\u00e9si c\u00e9l\u00fa Marosv\u00edz-kiv\u00e9telt is korl\u00e1tozt\u00e1k vagy megtiltott\u00e1k a minim\u00e1lis \u00f6kol\u00f3giai v\u00edzmennyis\u00e9g v\u00e9delm\u00e9ben.<\/p>\n<p>\u00cdrtunk arr\u00f3l is, hogy <a href=\"https:\/\/sokszinuvidek.24.hu\/viragzo-videkunk\/2026\/08\/29\/tisza-to-aszaly-vizhiany\/\" target=\"_blank\" rel=\"noopener\">akkor az asz\u00e1ly, hogy s\u00e9t\u00e1lni is lehet a Tisza-t\u00f3 medr\u00e9ben<\/a>\u00a0\u00e9s m\u0171holdk\u00e9p mutatj\u00e1k meg, <a href=\"https:\/\/sokszinuvidek.24.hu\/viragzo-videkunk\/2026\/08\/24\/ur-muhold-velencei-to-aszaly\/\" target=\"_blank\" rel=\"noopener\">mennyire \u00f6sszezsugorodott a Velencei-t\u00f3<\/a>. \u0150sszel pedig a <a href=\"https:\/\/sokszinuvidek.24.hu\/viragzo-videkunk\/2026\/08\/23\/vizhiany-aszaly-halastavak-lecsapolas-vizpotlas\/\" target=\"_blank\" rel=\"noopener\">lecsapolt halastavak viz\u00e9vel \u201eitatj\u00e1k meg\u201d a k\u00f6rnyez\u0151 t\u00e1jakat<\/a>.<\/p>\n<div class=\"o-post__articRecommend m-articRecommend -hasImg cf article-recommendation-container cf _ce_measure_widget\" data-ce-measure-widget=\"Cikkaj\u00e1nl\u00f3 widget\">\n<div class=\"m-articRecommend__widgetTitle\">Kapcsol\u00f3d\u00f3<\/div>\n<div class=\"m-articRecommend__imgWrap image-container\"><a href=\"https:\/\/sokszinuvidek.24.hu\/viragzo-videkunk\/2026\/08\/31\/aszaly-vizhiany-dobozi-to-fotok\/\" target=\"_self\"><img loading=\"lazy\" decoding=\"async\" width=\"480\" height=\"270\" src=\"https:\/\/s.24.hu\/app\/uploads\/sites\/11\/2026\/08\/2-1-480x270.jpg\" class=\"img-responsive wp-post-image\" alt=\"\" \/><\/a><\/div>\n<div class=\"m-articRecommend__cntWrap content-container \">\n\t\t\t<a href=\"https:\/\/sokszinuvidek.24.hu\/viragzo-videkunk\/2026\/08\/31\/aszaly-vizhiany-dobozi-to-fotok\/\" target=\"_self\" class=\"m-articRecommend__title ar-title\">Tusk\u00f3k vir\u00edtanak az egykori dobozi halast\u00f3 kisz\u00e1radt medr\u00e9ben<\/a>\n<div class=\"m-articRecommend__lead ar-lead\">Valamikor a hely kedvelt horg\u00e1szt\u00f3 volt, most csak a st\u00e9gek \u00e9s egy kis h\u00e1zik\u00f3 \u00e1rulkodik arr\u00f3l, hogy itt horg\u00e1szni lehetett.<\/div>\n<\/div>\n<\/div>\n<p>The post <a href=\"https:\/\/sokszinuvidek.24.hu\/mozaik\/2026\/09\/03\/arad-romania-maros-kiszaradt-aszaly-vizhiany\/\" target=\"_blank\">Kisz\u00e1radtak a Maros mell\u00e9kfoly\u00f3i Rom\u00e1ni\u00e1ban<\/a> first appeared on <a href=\"https:\/\/sokszinuvidek.24.hu\/\" target=\"_blank\">Soksz\u00edn\u0171 vid\u00e9k<\/a>.<\/p><div id=\"friss-2187594680\" class=\"friss-etarget-cikk-vege friss-entity-placement\"><script type=\"text\/javascript\" id=\"etargetScript7a9b589f63cb072bef80df221f46a22b\">function etargetPostloadFunction7a9b589f63cb072bef80df221f46a22b(){var e=\"etargetPostload7a9b589f63cb072bef80df221f46a22b\",t=\"etargetScript7a9b589f63cb072bef80df221f46a22b\",o=document.getElementById(e);if(o){for(var n=o.offsetTop,d=o.offsetLeft,r=o.offsetWidth,a=o.offsetHeight;o.offsetParent;)o=o.offsetParent,n+=o.offsetTop,d+=o.offsetLeft;var i=(n<=window.pageYOffset+window.innerHeight&&d<window.pageXOffset+window.innerWidth&&n+a>window.pageYOffset&&d+r>window.pageXOffset);if(i&&etargetAllowOtherCheck){allowed=!1;var c=document.createElement(\"script\");return c.src=\"\/\/hu.search.etargetnet.com\/generic\/uni.php?g=ref:58661,area:700x210\",void(document.getElementById(t)&&document.getElementById(e)&&(document.getElementById(t).parentNode.appendChild(c),document.getElementById(t).parentNode.removeChild(document.getElementById(t)),document.getElementById(e).parentNode.removeChild(document.getElementById(e)),document.removeEventListener(\"scroll\",etargetPostloadFunction7a9b589f63cb072bef80df221f46a22b),document.removeEventListener(\"resize\",etargetPostloadFunction7a9b589f63cb072bef80df221f46a22b),document.removeEventListener(\"DOMContentLoaded\",etargetPostloadFunction7a9b589f63cb072bef80df221f46a22b)))}}}var etargetDivID=\"etargetPostload7a9b589f63cb072bef80df221f46a22b\",etargetScriptID=\"etargetScript7a9b589f63cb072bef80df221f46a22b\",etargetPostloadPoint=document.createElement(\"div\");etargetPostloadPoint.id=etargetDivID;var etargetCurScript=document.getElementById(etargetScriptID);etargetCurScript.parentNode.appendChild(etargetPostloadPoint),document.addEventListener(\"scroll\",etargetPostloadFunction7a9b589f63cb072bef80df221f46a22b),document.addEventListener(\"resize\",etargetPostloadFunction7a9b589f63cb072bef80df221f46a22b),document.addEventListener(\"DOMContentLoaded\",etargetPostloadFunction7a9b589f63cb072bef80df221f46a22b);var etargetAllowOtherCheck=!0;if(typeof(\"forceRunPostload\")==\"string\"){etargetPostloadFunction7a9b589f63cb072bef80df221f46a22b()}<\/script><\/div><div id=\"friss-1626521168\" class=\"friss-after-content friss-entity-placement\"><script type=\"text\/javascript\" id=\"etargetScript7a9b589f63cb072bef80df221f46a22b\">function etargetPostloadFunction7a9b589f63cb072bef80df221f46a22b(){var e=\"etargetPostload7a9b589f63cb072bef80df221f46a22b\",t=\"etargetScript7a9b589f63cb072bef80df221f46a22b\",o=document.getElementById(e);if(o){for(var n=o.offsetTop,d=o.offsetLeft,r=o.offsetWidth,a=o.offsetHeight;o.offsetParent;)o=o.offsetParent,n+=o.offsetTop,d+=o.offsetLeft;var i=(n<=window.pageYOffset+window.innerHeight&&d<window.pageXOffset+window.innerWidth&&n+a>window.pageYOffset&&d+r>window.pageXOffset);if(i&&etargetAllowOtherCheck){allowed=!1;var c=document.createElement(\"script\");return c.src=\"\/\/hu.search.etargetnet.com\/generic\/uni.php?g=ref:58661,area:700x210\",void(document.getElementById(t)&&document.getElementById(e)&&(document.getElementById(t).parentNode.appendChild(c),document.getElementById(t).parentNode.removeChild(document.getElementById(t)),document.getElementById(e).parentNode.removeChild(document.getElementById(e)),document.removeEventListener(\"scroll\",etargetPostloadFunction7a9b589f63cb072bef80df221f46a22b),document.removeEventListener(\"resize\",etargetPostloadFunction7a9b589f63cb072bef80df221f46a22b),document.removeEventListener(\"DOMContentLoaded\",etargetPostloadFunction7a9b589f63cb072bef80df221f46a22b)))}}}var etargetDivID=\"etargetPostload7a9b589f63cb072bef80df221f46a22b\",etargetScriptID=\"etargetScript7a9b589f63cb072bef80df221f46a22b\",etargetPostloadPoint=document.createElement(\"div\");etargetPostloadPoint.id=etargetDivID;var etargetCurScript=document.getElementById(etargetScriptID);etargetCurScript.parentNode.appendChild(etargetPostloadPoint),document.addEventListener(\"scroll\",etargetPostloadFunction7a9b589f63cb072bef80df221f46a22b),document.addEventListener(\"resize\",etargetPostloadFunction7a9b589f63cb072bef80df221f46a22b),document.addEventListener(\"DOMContentLoaded\",etargetPostloadFunction7a9b589f63cb072bef80df221f46a22b);var etargetAllowOtherCheck=!0;if(typeof(\"forceRunPostload\")==\"string\"){etargetPostloadFunction7a9b589f63cb072bef80df221f46a22b()}<\/script><\/div><div id=\"friss-2769056104\" class=\"friss-after-content_2 friss-entity-placement\" style=\"clear: both;\"><div class=\"wprss_ajax\" data-id=\"rss0c9a205a0a\"><img loading=\"lazy\" decoding=\"async\" src=\"https:\/\/friss-hirek.hu\/wp-content\/plugins\/wp-rss-retriever\/inc\/imgs\/ajax-loader.gif\" alt=\"Loading RSS Feed\" width=\"16\" height=\"16\"><\/div><\/div><br style=\"clear: both; display: block; float: none;\"\/><div id=\"friss-4053369000\" class=\"friss-after-content_3 friss-entity-placement\">https:\/\/www.youtube.com\/watch?v=Pdnw4KiUWp0<\/div>","protected":false},"excerpt":{"rendered":"<p>Az Agerpres.ro sz\u00e1molt be arr\u00f3l, hogy Arad megy\u00e9ben az elm\u00falt h\u00f3napok csapad\u00e9khi\u00e1nya miatt kisz\u00e1radt a Maros valamennyi mell\u00e9kfoly\u00f3ja, a foly\u00f3 pedig m\u00e1r csak az ilyenkor megszokott v\u00edzmennyis\u00e9g mintegy harmad\u00e1t sz\u00e1ll\u00edtja \u2013 \u00edrta meg a Szegeder. A n\u00e9gy f\u0151 m\u00e9r\u0151ponton minden\u00fctt j\u00f3val a sok\u00e9ves \u00e1tlag alatt alakul a Maros v\u00edzhozama. Soborsinn\u00e1l m\u00e1sodpercenk\u00e9nt 63,8 k\u00f6bm\u00e9tert m\u00e9rtek, Lipp\u00e1n\u00e1l [&hellip;]<\/p>\n","protected":false},"author":1,"featured_media":0,"comment_status":"open","ping_status":"open","sticky":false,"template":"","format":"standard","meta":{"footnotes":""},"categories":[6],"tags":[],"class_list":["post-171141","post","type-post","status-publish","format-standard","hentry","category-videk"],"amp_enabled":true,"_links":{"self":[{"href":"https:\/\/friss-hirek.hu\/index.php\/wp-json\/wp\/v2\/posts\/171141","targetHints":{"allow":["GET"]}}],"collection":[{"href":"https:\/\/friss-hirek.hu\/index.php\/wp-json\/wp\/v2\/posts"}],"about":[{"href":"https:\/\/friss-hirek.hu\/index.php\/wp-json\/wp\/v2\/types\/post"}],"author":[{"embeddable":true,"href":"https:\/\/friss-hirek.hu\/index.php\/wp-json\/wp\/v2\/users\/1"}],"replies":[{"embeddable":true,"href":"https:\/\/friss-hirek.hu\/index.php\/wp-json\/wp\/v2\/comments?post=171141"}],"version-history":[{"count":0,"href":"https:\/\/friss-hirek.hu\/index.php\/wp-json\/wp\/v2\/posts\/171141\/revisions"}],"wp:attachment":[{"href":"https:\/\/friss-hirek.hu\/index.php\/wp-json\/wp\/v2\/media?parent=171141"}],"wp:term":[{"taxonomy":"category","embeddable":true,"href":"https:\/\/friss-hirek.hu\/index.php\/wp-json\/wp\/v2\/categories?post=171141"},{"taxonomy":"post_tag","embeddable":true,"href":"https:\/\/friss-hirek.hu\/index.php\/wp-json\/wp\/v2\/tags?post=171141"}],"curies":[{"name":"wp","href":"https:\/\/api.w.org\/{rel}","templated":true}]}}