{"id":171148,"date":"2026-09-03T13:01:05","date_gmt":"2026-09-03T13:01:05","guid":{"rendered":"https:\/\/friss-hirek.hu\/index.php\/magyar-peter-szerint-uresebb-a-vartnal-a-kassza-miben-lehet-bizni\/friss-hirek\/"},"modified":"2026-09-03T13:01:05","modified_gmt":"2026-09-03T13:01:05","slug":"magyar-peter-szerint-uresebb-a-vartnal-a-kassza-miben-lehet-bizni","status":"publish","type":"post","link":"https:\/\/friss-hirek.hu\/index.php\/magyar-peter-szerint-uresebb-a-vartnal-a-kassza-miben-lehet-bizni\/uzlet\/","title":{"rendered":"Magyar P\u00e9ter szerint \u00fcresebb a v\u00e1rtn\u00e1l a kassza. Miben lehet b\u00edzni?"},"content":{"rendered":"<p><strong>A korm\u00e1nyf\u0151 szerint ez csak \u00e1tmeneti megtorpan\u00e1s, mik\u00f6zben t\u00f6bb, jelent\u0151s kiad\u00e1ssal j\u00e1r\u00f3 d\u00f6nt\u00e9s is sz\u00fcletett a korm\u00e1ny\u00fcl\u00e9sen.<\/strong><\/p><div id=\"friss-2164258049\" class=\"friss-etarget friss-entity-placement\"><script type=\"text\/javascript\" id=\"etargetScript7a9b589f63cb072bef80df221f46a22b\">function etargetPostloadFunction7a9b589f63cb072bef80df221f46a22b(){var e=\"etargetPostload7a9b589f63cb072bef80df221f46a22b\",t=\"etargetScript7a9b589f63cb072bef80df221f46a22b\",o=document.getElementById(e);if(o){for(var n=o.offsetTop,d=o.offsetLeft,r=o.offsetWidth,a=o.offsetHeight;o.offsetParent;)o=o.offsetParent,n+=o.offsetTop,d+=o.offsetLeft;var i=(n<=window.pageYOffset+window.innerHeight&&d<window.pageXOffset+window.innerWidth&&n+a>window.pageYOffset&&d+r>window.pageXOffset);if(i&&etargetAllowOtherCheck){allowed=!1;var c=document.createElement(\"script\");return c.src=\"\/\/hu.search.etargetnet.com\/generic\/uni.php?g=ref:58661,area:700x210\",void(document.getElementById(t)&&document.getElementById(e)&&(document.getElementById(t).parentNode.appendChild(c),document.getElementById(t).parentNode.removeChild(document.getElementById(t)),document.getElementById(e).parentNode.removeChild(document.getElementById(e)),document.removeEventListener(\"scroll\",etargetPostloadFunction7a9b589f63cb072bef80df221f46a22b),document.removeEventListener(\"resize\",etargetPostloadFunction7a9b589f63cb072bef80df221f46a22b),document.removeEventListener(\"DOMContentLoaded\",etargetPostloadFunction7a9b589f63cb072bef80df221f46a22b)))}}}var etargetDivID=\"etargetPostload7a9b589f63cb072bef80df221f46a22b\",etargetScriptID=\"etargetScript7a9b589f63cb072bef80df221f46a22b\",etargetPostloadPoint=document.createElement(\"div\");etargetPostloadPoint.id=etargetDivID;var etargetCurScript=document.getElementById(etargetScriptID);etargetCurScript.parentNode.appendChild(etargetPostloadPoint),document.addEventListener(\"scroll\",etargetPostloadFunction7a9b589f63cb072bef80df221f46a22b),document.addEventListener(\"resize\",etargetPostloadFunction7a9b589f63cb072bef80df221f46a22b),document.addEventListener(\"DOMContentLoaded\",etargetPostloadFunction7a9b589f63cb072bef80df221f46a22b);var etargetAllowOtherCheck=!0;if(typeof(\"forceRunPostload\")==\"string\"){etargetPostloadFunction7a9b589f63cb072bef80df221f46a22b()}<\/script><\/div>\n<p><strong>Mi t\u00f6rt\u00e9nt?<\/strong> Magyar P\u00e9ter szerint kiugr\u00f3an magas lesz az augusztusi k\u00f6lts\u00e9gvet\u00e9si hi\u00e1ny, mert a korm\u00e1nynak t\u00f6bb uni\u00f3s t\u00e1mogat\u00e1st is meg kellett el\u0151legeznie, <a href=\"https:\/\/hvg.hu\/itthon\/20260903_magyar-peter-augusztusi-koltsegvetesi-hiany\">\u00edrja a HVG<\/a>. A minisztereln\u00f6k \u00fagy sz\u00e1mol, hogy \u0151sszel meg\u00e9rkeznek az Eur\u00f3pai Uni\u00f3b\u00f3l v\u00e1rt forr\u00e1sok az \u00e1llamkincst\u00e1r sz\u00e1ml\u00e1j\u00e1ra, \u00e9s ezzel a hi\u00e1ny ism\u00e9t a tervezett cs\u00f6kken\u0151 p\u00e1ly\u00e1ra \u00e1llhat.<\/p>\n<p><strong>Mire k\u00f6lti a p\u00e9nzt az \u00e1llam?<\/strong> A korm\u00e1ny k\u00f6zben t\u00f6bb \u00faj int\u00e9zked\u00e9sr\u0151l is d\u00f6nt\u00f6tt. A gyermekv\u00e9delemben azonnali pluszforr\u00e1sokat csoportos\u00edtanak \u00e1t, j\u00f6v\u0151 h\u00e9ten pedig tov\u00e1bbi 10 milli\u00e1rd forintot k\u00fcl\u00f6n\u00edthetnek el a ter\u00fclet t\u00e1mogat\u00e1s\u00e1ra \u00e9s fejleszt\u00e9s\u00e9re. A d\u00f6nt\u00e9sek h\u00e1tter\u00e9ben a bicskei gyermekotthonban t\u00f6rt\u00e9ntek \u00e9s a teljes gyermekv\u00e9delmi rendszer \u00e1llapot\u00e1r\u00f3l k\u00e9sz\u00fclt jelent\u00e9s \u00e1ll. Emellett a korm\u00e1ny\u00fcl\u00e9sen sz\u00f3ba ker\u00fclt a kaszin\u00f3koncesszi\u00f3k \u00fcgye \u00e9s a doh\u00e1nykoncesszi\u00f3s rendszer \u00e1talak\u00edt\u00e1sa is.<\/p>\n<p><!-- No email blocks found --><\/p>\n<p>The post <a href=\"https:\/\/www.forbes.hu\/penz\/magyar-peter-szerint-uresebb-a-vartnal-uresebb-a-kassza-miben-lehet-bizni\/\">Magyar P\u00e9ter szerint \u00fcresebb a v\u00e1rtn\u00e1l a kassza. Miben lehet b\u00edzni?<\/a> appeared first on <a href=\"https:\/\/www.forbes.hu\/\">Forbes.hu<\/a>.<\/p><div id=\"friss-3691224010\" class=\"friss-etarget-cikk-vege friss-entity-placement\"><script type=\"text\/javascript\" id=\"etargetScript7a9b589f63cb072bef80df221f46a22b\">function etargetPostloadFunction7a9b589f63cb072bef80df221f46a22b(){var e=\"etargetPostload7a9b589f63cb072bef80df221f46a22b\",t=\"etargetScript7a9b589f63cb072bef80df221f46a22b\",o=document.getElementById(e);if(o){for(var n=o.offsetTop,d=o.offsetLeft,r=o.offsetWidth,a=o.offsetHeight;o.offsetParent;)o=o.offsetParent,n+=o.offsetTop,d+=o.offsetLeft;var i=(n<=window.pageYOffset+window.innerHeight&&d<window.pageXOffset+window.innerWidth&&n+a>window.pageYOffset&&d+r>window.pageXOffset);if(i&&etargetAllowOtherCheck){allowed=!1;var c=document.createElement(\"script\");return c.src=\"\/\/hu.search.etargetnet.com\/generic\/uni.php?g=ref:58661,area:700x210\",void(document.getElementById(t)&&document.getElementById(e)&&(document.getElementById(t).parentNode.appendChild(c),document.getElementById(t).parentNode.removeChild(document.getElementById(t)),document.getElementById(e).parentNode.removeChild(document.getElementById(e)),document.removeEventListener(\"scroll\",etargetPostloadFunction7a9b589f63cb072bef80df221f46a22b),document.removeEventListener(\"resize\",etargetPostloadFunction7a9b589f63cb072bef80df221f46a22b),document.removeEventListener(\"DOMContentLoaded\",etargetPostloadFunction7a9b589f63cb072bef80df221f46a22b)))}}}var etargetDivID=\"etargetPostload7a9b589f63cb072bef80df221f46a22b\",etargetScriptID=\"etargetScript7a9b589f63cb072bef80df221f46a22b\",etargetPostloadPoint=document.createElement(\"div\");etargetPostloadPoint.id=etargetDivID;var etargetCurScript=document.getElementById(etargetScriptID);etargetCurScript.parentNode.appendChild(etargetPostloadPoint),document.addEventListener(\"scroll\",etargetPostloadFunction7a9b589f63cb072bef80df221f46a22b),document.addEventListener(\"resize\",etargetPostloadFunction7a9b589f63cb072bef80df221f46a22b),document.addEventListener(\"DOMContentLoaded\",etargetPostloadFunction7a9b589f63cb072bef80df221f46a22b);var etargetAllowOtherCheck=!0;if(typeof(\"forceRunPostload\")==\"string\"){etargetPostloadFunction7a9b589f63cb072bef80df221f46a22b()}<\/script><\/div><div id=\"friss-567479652\" class=\"friss-after-content friss-entity-placement\"><script type=\"text\/javascript\" id=\"etargetScript7a9b589f63cb072bef80df221f46a22b\">function etargetPostloadFunction7a9b589f63cb072bef80df221f46a22b(){var e=\"etargetPostload7a9b589f63cb072bef80df221f46a22b\",t=\"etargetScript7a9b589f63cb072bef80df221f46a22b\",o=document.getElementById(e);if(o){for(var n=o.offsetTop,d=o.offsetLeft,r=o.offsetWidth,a=o.offsetHeight;o.offsetParent;)o=o.offsetParent,n+=o.offsetTop,d+=o.offsetLeft;var i=(n<=window.pageYOffset+window.innerHeight&&d<window.pageXOffset+window.innerWidth&&n+a>window.pageYOffset&&d+r>window.pageXOffset);if(i&&etargetAllowOtherCheck){allowed=!1;var c=document.createElement(\"script\");return c.src=\"\/\/hu.search.etargetnet.com\/generic\/uni.php?g=ref:58661,area:700x210\",void(document.getElementById(t)&&document.getElementById(e)&&(document.getElementById(t).parentNode.appendChild(c),document.getElementById(t).parentNode.removeChild(document.getElementById(t)),document.getElementById(e).parentNode.removeChild(document.getElementById(e)),document.removeEventListener(\"scroll\",etargetPostloadFunction7a9b589f63cb072bef80df221f46a22b),document.removeEventListener(\"resize\",etargetPostloadFunction7a9b589f63cb072bef80df221f46a22b),document.removeEventListener(\"DOMContentLoaded\",etargetPostloadFunction7a9b589f63cb072bef80df221f46a22b)))}}}var etargetDivID=\"etargetPostload7a9b589f63cb072bef80df221f46a22b\",etargetScriptID=\"etargetScript7a9b589f63cb072bef80df221f46a22b\",etargetPostloadPoint=document.createElement(\"div\");etargetPostloadPoint.id=etargetDivID;var etargetCurScript=document.getElementById(etargetScriptID);etargetCurScript.parentNode.appendChild(etargetPostloadPoint),document.addEventListener(\"scroll\",etargetPostloadFunction7a9b589f63cb072bef80df221f46a22b),document.addEventListener(\"resize\",etargetPostloadFunction7a9b589f63cb072bef80df221f46a22b),document.addEventListener(\"DOMContentLoaded\",etargetPostloadFunction7a9b589f63cb072bef80df221f46a22b);var etargetAllowOtherCheck=!0;if(typeof(\"forceRunPostload\")==\"string\"){etargetPostloadFunction7a9b589f63cb072bef80df221f46a22b()}<\/script><\/div><div id=\"friss-3919760997\" class=\"friss-after-content_2 friss-entity-placement\" style=\"clear: both;\"><div class=\"wprss_ajax\" data-id=\"rss0cc2cc9017\"><img loading=\"lazy\" decoding=\"async\" src=\"https:\/\/friss-hirek.hu\/wp-content\/plugins\/wp-rss-retriever\/inc\/imgs\/ajax-loader.gif\" alt=\"Loading RSS Feed\" width=\"16\" height=\"16\"><\/div><\/div><br style=\"clear: both; display: block; float: none;\"\/><div id=\"friss-471576951\" class=\"friss-after-content_3 friss-entity-placement\">https:\/\/www.youtube.com\/watch?v=Pdnw4KiUWp0<\/div>","protected":false},"excerpt":{"rendered":"<p>A korm\u00e1nyf\u0151 szerint ez csak \u00e1tmeneti megtorpan\u00e1s, mik\u00f6zben t\u00f6bb, jelent\u0151s kiad\u00e1ssal j\u00e1r\u00f3 d\u00f6nt\u00e9s is sz\u00fcletett a korm\u00e1ny\u00fcl\u00e9sen. Mi t\u00f6rt\u00e9nt? Magyar P\u00e9ter szerint kiugr\u00f3an magas lesz az augusztusi k\u00f6lts\u00e9gvet\u00e9si hi\u00e1ny, mert a korm\u00e1nynak t\u00f6bb uni\u00f3s t\u00e1mogat\u00e1st is meg kellett el\u0151legeznie, \u00edrja a HVG. A minisztereln\u00f6k \u00fagy sz\u00e1mol, hogy \u0151sszel meg\u00e9rkeznek az Eur\u00f3pai Uni\u00f3b\u00f3l v\u00e1rt forr\u00e1sok az [&hellip;]<\/p>\n","protected":false},"author":1,"featured_media":0,"comment_status":"open","ping_status":"open","sticky":false,"template":"","format":"standard","meta":{"footnotes":""},"categories":[7],"tags":[],"class_list":["post-171148","post","type-post","status-publish","format-standard","hentry","category-uzlet"],"amp_enabled":true,"_links":{"self":[{"href":"https:\/\/friss-hirek.hu\/index.php\/wp-json\/wp\/v2\/posts\/171148","targetHints":{"allow":["GET"]}}],"collection":[{"href":"https:\/\/friss-hirek.hu\/index.php\/wp-json\/wp\/v2\/posts"}],"about":[{"href":"https:\/\/friss-hirek.hu\/index.php\/wp-json\/wp\/v2\/types\/post"}],"author":[{"embeddable":true,"href":"https:\/\/friss-hirek.hu\/index.php\/wp-json\/wp\/v2\/users\/1"}],"replies":[{"embeddable":true,"href":"https:\/\/friss-hirek.hu\/index.php\/wp-json\/wp\/v2\/comments?post=171148"}],"version-history":[{"count":0,"href":"https:\/\/friss-hirek.hu\/index.php\/wp-json\/wp\/v2\/posts\/171148\/revisions"}],"wp:attachment":[{"href":"https:\/\/friss-hirek.hu\/index.php\/wp-json\/wp\/v2\/media?parent=171148"}],"wp:term":[{"taxonomy":"category","embeddable":true,"href":"https:\/\/friss-hirek.hu\/index.php\/wp-json\/wp\/v2\/categories?post=171148"},{"taxonomy":"post_tag","embeddable":true,"href":"https:\/\/friss-hirek.hu\/index.php\/wp-json\/wp\/v2\/tags?post=171148"}],"curies":[{"name":"wp","href":"https:\/\/api.w.org\/{rel}","templated":true}]}}