{"id":171152,"date":"2026-09-03T14:02:04","date_gmt":"2026-09-03T14:02:04","guid":{"rendered":"https:\/\/friss-hirek.hu\/index.php\/nincs-eleg-viz-bezart-az-alfold-homokos-tengerpartja\/friss-hirek\/"},"modified":"2026-09-03T14:02:04","modified_gmt":"2026-09-03T14:02:04","slug":"nincs-eleg-viz-bezart-az-alfold-homokos-tengerpartja","status":"publish","type":"post","link":"https:\/\/friss-hirek.hu\/index.php\/nincs-eleg-viz-bezart-az-alfold-homokos-tengerpartja\/videk\/","title":{"rendered":"Nincs el\u00e9g v\u00edz, bez\u00e1rt az Alf\u00f6ld homokos tengerpartja"},"content":{"rendered":"<p>A rendk\u00edv\u00fcli alacsony v\u00edz\u00e1ll\u00e1s miatt cs\u00fct\u00f6rt\u00f6kt\u0151l nem \u00fczemel a csongr\u00e1di K\u00f6r\u00f6s-torokn\u00e1l tal\u00e1lhat\u00f3 strand, \u00edrta <a href=\"https:\/\/www.facebook.com\/csongradikorostorok\/posts\/pfbid0bA2aRQPLjbyupRRfDzY86HAG6M1DNUxCQTjo1Sjj2meAUmHDYvSbfuRAhv3GvMNUl\" target=\"_blank\" rel=\"noopener\">k\u00f6zlem\u00e9ny\u00e9ben<\/a> a Csongr\u00e1di Homokf\u00f6veny Idegenforgalmi Start Szoc. Sz\u00f6vetkezet.<\/p><div id=\"friss-519517823\" class=\"friss-etarget friss-entity-placement\"><script type=\"text\/javascript\" id=\"etargetScript7a9b589f63cb072bef80df221f46a22b\">function etargetPostloadFunction7a9b589f63cb072bef80df221f46a22b(){var e=\"etargetPostload7a9b589f63cb072bef80df221f46a22b\",t=\"etargetScript7a9b589f63cb072bef80df221f46a22b\",o=document.getElementById(e);if(o){for(var n=o.offsetTop,d=o.offsetLeft,r=o.offsetWidth,a=o.offsetHeight;o.offsetParent;)o=o.offsetParent,n+=o.offsetTop,d+=o.offsetLeft;var i=(n<=window.pageYOffset+window.innerHeight&&d<window.pageXOffset+window.innerWidth&&n+a>window.pageYOffset&&d+r>window.pageXOffset);if(i&&etargetAllowOtherCheck){allowed=!1;var c=document.createElement(\"script\");return c.src=\"\/\/hu.search.etargetnet.com\/generic\/uni.php?g=ref:58661,area:700x210\",void(document.getElementById(t)&&document.getElementById(e)&&(document.getElementById(t).parentNode.appendChild(c),document.getElementById(t).parentNode.removeChild(document.getElementById(t)),document.getElementById(e).parentNode.removeChild(document.getElementById(e)),document.removeEventListener(\"scroll\",etargetPostloadFunction7a9b589f63cb072bef80df221f46a22b),document.removeEventListener(\"resize\",etargetPostloadFunction7a9b589f63cb072bef80df221f46a22b),document.removeEventListener(\"DOMContentLoaded\",etargetPostloadFunction7a9b589f63cb072bef80df221f46a22b)))}}}var etargetDivID=\"etargetPostload7a9b589f63cb072bef80df221f46a22b\",etargetScriptID=\"etargetScript7a9b589f63cb072bef80df221f46a22b\",etargetPostloadPoint=document.createElement(\"div\");etargetPostloadPoint.id=etargetDivID;var etargetCurScript=document.getElementById(etargetScriptID);etargetCurScript.parentNode.appendChild(etargetPostloadPoint),document.addEventListener(\"scroll\",etargetPostloadFunction7a9b589f63cb072bef80df221f46a22b),document.addEventListener(\"resize\",etargetPostloadFunction7a9b589f63cb072bef80df221f46a22b),document.addEventListener(\"DOMContentLoaded\",etargetPostloadFunction7a9b589f63cb072bef80df221f46a22b);var etargetAllowOtherCheck=!0;if(typeof(\"forceRunPostload\")==\"string\"){etargetPostloadFunction7a9b589f63cb072bef80df221f46a22b()}<\/script><\/div>\n<p>Posztjuk szerint -211 centim\u00e9teres a v\u00edzszint, holott az <a href=\"https:\/\/sokszinuvidek.24.hu\/viragzo-videkunk\/2017\/07\/01\/koros-torok-a-magyar-homokos-tengerpart\/\" target=\"_blank\" rel=\"noopener\">Alf\u00f6ld homokos tengerpartjak\u00e9nt<\/a> is gyakran emlegetett strand biztons\u00e1gos \u00fczemeltet\u00e9se legfeljebb -200 cm-es v\u00edz\u00e1ll\u00e1sig enged\u00e9lyezett. Ez\u00e9rt a f\u00fcrd\u0151z\u0151k biztons\u00e1g\u00e1t jel\u00f6l\u0151 b\u00f3j\u00e1kat a haj\u00f3z\u00e1si \u00fatvonal szabadon hagy\u00e1sa \u00e9s a biztons\u00e1gos k\u00f6zleked\u00e9s garant\u00e1l\u00e1sa \u00e9rdek\u00e9ben m\u00e1r nem tudj\u00e1k kijjebb helyezni, \u00edgy felszedt\u00e9k azokat.<\/p>\n<blockquote class=\"_ce_measure_widget\" data-ce-measure-widget=\"Id\u00e9zet\">\n<p>A szabad v\u00edzen val\u00f3 tart\u00f3zkod\u00e1s alapvet\u0151 szab\u00e1lyair\u00f3l sz\u00f3l\u00f3 46\/2001. (XII. 27.) BM rendelet \u00e9rtelm\u00e9ben szigor\u00faan tilos f\u00fcrdeni a haj\u00f3\u00fatban, valamint a haj\u00f3utat \u00e9s haj\u00f3z\u00e1si akad\u00e1lyt jelz\u0151 b\u00f3j\u00e1k k\u00f6rzet\u00e9ben. A jelenlegi kritikus v\u00edz\u00e1ll\u00e1s miatt a kijel\u00f6lt f\u00fcrd\u0151hely ezen jogszab\u00e1lyi el\u0151\u00edr\u00e1soknak a b\u00f3j\u00e1k \u00e1thelyez\u00e9se n\u00e9lk\u00fcl m\u00e1r nem tud megfelelni<\/p>\n<\/blockquote>\n<p>\u2013 jelezt\u00e9k.<\/p>\n<p>Kiemelt\u00e9k, hogy cs\u00fct\u00f6rt\u00f6kt\u0151l a strandon nem \u00e1ll rendelkez\u00e9sre v\u00edziment\u0151-szolg\u00e1lat, \u00edgy a ter\u00fcleten a f\u00fcrd\u0151z\u00e9s kiz\u00e1r\u00f3lag saj\u00e1t felel\u0151ss\u00e9gre t\u00f6rt\u00e9nhet.<\/p>\n<p>A strand hivatalos tervezett szezonz\u00e1r\u00e1sa egy\u00e9bk\u00e9nt szeptember 15-ig tart. Amennyiben a k\u00f6vetkez\u0151 napokban a v\u00edz\u00e1ll\u00e1s kedvez\u0151en alakul, \u00e9s visszat\u00e9r -200 cm al\u00e1, a b\u00f3j\u00e1kat visszahelyezik, \u00e9s a v\u00edziment\u0151-szolg\u00e1lat \u00fajra akt\u00edv lesz szeptember 15-ig.<\/p>\n<p>Nemr\u00e9g itt k\u00e9sz\u00edtettek 12 m\u00e9teres \u00f3ri\u00e1skrokodilt, <a href=\"https:\/\/sokszinuvidek.24.hu\/viragzo-videkunk\/2026\/08\/24\/strand-csongdar-krokodil-koros-torok\/\" target=\"_blank\" rel=\"noopener\">amit\u0151l el\u00e1llt a strandol\u00f3k l\u00e9legzete.<\/a><\/p>\n<p>Ny\u00e1ron egy\u00e9bk\u00e9nt <a href=\"https:\/\/sokszinuvidek.24.hu\/eletmod\/2025\/06\/30\/magyar-homokos-tengerpart-tiszai-riviera-furdozok\/\" target=\"_blank\" rel=\"noopener\">t\u00f6megek f\u00fcr\u00f6dtek<\/a> ezen a k\u00fcl\u00f6nleges strandon.<\/p>\n<div class=\"o-post__articRecommend m-articRecommend -hasImg cf article-recommendation-container cf _ce_measure_widget\" data-ce-measure-widget=\"Cikkaj\u00e1nl\u00f3 widget\">\n<div class=\"m-articRecommend__widgetTitle\">Kapcsol\u00f3d\u00f3<\/div>\n<div class=\"m-articRecommend__imgWrap image-container\"><a href=\"https:\/\/sokszinuvidek.24.hu\/viragzo-videkunk\/2024\/07\/31\/tunemenyes-dronfotok-csongrad-csanad-szabadstrandjairol\/\" target=\"_self\"><img loading=\"lazy\" decoding=\"async\" width=\"480\" height=\"270\" src=\"https:\/\/s.24.hu\/app\/uploads\/sites\/11\/2024\/07\/bod5-e1722431848734-480x270.jpg\" class=\"img-responsive wp-post-image\" alt=\"\" \/><\/a><\/div>\n<div class=\"m-articRecommend__cntWrap content-container \">\n\t\t\t<a href=\"https:\/\/sokszinuvidek.24.hu\/viragzo-videkunk\/2024\/07\/31\/tunemenyes-dronfotok-csongrad-csanad-szabadstrandjairol\/\" target=\"_self\" class=\"m-articRecommend__title ar-title\">Elb\u0171v\u00f6l\u0151 arc\u00e1t mutatja a magasb\u00f3l az alf\u00f6ldi Rivi\u00e9ra<\/a>\n<div class=\"m-articRecommend__lead ar-lead\">Bodrogi Attila fot\u00f3ir\u00f3l visszamosolyognak legmagyarabb foly\u00f3nk t\u00fcnem\u00e9nyes strandjai.<\/div>\n<\/div>\n<\/div>\n<p>The post <a href=\"https:\/\/sokszinuvidek.24.hu\/viragzo-videkunk\/2026\/09\/03\/koros-torok-strand-bezaras-alacsony-vizallas\/\" target=\"_blank\">Nincs el\u00e9g v\u00edz, bez\u00e1rt az Alf\u00f6ld homokos tengerpartja<\/a> first appeared on <a href=\"https:\/\/sokszinuvidek.24.hu\/\" target=\"_blank\">Soksz\u00edn\u0171 vid\u00e9k<\/a>.<\/p><div id=\"friss-3308473060\" class=\"friss-etarget-cikk-vege friss-entity-placement\"><script type=\"text\/javascript\" id=\"etargetScript7a9b589f63cb072bef80df221f46a22b\">function etargetPostloadFunction7a9b589f63cb072bef80df221f46a22b(){var e=\"etargetPostload7a9b589f63cb072bef80df221f46a22b\",t=\"etargetScript7a9b589f63cb072bef80df221f46a22b\",o=document.getElementById(e);if(o){for(var n=o.offsetTop,d=o.offsetLeft,r=o.offsetWidth,a=o.offsetHeight;o.offsetParent;)o=o.offsetParent,n+=o.offsetTop,d+=o.offsetLeft;var i=(n<=window.pageYOffset+window.innerHeight&&d<window.pageXOffset+window.innerWidth&&n+a>window.pageYOffset&&d+r>window.pageXOffset);if(i&&etargetAllowOtherCheck){allowed=!1;var c=document.createElement(\"script\");return c.src=\"\/\/hu.search.etargetnet.com\/generic\/uni.php?g=ref:58661,area:700x210\",void(document.getElementById(t)&&document.getElementById(e)&&(document.getElementById(t).parentNode.appendChild(c),document.getElementById(t).parentNode.removeChild(document.getElementById(t)),document.getElementById(e).parentNode.removeChild(document.getElementById(e)),document.removeEventListener(\"scroll\",etargetPostloadFunction7a9b589f63cb072bef80df221f46a22b),document.removeEventListener(\"resize\",etargetPostloadFunction7a9b589f63cb072bef80df221f46a22b),document.removeEventListener(\"DOMContentLoaded\",etargetPostloadFunction7a9b589f63cb072bef80df221f46a22b)))}}}var etargetDivID=\"etargetPostload7a9b589f63cb072bef80df221f46a22b\",etargetScriptID=\"etargetScript7a9b589f63cb072bef80df221f46a22b\",etargetPostloadPoint=document.createElement(\"div\");etargetPostloadPoint.id=etargetDivID;var etargetCurScript=document.getElementById(etargetScriptID);etargetCurScript.parentNode.appendChild(etargetPostloadPoint),document.addEventListener(\"scroll\",etargetPostloadFunction7a9b589f63cb072bef80df221f46a22b),document.addEventListener(\"resize\",etargetPostloadFunction7a9b589f63cb072bef80df221f46a22b),document.addEventListener(\"DOMContentLoaded\",etargetPostloadFunction7a9b589f63cb072bef80df221f46a22b);var etargetAllowOtherCheck=!0;if(typeof(\"forceRunPostload\")==\"string\"){etargetPostloadFunction7a9b589f63cb072bef80df221f46a22b()}<\/script><\/div><div id=\"friss-1627880826\" class=\"friss-after-content friss-entity-placement\"><script type=\"text\/javascript\" id=\"etargetScript7a9b589f63cb072bef80df221f46a22b\">function etargetPostloadFunction7a9b589f63cb072bef80df221f46a22b(){var e=\"etargetPostload7a9b589f63cb072bef80df221f46a22b\",t=\"etargetScript7a9b589f63cb072bef80df221f46a22b\",o=document.getElementById(e);if(o){for(var n=o.offsetTop,d=o.offsetLeft,r=o.offsetWidth,a=o.offsetHeight;o.offsetParent;)o=o.offsetParent,n+=o.offsetTop,d+=o.offsetLeft;var i=(n<=window.pageYOffset+window.innerHeight&&d<window.pageXOffset+window.innerWidth&&n+a>window.pageYOffset&&d+r>window.pageXOffset);if(i&&etargetAllowOtherCheck){allowed=!1;var c=document.createElement(\"script\");return c.src=\"\/\/hu.search.etargetnet.com\/generic\/uni.php?g=ref:58661,area:700x210\",void(document.getElementById(t)&&document.getElementById(e)&&(document.getElementById(t).parentNode.appendChild(c),document.getElementById(t).parentNode.removeChild(document.getElementById(t)),document.getElementById(e).parentNode.removeChild(document.getElementById(e)),document.removeEventListener(\"scroll\",etargetPostloadFunction7a9b589f63cb072bef80df221f46a22b),document.removeEventListener(\"resize\",etargetPostloadFunction7a9b589f63cb072bef80df221f46a22b),document.removeEventListener(\"DOMContentLoaded\",etargetPostloadFunction7a9b589f63cb072bef80df221f46a22b)))}}}var etargetDivID=\"etargetPostload7a9b589f63cb072bef80df221f46a22b\",etargetScriptID=\"etargetScript7a9b589f63cb072bef80df221f46a22b\",etargetPostloadPoint=document.createElement(\"div\");etargetPostloadPoint.id=etargetDivID;var etargetCurScript=document.getElementById(etargetScriptID);etargetCurScript.parentNode.appendChild(etargetPostloadPoint),document.addEventListener(\"scroll\",etargetPostloadFunction7a9b589f63cb072bef80df221f46a22b),document.addEventListener(\"resize\",etargetPostloadFunction7a9b589f63cb072bef80df221f46a22b),document.addEventListener(\"DOMContentLoaded\",etargetPostloadFunction7a9b589f63cb072bef80df221f46a22b);var etargetAllowOtherCheck=!0;if(typeof(\"forceRunPostload\")==\"string\"){etargetPostloadFunction7a9b589f63cb072bef80df221f46a22b()}<\/script><\/div><div id=\"friss-1309579097\" class=\"friss-after-content_2 friss-entity-placement\" style=\"clear: both;\"><div class=\"wprss_ajax\" data-id=\"rss5f9ebc1b33\"><img loading=\"lazy\" decoding=\"async\" src=\"https:\/\/friss-hirek.hu\/wp-content\/plugins\/wp-rss-retriever\/inc\/imgs\/ajax-loader.gif\" alt=\"Loading RSS Feed\" width=\"16\" height=\"16\"><\/div><\/div><br style=\"clear: both; display: block; float: none;\"\/><div id=\"friss-252487557\" class=\"friss-after-content_3 friss-entity-placement\">https:\/\/www.youtube.com\/watch?v=Pdnw4KiUWp0<\/div>","protected":false},"excerpt":{"rendered":"<p>A rendk\u00edv\u00fcli alacsony v\u00edz\u00e1ll\u00e1s miatt cs\u00fct\u00f6rt\u00f6kt\u0151l nem \u00fczemel a csongr\u00e1di K\u00f6r\u00f6s-torokn\u00e1l tal\u00e1lhat\u00f3 strand, \u00edrta k\u00f6zlem\u00e9ny\u00e9ben a Csongr\u00e1di Homokf\u00f6veny Idegenforgalmi Start Szoc. Sz\u00f6vetkezet. Posztjuk szerint -211 centim\u00e9teres a v\u00edzszint, holott az Alf\u00f6ld homokos tengerpartjak\u00e9nt is gyakran emlegetett strand biztons\u00e1gos \u00fczemeltet\u00e9se legfeljebb -200 cm-es v\u00edz\u00e1ll\u00e1sig enged\u00e9lyezett. Ez\u00e9rt a f\u00fcrd\u0151z\u0151k biztons\u00e1g\u00e1t jel\u00f6l\u0151 b\u00f3j\u00e1kat a haj\u00f3z\u00e1si \u00fatvonal szabadon hagy\u00e1sa [&hellip;]<\/p>\n","protected":false},"author":1,"featured_media":0,"comment_status":"open","ping_status":"open","sticky":false,"template":"","format":"standard","meta":{"footnotes":""},"categories":[6],"tags":[],"class_list":["post-171152","post","type-post","status-publish","format-standard","hentry","category-videk"],"amp_enabled":true,"_links":{"self":[{"href":"https:\/\/friss-hirek.hu\/index.php\/wp-json\/wp\/v2\/posts\/171152","targetHints":{"allow":["GET"]}}],"collection":[{"href":"https:\/\/friss-hirek.hu\/index.php\/wp-json\/wp\/v2\/posts"}],"about":[{"href":"https:\/\/friss-hirek.hu\/index.php\/wp-json\/wp\/v2\/types\/post"}],"author":[{"embeddable":true,"href":"https:\/\/friss-hirek.hu\/index.php\/wp-json\/wp\/v2\/users\/1"}],"replies":[{"embeddable":true,"href":"https:\/\/friss-hirek.hu\/index.php\/wp-json\/wp\/v2\/comments?post=171152"}],"version-history":[{"count":0,"href":"https:\/\/friss-hirek.hu\/index.php\/wp-json\/wp\/v2\/posts\/171152\/revisions"}],"wp:attachment":[{"href":"https:\/\/friss-hirek.hu\/index.php\/wp-json\/wp\/v2\/media?parent=171152"}],"wp:term":[{"taxonomy":"category","embeddable":true,"href":"https:\/\/friss-hirek.hu\/index.php\/wp-json\/wp\/v2\/categories?post=171152"},{"taxonomy":"post_tag","embeddable":true,"href":"https:\/\/friss-hirek.hu\/index.php\/wp-json\/wp\/v2\/tags?post=171152"}],"curies":[{"name":"wp","href":"https:\/\/api.w.org\/{rel}","templated":true}]}}