{"id":171156,"date":"2026-09-03T15:03:07","date_gmt":"2026-09-03T15:03:07","guid":{"rendered":"https:\/\/friss-hirek.hu\/index.php\/tiz-eve-nem-volt-ilyen-gyenge-augusztus-elfogyott-a-lendulet-a-lakaspiacon\/friss-hirek\/"},"modified":"2026-09-03T15:03:07","modified_gmt":"2026-09-03T15:03:07","slug":"tiz-eve-nem-volt-ilyen-gyenge-augusztus-elfogyott-a-lendulet-a-lakaspiacon","status":"publish","type":"post","link":"https:\/\/friss-hirek.hu\/index.php\/tiz-eve-nem-volt-ilyen-gyenge-augusztus-elfogyott-a-lendulet-a-lakaspiacon\/uzlet\/","title":{"rendered":"T\u00edz \u00e9ve nem volt ilyen gyenge augusztus, elfogyott a lend\u00fclet a lak\u00e1spiacon"},"content":{"rendered":"<p><strong>Az Otthon Start tavalyi rajtja ut\u00e1n most mintha visszafel\u00e9 p\u00f6r\u00f6gne a magyar lak\u00e1spiac.<\/strong><\/p><div id=\"friss-1045022082\" class=\"friss-etarget friss-entity-placement\"><script type=\"text\/javascript\" id=\"etargetScript7a9b589f63cb072bef80df221f46a22b\">function etargetPostloadFunction7a9b589f63cb072bef80df221f46a22b(){var e=\"etargetPostload7a9b589f63cb072bef80df221f46a22b\",t=\"etargetScript7a9b589f63cb072bef80df221f46a22b\",o=document.getElementById(e);if(o){for(var n=o.offsetTop,d=o.offsetLeft,r=o.offsetWidth,a=o.offsetHeight;o.offsetParent;)o=o.offsetParent,n+=o.offsetTop,d+=o.offsetLeft;var i=(n<=window.pageYOffset+window.innerHeight&&d<window.pageXOffset+window.innerWidth&&n+a>window.pageYOffset&&d+r>window.pageXOffset);if(i&&etargetAllowOtherCheck){allowed=!1;var c=document.createElement(\"script\");return c.src=\"\/\/hu.search.etargetnet.com\/generic\/uni.php?g=ref:58661,area:700x210\",void(document.getElementById(t)&&document.getElementById(e)&&(document.getElementById(t).parentNode.appendChild(c),document.getElementById(t).parentNode.removeChild(document.getElementById(t)),document.getElementById(e).parentNode.removeChild(document.getElementById(e)),document.removeEventListener(\"scroll\",etargetPostloadFunction7a9b589f63cb072bef80df221f46a22b),document.removeEventListener(\"resize\",etargetPostloadFunction7a9b589f63cb072bef80df221f46a22b),document.removeEventListener(\"DOMContentLoaded\",etargetPostloadFunction7a9b589f63cb072bef80df221f46a22b)))}}}var etargetDivID=\"etargetPostload7a9b589f63cb072bef80df221f46a22b\",etargetScriptID=\"etargetScript7a9b589f63cb072bef80df221f46a22b\",etargetPostloadPoint=document.createElement(\"div\");etargetPostloadPoint.id=etargetDivID;var etargetCurScript=document.getElementById(etargetScriptID);etargetCurScript.parentNode.appendChild(etargetPostloadPoint),document.addEventListener(\"scroll\",etargetPostloadFunction7a9b589f63cb072bef80df221f46a22b),document.addEventListener(\"resize\",etargetPostloadFunction7a9b589f63cb072bef80df221f46a22b),document.addEventListener(\"DOMContentLoaded\",etargetPostloadFunction7a9b589f63cb072bef80df221f46a22b);var etargetAllowOtherCheck=!0;if(typeof(\"forceRunPostload\")==\"string\"){etargetPostloadFunction7a9b589f63cb072bef80df221f46a22b()}<\/script><\/div>\n<p><strong>Mi t\u00f6rt\u00e9nt? <\/strong>A magyar lak\u00e1spiac augusztusban \u00fajabb l\u00e1tv\u00e1nyos f\u00e9kez\u00e9st mutatott, a Duna House becsl\u00e9se szerint mind\u00f6ssze 8077 lak\u00f3ingatlan cser\u00e9lt gazd\u00e1t, ami 13,1 sz\u00e1zal\u00e9kos visszaes\u00e9s j\u00faliushoz k\u00e9pest, \u00e9ves \u00f6sszevet\u00e9sben pedig 29 sz\u00e1zal\u00e9kos zuhan\u00e1s. 2015 \u00f3ta egyetlen augusztusban sem volt ilyen alacsony a forgalom.<\/p>\n<div class=\"related-post-links\">\n<p>\t\t<span class=\"related-post-links__title minititle\">T\u00f6bb ebb\u0151l<\/span><\/p>\n<div class=\"related-post-links__link-wrapper\">\n\t\t\t\t<a href=\"https:\/\/www.forbes.hu\/uzlet\/orban-rahel-ner-balaton-birtok-penzugyminiszter\/\" class=\"related-post-links__link\">\u201eAkkor sem adn\u00e1m, ha Tiborcz 20 milli\u00e1rdot adna \u00e9rte\u201d \u00ad- reag\u00e1lt a NER-es pletyk\u00e1kra a volt p\u00e9nz\u00fcgyminiszter<\/a>\n\t\t\t<\/div>\n<div class=\"related-post-links__link-wrapper\">\n\t\t\t\t<a href=\"https:\/\/www.forbes.hu\/uzlet\/zara-inditex-ortega-ingatlan-vagyonado-milliardos\/\" class=\"related-post-links__link\">Val\u00f3sz\u00edn\u0171leg v\u00e1s\u00e1rolt\u00e1l m\u00e1r a rejt\u0151zk\u00f6d\u0151 milli\u00e1rdost\u00f3l, aki sz\u00e9p csendben a vil\u00e1g legnagyobb ingatlanmogulja lett<\/a>\n\t\t\t<\/div>\n<div class=\"related-post-links__link-wrapper\">\n\t\t\t\t<a href=\"https:\/\/www.forbes.hu\/uzlet\/zuglo-ner-bayer-balazs-attila\/\" class=\"related-post-links__link\">Egy apr\u00f3s\u00e1gon \u00faszhat el a NER \u00f3ri\u00e1s\u00fczlete? 400 milli\u00e1rd lehet a t\u00e9t<\/a>\n\t\t\t<\/div>\n<\/div>\n<p><strong>Magyar\u00e1zat.<\/strong> A gyenge teljes\u00edtm\u00e9ny r\u00e9szben annak a tavalyi rendk\u00edv\u00fcli felfut\u00e1snak a k\u00f6vetkezm\u00e9nye, amelyet az Otthon Start Program bejelent\u00e9se ind\u00edtott el. M\u00e1r a program szeptemberi indul\u00e1sa el\u0151tt megugrott a befektet\u00e9si c\u00e9l\u00fa v\u00e1s\u00e1rl\u00e1sok sz\u00e1ma, \u00edgy a 2025-\u00f6s ny\u00e1r k\u00fcl\u00f6n\u00f6sen magas b\u00e1zist jelent. Az idei adatok azonban a tavalyi augusztusi kiugr\u00e1s n\u00e9lk\u00fcl is egy\u00e9rtelm\u0171en gyenge piacot jeleznek.<\/p>\n<p><strong>Gyenge kereslet.<\/strong> Az ingatlan.com adatai szerint augusztusban 232 ezer \u00e9rdekl\u0151d\u00e9s \u00e9rkezett az elad\u00f3 lak\u00f3ingatlanokra, 41 sz\u00e1zal\u00e9kkal kevesebb, mint egy \u00e9vvel kor\u00e1bban. Budapesten 44, a megyesz\u00e9khelyeken 43 sz\u00e1zal\u00e9kkal esett vissza az \u00e9rdekl\u0151d\u00e9s, mik\u00f6zben orsz\u00e1gosan j\u00faliushoz k\u00e9pest is tov\u00e1bbi 4,8 sz\u00e1zal\u00e9kos cs\u00f6kken\u00e9st m\u00e9rtek. K\u00f6zben a vev\u0151k alkalmazkodni l\u00e1tszanak a magasabb \u00e1rakhoz, tavaly m\u00e9g a kereslet 66 sz\u00e1zal\u00e9ka ir\u00e1nyult 50 milli\u00f3 forint alatti ingatlanokra, id\u00e9n ny\u00e1ron viszont m\u00e1r csak 58 sz\u00e1zal\u00e9k. Az 50 milli\u00f3 forint feletti ingatlanok r\u00e9szesed\u00e9se ezzel p\u00e1rhuzamosan 34-r\u0151l 42 sz\u00e1zal\u00e9kra n\u0151tt.<\/p>\n<p><strong>Beragadt ingatlanok. <\/strong>B\u00e1r j\u00faliushoz k\u00e9pest 10,3 sz\u00e1zal\u00e9kkal, \u00e9ves alapon pedig 14,8 sz\u00e1zal\u00e9kkal kevesebb \u00faj lak\u00f3ingatlant hirdettek meg, a teljes elad\u00f3 k\u00edn\u00e1lat m\u00e9gis 12 sz\u00e1zal\u00e9kkal nagyobb a tavalyin\u00e1l, \u00e9s mintegy 148 ezer lak\u00e1sb\u00f3l \u00e9s h\u00e1zb\u00f3l \u00e1ll. Ez arra utal, hogy egyre t\u00f6bb ingatlan ragad bent a piacon, mert a jelenlegi \u00e1rszinteken nincs r\u00e1juk elegend\u0151 vev\u0151.<\/p>\n<p><!-- No email blocks found --><\/p>\n<p>The post <a href=\"https:\/\/www.forbes.hu\/penz\/tiz-eve-nem-volt-ilyen-gyenge-augusztus-elfogyott-a-lendulet-a-lakaspiacon\/\">T\u00edz \u00e9ve nem volt ilyen gyenge augusztus, elfogyott a lend\u00fclet a lak\u00e1spiacon<\/a> appeared first on <a href=\"https:\/\/www.forbes.hu\/\">Forbes.hu<\/a>.<\/p><div id=\"friss-4250298204\" class=\"friss-etarget-cikk-vege friss-entity-placement\"><script type=\"text\/javascript\" id=\"etargetScript7a9b589f63cb072bef80df221f46a22b\">function etargetPostloadFunction7a9b589f63cb072bef80df221f46a22b(){var e=\"etargetPostload7a9b589f63cb072bef80df221f46a22b\",t=\"etargetScript7a9b589f63cb072bef80df221f46a22b\",o=document.getElementById(e);if(o){for(var n=o.offsetTop,d=o.offsetLeft,r=o.offsetWidth,a=o.offsetHeight;o.offsetParent;)o=o.offsetParent,n+=o.offsetTop,d+=o.offsetLeft;var i=(n<=window.pageYOffset+window.innerHeight&&d<window.pageXOffset+window.innerWidth&&n+a>window.pageYOffset&&d+r>window.pageXOffset);if(i&&etargetAllowOtherCheck){allowed=!1;var c=document.createElement(\"script\");return c.src=\"\/\/hu.search.etargetnet.com\/generic\/uni.php?g=ref:58661,area:700x210\",void(document.getElementById(t)&&document.getElementById(e)&&(document.getElementById(t).parentNode.appendChild(c),document.getElementById(t).parentNode.removeChild(document.getElementById(t)),document.getElementById(e).parentNode.removeChild(document.getElementById(e)),document.removeEventListener(\"scroll\",etargetPostloadFunction7a9b589f63cb072bef80df221f46a22b),document.removeEventListener(\"resize\",etargetPostloadFunction7a9b589f63cb072bef80df221f46a22b),document.removeEventListener(\"DOMContentLoaded\",etargetPostloadFunction7a9b589f63cb072bef80df221f46a22b)))}}}var etargetDivID=\"etargetPostload7a9b589f63cb072bef80df221f46a22b\",etargetScriptID=\"etargetScript7a9b589f63cb072bef80df221f46a22b\",etargetPostloadPoint=document.createElement(\"div\");etargetPostloadPoint.id=etargetDivID;var etargetCurScript=document.getElementById(etargetScriptID);etargetCurScript.parentNode.appendChild(etargetPostloadPoint),document.addEventListener(\"scroll\",etargetPostloadFunction7a9b589f63cb072bef80df221f46a22b),document.addEventListener(\"resize\",etargetPostloadFunction7a9b589f63cb072bef80df221f46a22b),document.addEventListener(\"DOMContentLoaded\",etargetPostloadFunction7a9b589f63cb072bef80df221f46a22b);var etargetAllowOtherCheck=!0;if(typeof(\"forceRunPostload\")==\"string\"){etargetPostloadFunction7a9b589f63cb072bef80df221f46a22b()}<\/script><\/div><div id=\"friss-951476092\" class=\"friss-after-content friss-entity-placement\"><script type=\"text\/javascript\" id=\"etargetScript7a9b589f63cb072bef80df221f46a22b\">function etargetPostloadFunction7a9b589f63cb072bef80df221f46a22b(){var e=\"etargetPostload7a9b589f63cb072bef80df221f46a22b\",t=\"etargetScript7a9b589f63cb072bef80df221f46a22b\",o=document.getElementById(e);if(o){for(var n=o.offsetTop,d=o.offsetLeft,r=o.offsetWidth,a=o.offsetHeight;o.offsetParent;)o=o.offsetParent,n+=o.offsetTop,d+=o.offsetLeft;var i=(n<=window.pageYOffset+window.innerHeight&&d<window.pageXOffset+window.innerWidth&&n+a>window.pageYOffset&&d+r>window.pageXOffset);if(i&&etargetAllowOtherCheck){allowed=!1;var c=document.createElement(\"script\");return c.src=\"\/\/hu.search.etargetnet.com\/generic\/uni.php?g=ref:58661,area:700x210\",void(document.getElementById(t)&&document.getElementById(e)&&(document.getElementById(t).parentNode.appendChild(c),document.getElementById(t).parentNode.removeChild(document.getElementById(t)),document.getElementById(e).parentNode.removeChild(document.getElementById(e)),document.removeEventListener(\"scroll\",etargetPostloadFunction7a9b589f63cb072bef80df221f46a22b),document.removeEventListener(\"resize\",etargetPostloadFunction7a9b589f63cb072bef80df221f46a22b),document.removeEventListener(\"DOMContentLoaded\",etargetPostloadFunction7a9b589f63cb072bef80df221f46a22b)))}}}var etargetDivID=\"etargetPostload7a9b589f63cb072bef80df221f46a22b\",etargetScriptID=\"etargetScript7a9b589f63cb072bef80df221f46a22b\",etargetPostloadPoint=document.createElement(\"div\");etargetPostloadPoint.id=etargetDivID;var etargetCurScript=document.getElementById(etargetScriptID);etargetCurScript.parentNode.appendChild(etargetPostloadPoint),document.addEventListener(\"scroll\",etargetPostloadFunction7a9b589f63cb072bef80df221f46a22b),document.addEventListener(\"resize\",etargetPostloadFunction7a9b589f63cb072bef80df221f46a22b),document.addEventListener(\"DOMContentLoaded\",etargetPostloadFunction7a9b589f63cb072bef80df221f46a22b);var etargetAllowOtherCheck=!0;if(typeof(\"forceRunPostload\")==\"string\"){etargetPostloadFunction7a9b589f63cb072bef80df221f46a22b()}<\/script><\/div><div id=\"friss-3815662876\" class=\"friss-after-content_2 friss-entity-placement\" style=\"clear: both;\"><div class=\"wprss_ajax\" data-id=\"rssfd7eade084\"><img loading=\"lazy\" decoding=\"async\" src=\"https:\/\/friss-hirek.hu\/wp-content\/plugins\/wp-rss-retriever\/inc\/imgs\/ajax-loader.gif\" alt=\"Loading RSS Feed\" width=\"16\" height=\"16\"><\/div><\/div><br style=\"clear: both; display: block; float: none;\"\/><div id=\"friss-1295863931\" class=\"friss-after-content_3 friss-entity-placement\">https:\/\/www.youtube.com\/watch?v=Pdnw4KiUWp0<\/div>","protected":false},"excerpt":{"rendered":"<p>Az Otthon Start tavalyi rajtja ut\u00e1n most mintha visszafel\u00e9 p\u00f6r\u00f6gne a magyar lak\u00e1spiac. Mi t\u00f6rt\u00e9nt? A magyar lak\u00e1spiac augusztusban \u00fajabb l\u00e1tv\u00e1nyos f\u00e9kez\u00e9st mutatott, a Duna House becsl\u00e9se szerint mind\u00f6ssze 8077 lak\u00f3ingatlan cser\u00e9lt gazd\u00e1t, ami 13,1 sz\u00e1zal\u00e9kos visszaes\u00e9s j\u00faliushoz k\u00e9pest, \u00e9ves \u00f6sszevet\u00e9sben pedig 29 sz\u00e1zal\u00e9kos zuhan\u00e1s. 2015 \u00f3ta egyetlen augusztusban sem volt ilyen alacsony a forgalom. [&hellip;]<\/p>\n","protected":false},"author":1,"featured_media":0,"comment_status":"open","ping_status":"open","sticky":false,"template":"","format":"standard","meta":{"footnotes":""},"categories":[7],"tags":[],"class_list":["post-171156","post","type-post","status-publish","format-standard","hentry","category-uzlet"],"amp_enabled":true,"_links":{"self":[{"href":"https:\/\/friss-hirek.hu\/index.php\/wp-json\/wp\/v2\/posts\/171156","targetHints":{"allow":["GET"]}}],"collection":[{"href":"https:\/\/friss-hirek.hu\/index.php\/wp-json\/wp\/v2\/posts"}],"about":[{"href":"https:\/\/friss-hirek.hu\/index.php\/wp-json\/wp\/v2\/types\/post"}],"author":[{"embeddable":true,"href":"https:\/\/friss-hirek.hu\/index.php\/wp-json\/wp\/v2\/users\/1"}],"replies":[{"embeddable":true,"href":"https:\/\/friss-hirek.hu\/index.php\/wp-json\/wp\/v2\/comments?post=171156"}],"version-history":[{"count":0,"href":"https:\/\/friss-hirek.hu\/index.php\/wp-json\/wp\/v2\/posts\/171156\/revisions"}],"wp:attachment":[{"href":"https:\/\/friss-hirek.hu\/index.php\/wp-json\/wp\/v2\/media?parent=171156"}],"wp:term":[{"taxonomy":"category","embeddable":true,"href":"https:\/\/friss-hirek.hu\/index.php\/wp-json\/wp\/v2\/categories?post=171156"},{"taxonomy":"post_tag","embeddable":true,"href":"https:\/\/friss-hirek.hu\/index.php\/wp-json\/wp\/v2\/tags?post=171156"}],"curies":[{"name":"wp","href":"https:\/\/api.w.org\/{rel}","templated":true}]}}