{"id":171157,"date":"2026-09-03T15:03:07","date_gmt":"2026-09-03T15:03:07","guid":{"rendered":"https:\/\/friss-hirek.hu\/index.php\/harom-kulonleges-asvany-verseng-a-cimert-mar-lehet-szavazni-2027-es-ev-asvanyara\/friss-hirek\/"},"modified":"2026-09-03T15:03:07","modified_gmt":"2026-09-03T15:03:07","slug":"harom-kulonleges-asvany-verseng-a-cimert-mar-lehet-szavazni-2027-es-ev-asvanyara","status":"publish","type":"post","link":"https:\/\/friss-hirek.hu\/index.php\/harom-kulonleges-asvany-verseng-a-cimert-mar-lehet-szavazni-2027-es-ev-asvanyara\/videk\/","title":{"rendered":"H\u00e1rom k\u00fcl\u00f6nleges \u00e1sv\u00e1ny verseng a c\u00edm\u00e9rt: m\u00e1r lehet szavazni 2027-es \u00e9v \u00e1sv\u00e1ny\u00e1ra"},"content":{"rendered":"<p>A Magyarhoni F\u00f6ldtani T\u00e1rsulat 2015-ben ind\u00edtotta \u00fatj\u00e1ra Az \u00e9v \u00e1sv\u00e1nya \u00e9s Az \u00e9v \u0151smaradv\u00e1nya programot, hogy k\u00f6zelebb hozza a nagyk\u00f6z\u00f6ns\u00e9ghez a f\u00f6ldtudom\u00e1nyok k\u00e9t izgalmas ter\u00fclet\u00e9t, az \u00e1sv\u00e1nytant \u00e9s az \u0151sl\u00e9nytant.<\/p><div id=\"friss-1395769839\" class=\"friss-etarget friss-entity-placement\"><script type=\"text\/javascript\" id=\"etargetScript7a9b589f63cb072bef80df221f46a22b\">function etargetPostloadFunction7a9b589f63cb072bef80df221f46a22b(){var e=\"etargetPostload7a9b589f63cb072bef80df221f46a22b\",t=\"etargetScript7a9b589f63cb072bef80df221f46a22b\",o=document.getElementById(e);if(o){for(var n=o.offsetTop,d=o.offsetLeft,r=o.offsetWidth,a=o.offsetHeight;o.offsetParent;)o=o.offsetParent,n+=o.offsetTop,d+=o.offsetLeft;var i=(n<=window.pageYOffset+window.innerHeight&&d<window.pageXOffset+window.innerWidth&&n+a>window.pageYOffset&&d+r>window.pageXOffset);if(i&&etargetAllowOtherCheck){allowed=!1;var c=document.createElement(\"script\");return c.src=\"\/\/hu.search.etargetnet.com\/generic\/uni.php?g=ref:58661,area:700x210\",void(document.getElementById(t)&&document.getElementById(e)&&(document.getElementById(t).parentNode.appendChild(c),document.getElementById(t).parentNode.removeChild(document.getElementById(t)),document.getElementById(e).parentNode.removeChild(document.getElementById(e)),document.removeEventListener(\"scroll\",etargetPostloadFunction7a9b589f63cb072bef80df221f46a22b),document.removeEventListener(\"resize\",etargetPostloadFunction7a9b589f63cb072bef80df221f46a22b),document.removeEventListener(\"DOMContentLoaded\",etargetPostloadFunction7a9b589f63cb072bef80df221f46a22b)))}}}var etargetDivID=\"etargetPostload7a9b589f63cb072bef80df221f46a22b\",etargetScriptID=\"etargetScript7a9b589f63cb072bef80df221f46a22b\",etargetPostloadPoint=document.createElement(\"div\");etargetPostloadPoint.id=etargetDivID;var etargetCurScript=document.getElementById(etargetScriptID);etargetCurScript.parentNode.appendChild(etargetPostloadPoint),document.addEventListener(\"scroll\",etargetPostloadFunction7a9b589f63cb072bef80df221f46a22b),document.addEventListener(\"resize\",etargetPostloadFunction7a9b589f63cb072bef80df221f46a22b),document.addEventListener(\"DOMContentLoaded\",etargetPostloadFunction7a9b589f63cb072bef80df221f46a22b);var etargetAllowOtherCheck=!0;if(typeof(\"forceRunPostload\")==\"string\"){etargetPostloadFunction7a9b589f63cb072bef80df221f46a22b()}<\/script><\/div>\n<p>A kezdem\u00e9nyez\u00e9s r\u00e9szek\u00e9nt minden \u00e9vben kiv\u00e1lasztanak egy-egy \u00e1sv\u00e1nyt \u00e9s \u0151smaradv\u00e1nyt, amelyek kiemelt szerepet kapnak a t\u00e1rsulat ismeretterjeszt\u0151 programjaiban. Az \u00e9v \u00e1sv\u00e1ny\u00e1val m\u00fazeumokban, rendezv\u00e9nyeken \u00e9s k\u00fcl\u00f6nb\u00f6z\u0151 szakmai programokon is k\u00f6zelebbr\u0151l megismerkedhetnek az \u00e9rdekl\u0151d\u0151k.<\/p>\n<p>M\u00e1r elindult a szavaz\u00e1s arr\u00f3l is, melyik \u00e1sv\u00e1ny viselhesse 2027-ben Az \u00e9v \u00e1sv\u00e1nya c\u00edmet. Ez\u00fattal h\u00e1rom jel\u00f6lt k\u00f6z\u00fcl lehet v\u00e1lasztani: az augit, a krizotilazbeszt \u00e9s az olivin verseng a c\u00edm\u00e9rt.<\/p>\n<p>A voksol\u00e1s okt\u00f3ber 20-ig tart, \u00edgy addig b\u00e1rki leadhatja szavazat\u00e1t kedvenc\u00e9re <a href=\"https:\/\/docs.google.com\/forms\/d\/e\/1FAIpQLSfphoGHonq0klSIx8KkYhhIwGNj_vtkZvE_MulXZTDY_K8KTg\/viewform\" target=\"_blank\" rel=\"noopener\">ITT<\/a>.<\/p>\n<p><a href=\"https:\/\/s.24.hu\/app\/uploads\/sites\/11\/2026\/09\/augite_rwanda.jpg\"><\/a><\/p>\n<figure aria-describedby=\"caption-379677\" class=\"wp-caption\"><img loading=\"lazy\" decoding=\"async\" class=\"size-full wp-image-379677\" src=\"https:\/\/s.24.hu\/app\/uploads\/sites\/11\/2026\/09\/augite_rwanda.jpg\" alt=\"\" width=\"1920\" height=\"1280\" title=\"H\u00e1rom k\u00fcl\u00f6nleges \u00e1sv\u00e1ny verseng a c\u00edm\u00e9rt: m\u00e1r lehet szavazni 2027-es \u00e9v \u00e1sv\u00e1ny\u00e1ra 1\" \/><figcaption class=\"wp-caption-text\"><span class=\"a-imgSource\">Wikipedia<\/span><\/figcaption><\/figure>\n\n<dl><\/dl>\n<h2>Augit \u2013 m\u00e9lys\u00e9gi v\u00edzt\u00e1roz\u00f3<\/h2>\n<p>Az augit els\u0151 pillant\u00e1sra tal\u00e1n nem tartozik a legl\u00e1tv\u00e1nyosabb \u00e1sv\u00e1nyok k\u00f6z\u00e9: s\u00f6t\u00e9t sz\u00edn\u0171, gyakori k\u0151zetalkot\u00f3 \u00e1sv\u00e1ny. Nev\u00e9t a hasad\u00e1si fel\u00fcletein megjelen\u0151 jellegzetes csillog\u00e1sr\u00f3l kapta.<\/p>\n<p>Rendk\u00edv\u00fcl elterjedt, sz\u00e1mos vulk\u00e1ni k\u0151zetben, p\u00e9ld\u00e1ul bazaltban \u00e9s andezitben is megtal\u00e1lhat\u00f3. Olyannyira h\u00e9tk\u00f6znapi \u00e1sv\u00e1ny, hogy macskak\u00f6vekben, a vas\u00fati s\u00ednek k\u00f6z\u00f6tti z\u00fazott k\u0151ben, s\u0151t az utak aszfaltj\u00e1ban is tal\u00e1lkozhatunk vele.<\/p>\n<p>Az olivin mellett a F\u00f6ld k\u00f6peny\u00e9nek egyik fontos \u00e1sv\u00e1nya. T\u00e1rsaihoz k\u00e9pest alacsonyabb olvad\u00e1spontja szerepet j\u00e1tszik a magma kialakul\u00e1s\u00e1ban is.<\/p>\n<p>A geol\u00f3gusok sz\u00e1m\u00e1ra k\u00fcl\u00f6n\u00f6sen \u00e9rt\u00e9kes, mert k\u0151zettani indik\u00e1tork\u00e9nt sokat el\u00e1rulhat a magma \u00f6sszet\u00e9tel\u00e9r\u0151l, a krist\u00e1lyosod\u00e1s sorrendj\u00e9r\u0151l \u00e9s arr\u00f3l a k\u00f6rnyezetr\u0151l, amelyben az adott k\u0151zet l\u00e9trej\u00f6tt.<\/p>\n<p>Gazdas\u00e1gi felhaszn\u00e1l\u00e1sa viszonylag csek\u00e9ly, tudom\u00e1nyos \u00e9s oktat\u00e1si szempontb\u00f3l azonban ann\u00e1l jelent\u0151sebb.<\/p>\n<p><a href=\"https:\/\/s.24.hu\/app\/uploads\/sites\/11\/2026\/09\/chrysotile_1.jpg\"><\/a><\/p>\n<figure aria-describedby=\"caption-379680\" class=\"wp-caption alignnone\"><img loading=\"lazy\" decoding=\"async\" class=\"alignnone size-full wp-image-379680\" src=\"https:\/\/s.24.hu\/app\/uploads\/sites\/11\/2026\/09\/chrysotile_1.jpg\" alt=\"\" width=\"1348\" height=\"900\" title=\"H\u00e1rom k\u00fcl\u00f6nleges \u00e1sv\u00e1ny verseng a c\u00edm\u00e9rt: m\u00e1r lehet szavazni 2027-es \u00e9v \u00e1sv\u00e1ny\u00e1ra 2\" \/><figcaption class=\"wp-caption-text\"><span class=\"a-imgSource\">wikipedia<\/span><\/figcaption><\/figure>\n\n<h2>Krizotilazbeszt \u2013 a tudom\u00e1ny seg\u00edt: ismerd meg az ellens\u00e9get<\/h2>\n<p>A krizotil a szerpentin-csoportba tartoz\u00f3, term\u00e9szetben el\u0151fordul\u00f3, rostos szerkezet\u0171 magn\u00e9zium-szilik\u00e1t\u00e1sv\u00e1ny. Ez az azbeszt egyik legismertebb \u00e9s egyben leggyakoribb form\u00e1ja, amelyet gyakran feh\u00e9r azbesztk\u00e9nt is emlegetnek.<\/p>\n<p>Megjelen\u00e9se els\u0151 pillant\u00e1sra kifejezetten l\u00e1tv\u00e1nyos: finom, hajl\u00e9kony sz\u00e1lai ink\u00e1bb eml\u00e9keztetnek valamilyen rostos anyagra, mint hagyom\u00e1nyos \u00e1sv\u00e1nyra. A sz\u00e1lak v\u00e9konyak, er\u0151sek, rugalmasak \u00e9s h\u0151\u00e1ll\u00f3k, ez\u00e9rt a 20. sz\u00e1zadban rendk\u00edv\u00fcl sokf\u00e9le c\u00e9lra felhaszn\u00e1lt\u00e1k.<\/p>\n<p>\u00c9p\u00edt\u0151anyagokban, pal\u00e1kban, szigetel\u00e9sekben \u00e9s t\u00f6m\u00edt\u00e9sekben is gyakran alkalmazt\u00e1k. K\u00e9s\u0151bb azonban kider\u00fclt, hogy a leveg\u0151be ker\u00fcl\u0151 apr\u00f3 azbesztsz\u00e1lak tart\u00f3s bel\u00e9legz\u00e9se s\u00falyos eg\u00e9szs\u00e9gk\u00e1rosod\u00e1st, k\u00f6zt\u00fck daganatos betegs\u00e9geket is okozhat. Emiatt haszn\u00e1lat\u00e1t ma m\u00e1r sz\u00e1mos orsz\u00e1gban betiltott\u00e1k vagy szigor\u00faan korl\u00e1tozz\u00e1k.<\/p>\n<p>Magyarorsz\u00e1gon jelent\u0151s felsz\u00edni krizotilel\u0151fordul\u00e1sok nem ismertek, az \u00e1sv\u00e1ny azonban kor\u00e1bban a k\u00fclf\u00f6ldr\u0151l, t\u00f6bbek k\u00f6z\u00f6tt Ausztri\u00e1b\u00f3l behozott z\u00fazott k\u0151 \u00e9szrev\u00e9tlen alkot\u00f3jak\u00e9nt is beker\u00fclhetett az orsz\u00e1gba.<\/p>\n<p><a href=\"https:\/\/s.24.hu\/app\/uploads\/sites\/11\/2026\/09\/forsterite_olivine_sapat_olivine_deposit_north-west_frontier_pakistan_33769817073.jpg\"><\/a><\/p>\n<figure aria-describedby=\"caption-379681\" class=\"wp-caption alignnone\"><img loading=\"lazy\" decoding=\"async\" class=\"alignnone size-full wp-image-379681\" src=\"https:\/\/s.24.hu\/app\/uploads\/sites\/11\/2026\/09\/forsterite_olivine_sapat_olivine_deposit_north-west_frontier_pakistan_33769817073.jpg\" alt=\"\" width=\"1303\" height=\"1473\" title=\"H\u00e1rom k\u00fcl\u00f6nleges \u00e1sv\u00e1ny verseng a c\u00edm\u00e9rt: m\u00e1r lehet szavazni 2027-es \u00e9v \u00e1sv\u00e1ny\u00e1ra 3\" \/><figcaption class=\"wp-caption-text\"><span class=\"a-imgSource\">wikipedia<\/span><\/figcaption><\/figure>\n\n<h2>Olivin \u2013 a z\u00f6ld dr\u00e1gak\u0151<\/h2>\n<p>Az olivin a F\u00f6ld fels\u0151 k\u00f6peny\u00e9nek egyik legfontosabb, egyben leggyakoribb \u00e1sv\u00e1nya: egyes becsl\u00e9sek szerint annak t\u00f6bb mint fel\u00e9t is alkothatja. F\u0151k\u00e9nt b\u00e1zisos \u00e9s ultrab\u00e1zisos magm\u00e1s k\u0151zetekben, p\u00e9ld\u00e1ul peridotitban, dunitban, gabbr\u00f3ban \u00e9s bazaltban fordul el\u0151.<\/p>\n<p>Nemcsak bolyg\u00f3nk m\u00e9ly\u00e9ben tal\u00e1lkozhatunk vele. A felt\u00f6r\u0151 bazaltl\u00e1va gyakran a felsz\u00ednre hozza a m\u00e9lyb\u0151l sz\u00e1rmaz\u00f3 olivintartalm\u00fa k\u0151zetdarabokat, \u00fagynevezett xenolitokat. Magyarorsz\u00e1gon p\u00e9ld\u00e1ul a Balaton-felvid\u00e9k bazaltvulk\u00e1njain\u00e1l is gy\u0171jthet\u0151 ilyen form\u00e1ban.<\/p>\n<p>Az olivin r\u00e1ad\u00e1sul nem kiz\u00e1r\u00f3lag f\u00f6ldi eredet\u0171: k\u0151- \u00e9s k\u0151-vas meteoritokban is gyakori alkot\u00f3, vagyis id\u0151nk\u00e9nt sz\u00f3 szerint az \u00e9gb\u0151l \u00e9rkezik hozz\u00e1nk. Jellegzetes z\u00f6ld sz\u00edne miatt dr\u00e1gak\u0151k\u00e9nt is ismert. Sz\u00e9p, \u00e1tl\u00e1tsz\u00f3 v\u00e1ltozat\u00e1t peridotnak, r\u00e9gebbi nev\u00e9n krizolitnak nevezik.<\/p>\n<p>A felsz\u00ednen ugyanakkor nem t\u00fal ellen\u00e1ll\u00f3: viszonylag gyorsan m\u00e1llik, ez\u00e9rt legszebb p\u00e9ld\u00e1nyai gyakran friss vulk\u00e1ni k\u0151zetekben vagy a f\u00f6ld m\u00e9ly\u00e9b\u0151l felhozott k\u0151zetdarabokban \u0151rz\u0151dnek meg.<\/p>\n<p><a href=\"https:\/\/sokszinuvidek.24.hu\/viragzo-videkunk\/2026\/02\/13\/ev-asvanya-2026-pirit\/\" target=\"_blank\" rel=\"noopener\">2026-ban a bolondok aranya lett az \u00e9v \u00e1sv\u00e1nya,<\/a> <a href=\"https:\/\/sokszinuvidek.24.hu\/mozaik\/2024\/01\/31\/ev-asvanya-korund-szeged-dragako\/\" target=\"_blank\" rel=\"noopener\">2024-ben a korund<\/a>.<\/p>\n<div class=\"o-post__articRecommend m-articRecommend -hasImg cf article-recommendation-container cf _ce_measure_widget\" data-ce-measure-widget=\"Cikkaj\u00e1nl\u00f3 widget\">\n<div class=\"m-articRecommend__widgetTitle\">Kapcsol\u00f3d\u00f3<\/div>\n<div class=\"m-articRecommend__imgWrap image-container\"><a href=\"https:\/\/sokszinuvidek.24.hu\/kertunk-portank\/2017\/11\/05\/amit-nem-tudtunk-eddig-a-zeolitrol-avagy-igy-hasznalhatjuk-praktikusan\/\" target=\"_self\"><img decoding=\"async\" loading=\"lazy\" width=\"480\" height=\"270\" src=\"https:\/\/s.24.hu\/app\/uploads\/sites\/11\/2017\/11\/zeolite-rocks-e1509949530761-480x270.jpg\" class=\"img-responsive wp-post-image\" alt=\"\" \/><\/a><\/div>\n<div class=\"m-articRecommend__cntWrap content-container \">\n\t\t\t<a href=\"https:\/\/sokszinuvidek.24.hu\/kertunk-portank\/2017\/11\/05\/amit-nem-tudtunk-eddig-a-zeolitrol-avagy-igy-hasznalhatjuk-praktikusan\/\" target=\"_self\" class=\"m-articRecommend__title ar-title\">Amit nem tudtunk eddig a zeolitr\u00f3l, avagy \u00edgy haszn\u00e1lhatjuk praktikusan<\/a>\n<div class=\"m-articRecommend__lead ar-lead\">6 meggy\u0151z\u0151 \u00e9rv\u00fcnk van, mi\u00e9rt j\u00f3, ha haszn\u00e1ljuk.<\/div>\n<\/div>\n<\/div>\n<p>\u00a0<\/p>\n<h2 class=\"mceTemp\"><\/h2>\n<p>The post <a href=\"https:\/\/sokszinuvidek.24.hu\/mozaik\/2026\/09\/03\/ev-asvanya-2027\/\" target=\"_blank\">H\u00e1rom k\u00fcl\u00f6nleges \u00e1sv\u00e1ny verseng a c\u00edm\u00e9rt: m\u00e1r lehet szavazni 2027-es \u00e9v \u00e1sv\u00e1ny\u00e1ra<\/a> first appeared on <a href=\"https:\/\/sokszinuvidek.24.hu\/\" target=\"_blank\">Soksz\u00edn\u0171 vid\u00e9k<\/a>.<\/p><div id=\"friss-2508399556\" class=\"friss-etarget-cikk-vege friss-entity-placement\"><script type=\"text\/javascript\" id=\"etargetScript7a9b589f63cb072bef80df221f46a22b\">function etargetPostloadFunction7a9b589f63cb072bef80df221f46a22b(){var e=\"etargetPostload7a9b589f63cb072bef80df221f46a22b\",t=\"etargetScript7a9b589f63cb072bef80df221f46a22b\",o=document.getElementById(e);if(o){for(var n=o.offsetTop,d=o.offsetLeft,r=o.offsetWidth,a=o.offsetHeight;o.offsetParent;)o=o.offsetParent,n+=o.offsetTop,d+=o.offsetLeft;var i=(n<=window.pageYOffset+window.innerHeight&&d<window.pageXOffset+window.innerWidth&&n+a>window.pageYOffset&&d+r>window.pageXOffset);if(i&&etargetAllowOtherCheck){allowed=!1;var c=document.createElement(\"script\");return c.src=\"\/\/hu.search.etargetnet.com\/generic\/uni.php?g=ref:58661,area:700x210\",void(document.getElementById(t)&&document.getElementById(e)&&(document.getElementById(t).parentNode.appendChild(c),document.getElementById(t).parentNode.removeChild(document.getElementById(t)),document.getElementById(e).parentNode.removeChild(document.getElementById(e)),document.removeEventListener(\"scroll\",etargetPostloadFunction7a9b589f63cb072bef80df221f46a22b),document.removeEventListener(\"resize\",etargetPostloadFunction7a9b589f63cb072bef80df221f46a22b),document.removeEventListener(\"DOMContentLoaded\",etargetPostloadFunction7a9b589f63cb072bef80df221f46a22b)))}}}var etargetDivID=\"etargetPostload7a9b589f63cb072bef80df221f46a22b\",etargetScriptID=\"etargetScript7a9b589f63cb072bef80df221f46a22b\",etargetPostloadPoint=document.createElement(\"div\");etargetPostloadPoint.id=etargetDivID;var etargetCurScript=document.getElementById(etargetScriptID);etargetCurScript.parentNode.appendChild(etargetPostloadPoint),document.addEventListener(\"scroll\",etargetPostloadFunction7a9b589f63cb072bef80df221f46a22b),document.addEventListener(\"resize\",etargetPostloadFunction7a9b589f63cb072bef80df221f46a22b),document.addEventListener(\"DOMContentLoaded\",etargetPostloadFunction7a9b589f63cb072bef80df221f46a22b);var etargetAllowOtherCheck=!0;if(typeof(\"forceRunPostload\")==\"string\"){etargetPostloadFunction7a9b589f63cb072bef80df221f46a22b()}<\/script><\/div><div id=\"friss-2445383225\" class=\"friss-after-content friss-entity-placement\"><script type=\"text\/javascript\" id=\"etargetScript7a9b589f63cb072bef80df221f46a22b\">function etargetPostloadFunction7a9b589f63cb072bef80df221f46a22b(){var e=\"etargetPostload7a9b589f63cb072bef80df221f46a22b\",t=\"etargetScript7a9b589f63cb072bef80df221f46a22b\",o=document.getElementById(e);if(o){for(var n=o.offsetTop,d=o.offsetLeft,r=o.offsetWidth,a=o.offsetHeight;o.offsetParent;)o=o.offsetParent,n+=o.offsetTop,d+=o.offsetLeft;var i=(n<=window.pageYOffset+window.innerHeight&&d<window.pageXOffset+window.innerWidth&&n+a>window.pageYOffset&&d+r>window.pageXOffset);if(i&&etargetAllowOtherCheck){allowed=!1;var c=document.createElement(\"script\");return c.src=\"\/\/hu.search.etargetnet.com\/generic\/uni.php?g=ref:58661,area:700x210\",void(document.getElementById(t)&&document.getElementById(e)&&(document.getElementById(t).parentNode.appendChild(c),document.getElementById(t).parentNode.removeChild(document.getElementById(t)),document.getElementById(e).parentNode.removeChild(document.getElementById(e)),document.removeEventListener(\"scroll\",etargetPostloadFunction7a9b589f63cb072bef80df221f46a22b),document.removeEventListener(\"resize\",etargetPostloadFunction7a9b589f63cb072bef80df221f46a22b),document.removeEventListener(\"DOMContentLoaded\",etargetPostloadFunction7a9b589f63cb072bef80df221f46a22b)))}}}var etargetDivID=\"etargetPostload7a9b589f63cb072bef80df221f46a22b\",etargetScriptID=\"etargetScript7a9b589f63cb072bef80df221f46a22b\",etargetPostloadPoint=document.createElement(\"div\");etargetPostloadPoint.id=etargetDivID;var etargetCurScript=document.getElementById(etargetScriptID);etargetCurScript.parentNode.appendChild(etargetPostloadPoint),document.addEventListener(\"scroll\",etargetPostloadFunction7a9b589f63cb072bef80df221f46a22b),document.addEventListener(\"resize\",etargetPostloadFunction7a9b589f63cb072bef80df221f46a22b),document.addEventListener(\"DOMContentLoaded\",etargetPostloadFunction7a9b589f63cb072bef80df221f46a22b);var etargetAllowOtherCheck=!0;if(typeof(\"forceRunPostload\")==\"string\"){etargetPostloadFunction7a9b589f63cb072bef80df221f46a22b()}<\/script><\/div><div id=\"friss-3580504292\" class=\"friss-after-content_2 friss-entity-placement\" style=\"clear: both;\"><div class=\"wprss_ajax\" data-id=\"rssfef529e347\"><img loading=\"lazy\" decoding=\"async\" src=\"https:\/\/friss-hirek.hu\/wp-content\/plugins\/wp-rss-retriever\/inc\/imgs\/ajax-loader.gif\" alt=\"Loading RSS Feed\" width=\"16\" height=\"16\"><\/div><\/div><br style=\"clear: both; display: block; float: none;\"\/><div id=\"friss-2789608265\" class=\"friss-after-content_3 friss-entity-placement\">https:\/\/www.youtube.com\/watch?v=Pdnw4KiUWp0<\/div>","protected":false},"excerpt":{"rendered":"<p>A Magyarhoni F\u00f6ldtani T\u00e1rsulat 2015-ben ind\u00edtotta \u00fatj\u00e1ra Az \u00e9v \u00e1sv\u00e1nya \u00e9s Az \u00e9v \u0151smaradv\u00e1nya programot, hogy k\u00f6zelebb hozza a nagyk\u00f6z\u00f6ns\u00e9ghez a f\u00f6ldtudom\u00e1nyok k\u00e9t izgalmas ter\u00fclet\u00e9t, az \u00e1sv\u00e1nytant \u00e9s az \u0151sl\u00e9nytant. A kezdem\u00e9nyez\u00e9s r\u00e9szek\u00e9nt minden \u00e9vben kiv\u00e1lasztanak egy-egy \u00e1sv\u00e1nyt \u00e9s \u0151smaradv\u00e1nyt, amelyek kiemelt szerepet kapnak a t\u00e1rsulat ismeretterjeszt\u0151 programjaiban. Az \u00e9v \u00e1sv\u00e1ny\u00e1val m\u00fazeumokban, rendezv\u00e9nyeken \u00e9s k\u00fcl\u00f6nb\u00f6z\u0151 [&hellip;]<\/p>\n","protected":false},"author":1,"featured_media":0,"comment_status":"open","ping_status":"open","sticky":false,"template":"","format":"standard","meta":{"footnotes":""},"categories":[6],"tags":[],"class_list":["post-171157","post","type-post","status-publish","format-standard","hentry","category-videk"],"amp_enabled":true,"_links":{"self":[{"href":"https:\/\/friss-hirek.hu\/index.php\/wp-json\/wp\/v2\/posts\/171157","targetHints":{"allow":["GET"]}}],"collection":[{"href":"https:\/\/friss-hirek.hu\/index.php\/wp-json\/wp\/v2\/posts"}],"about":[{"href":"https:\/\/friss-hirek.hu\/index.php\/wp-json\/wp\/v2\/types\/post"}],"author":[{"embeddable":true,"href":"https:\/\/friss-hirek.hu\/index.php\/wp-json\/wp\/v2\/users\/1"}],"replies":[{"embeddable":true,"href":"https:\/\/friss-hirek.hu\/index.php\/wp-json\/wp\/v2\/comments?post=171157"}],"version-history":[{"count":0,"href":"https:\/\/friss-hirek.hu\/index.php\/wp-json\/wp\/v2\/posts\/171157\/revisions"}],"wp:attachment":[{"href":"https:\/\/friss-hirek.hu\/index.php\/wp-json\/wp\/v2\/media?parent=171157"}],"wp:term":[{"taxonomy":"category","embeddable":true,"href":"https:\/\/friss-hirek.hu\/index.php\/wp-json\/wp\/v2\/categories?post=171157"},{"taxonomy":"post_tag","embeddable":true,"href":"https:\/\/friss-hirek.hu\/index.php\/wp-json\/wp\/v2\/tags?post=171157"}],"curies":[{"name":"wp","href":"https:\/\/api.w.org\/{rel}","templated":true}]}}