{"id":171159,"date":"2026-09-03T16:04:14","date_gmt":"2026-09-03T16:04:14","guid":{"rendered":"https:\/\/friss-hirek.hu\/index.php\/ketelu-fegyver-az-mvm-uj-tarifaja-nem-mindenkinek-eri-meg\/friss-hirek\/"},"modified":"2026-09-03T16:04:14","modified_gmt":"2026-09-03T16:04:14","slug":"ketelu-fegyver-az-mvm-uj-tarifaja-nem-mindenkinek-eri-meg","status":"publish","type":"post","link":"https:\/\/friss-hirek.hu\/index.php\/ketelu-fegyver-az-mvm-uj-tarifaja-nem-mindenkinek-eri-meg\/uzlet\/","title":{"rendered":"K\u00e9t\u00e9l\u0171 fegyver az MVM \u00faj tarif\u00e1ja, nem mindenkinek \u00e9ri meg"},"content":{"rendered":"<p><strong>A t\u0151zsdei \u00e1rakhoz igazod\u00f3 tarifa komoly megtakar\u00edt\u00e1st hozhat annak, aki tudatosan id\u0151z\u00edti a fogyaszt\u00e1s\u00e1t, de bizonyos esetekben nagyon m\u00e1s eredm\u00e9nnyel j\u00e1rhat.<\/strong><\/p><div id=\"friss-3411954133\" class=\"friss-etarget friss-entity-placement\"><script type=\"text\/javascript\" id=\"etargetScript7a9b589f63cb072bef80df221f46a22b\">function etargetPostloadFunction7a9b589f63cb072bef80df221f46a22b(){var e=\"etargetPostload7a9b589f63cb072bef80df221f46a22b\",t=\"etargetScript7a9b589f63cb072bef80df221f46a22b\",o=document.getElementById(e);if(o){for(var n=o.offsetTop,d=o.offsetLeft,r=o.offsetWidth,a=o.offsetHeight;o.offsetParent;)o=o.offsetParent,n+=o.offsetTop,d+=o.offsetLeft;var i=(n<=window.pageYOffset+window.innerHeight&&d<window.pageXOffset+window.innerWidth&&n+a>window.pageYOffset&&d+r>window.pageXOffset);if(i&&etargetAllowOtherCheck){allowed=!1;var c=document.createElement(\"script\");return c.src=\"\/\/hu.search.etargetnet.com\/generic\/uni.php?g=ref:58661,area:700x210\",void(document.getElementById(t)&&document.getElementById(e)&&(document.getElementById(t).parentNode.appendChild(c),document.getElementById(t).parentNode.removeChild(document.getElementById(t)),document.getElementById(e).parentNode.removeChild(document.getElementById(e)),document.removeEventListener(\"scroll\",etargetPostloadFunction7a9b589f63cb072bef80df221f46a22b),document.removeEventListener(\"resize\",etargetPostloadFunction7a9b589f63cb072bef80df221f46a22b),document.removeEventListener(\"DOMContentLoaded\",etargetPostloadFunction7a9b589f63cb072bef80df221f46a22b)))}}}var etargetDivID=\"etargetPostload7a9b589f63cb072bef80df221f46a22b\",etargetScriptID=\"etargetScript7a9b589f63cb072bef80df221f46a22b\",etargetPostloadPoint=document.createElement(\"div\");etargetPostloadPoint.id=etargetDivID;var etargetCurScript=document.getElementById(etargetScriptID);etargetCurScript.parentNode.appendChild(etargetPostloadPoint),document.addEventListener(\"scroll\",etargetPostloadFunction7a9b589f63cb072bef80df221f46a22b),document.addEventListener(\"resize\",etargetPostloadFunction7a9b589f63cb072bef80df221f46a22b),document.addEventListener(\"DOMContentLoaded\",etargetPostloadFunction7a9b589f63cb072bef80df221f46a22b);var etargetAllowOtherCheck=!0;if(typeof(\"forceRunPostload\")==\"string\"){etargetPostloadFunction7a9b589f63cb072bef80df221f46a22b()}<\/script><\/div>\n<p><strong>Mi t\u00f6rt\u00e9nt?<\/strong> Szeptember 1-j\u00e9t\u0151l \u00f6nk\u00e9ntesen v\u00e1laszthat\u00f3 az MVM dinamikus villamosenergia-tarif\u00e1ja a lakoss\u00e1gi \u00e9s mikrov\u00e1llalkoz\u00f3i \u00fcgyfelek sz\u00e1m\u00e1ra. A kedvezm\u00e9nyes fogyaszt\u00e1si s\u00e1vban tov\u00e1bbra is a rezsics\u00f6kkentett, 36,9 forintos kilowatt\u00f3r\u00e1nk\u00e9nti \u00e1r marad, a s\u00e1v feletti fogyaszt\u00e1sn\u00e1l azonban a jelenlegi 70,1 forintos fix \u00e1r helyett a t\u0151zsdei \u00e1rak v\u00e1ltoz\u00e1s\u00e1t k\u00f6vet\u0151 tarifa l\u00e9p \u00e9letbe, <a href=\"https:\/\/telex.hu\/g7\/elet\/2026\/09\/03\/aram-mvm-rezsi-energiaellatas-dinamikus-fogyasztoi-ar\">\u00edrja a G7<\/a>. A konstrukci\u00f3 k\u00fcl\u00f6n\u00f6sen azoknak lehet kedvez\u0151, akik k\u00e9pesek fogyaszt\u00e1sukat rugalmasan id\u0151z\u00edteni, p\u00e9ld\u00e1ul elektromos aut\u00f3t t\u00f6lteni vagy akkumul\u00e1torban t\u00e1rolni az olcs\u00f3bban megv\u00e1s\u00e1rolt energi\u00e1t.<\/p>\n<div class=\"related-post-links\">\n<p>\t\t<span class=\"related-post-links__title minititle\">T\u00f6bb ebb\u0151l<\/span><\/p>\n<div class=\"related-post-links__link-wrapper\">\n\t\t\t\t<a href=\"https:\/\/www.forbes.hu\/penz\/napelem-karosultak-rendszer-befektetes-szamla-rezsi\/\" class=\"related-post-links__link\">Az ember kifizet napelemes rendszerre \u00f6tmilli\u00f3t, \u00e9s az addig 50 ezres villanysz\u00e1ml\u00e1j\u00e1b\u00f3l 400 ezer lesz<\/a>\n\t\t\t<\/div>\n<div class=\"related-post-links__link-wrapper\">\n\t\t\t\t<a href=\"https:\/\/www.forbes.hu\/uzlet\/energia-napenergia-zold\/\" class=\"related-post-links__link\">\u201eFelkel a nap, \u00e9s az utc\u00e1ban az \u00f6sszes napelem lekapcsol\u201d \u2013 avagy n\u00e1lunk az energetikai forradalomb\u00f3l is megoldand\u00f3 probl\u00e9ma lett<\/a>\n\t\t\t<\/div>\n<div class=\"related-post-links__link-wrapper\">\n\t\t\t\t<a href=\"https:\/\/www.forbes.hu\/uzlet\/legnagyobb-magyar-techceg-kovacs-mate-teleprompter\/\" class=\"related-post-links__link\">\u201eRe\u00e1lis, hogy t\u00edz \u00e9ven bel\u00fcl mi lesz\u00fcnk a legnagyobb magyar tech c\u00e9g\u201d \u2013 a fejleszt\u0151, aki egymaga rakta le egy milli\u00e1rdos app alapjait, most \u00faj projektbe kezd<\/a>\n\t\t\t<\/div>\n<\/div>\n<p><strong>Mi\u00e9rt j\u00f3 ez? <\/strong>A rendszer l\u00e9nyege, hogy a fogyaszt\u00f3k akkor haszn\u00e1lj\u00e1k intenz\u00edvebben az \u00e1ramot, amikor az olcs\u00f3bb. Ny\u00e1ron p\u00e9ld\u00e1ul a kora d\u00e9lut\u00e1ni \u00f3r\u00e1kban a naper\u0151m\u0171vek nagy termel\u00e9se miatt jelent\u0151sen cs\u00f6kkenhetnek a piaci \u00e1rak, mik\u00f6zben este, a fogyaszt\u00e1si cs\u00facs idej\u00e9n megugorhatnak. Aki k\u00e9pes ehhez igaz\u00edtani a h\u00e1ztart\u00e1s m\u0171k\u00f6d\u00e9s\u00e9t, jelent\u0151s \u00f6sszeget takar\u00edthat meg, \u00e9s az \u00e1ramtermel\u00e9shez kapcsol\u00f3d\u00f3 kibocs\u00e1t\u00e1s is alacsonyabb lehet.<\/p>\n<p>A konstrukci\u00f3 m\u00e1sik oldala azonban \u00e9ppen az \u00e1rak kisz\u00e1m\u00edthatatlans\u00e1ga. A legnagyobb fogyaszt\u00e1si ig\u00e9ny\u0171 id\u0151szakokban \u2013 p\u00e9ld\u00e1ul egy h\u0151hull\u00e1m idej\u00e9n, amikor egyszerre m\u0171k\u00f6dnek nagy teljes\u00edtm\u00e9ny\u0171 kl\u00edmaberendez\u00e9sek, vagy egy hideg t\u00e9len \u2013 a t\u0151zsdei \u00e1rak rendk\u00edv\u00fcl magasra ugorhatnak. Az idei j\u00faniusi h\u0151hull\u00e1m alatt is el\u0151fordult olyan nap, amikor a magyarorsz\u00e1gi \u00e1ram t\u0151zsdei napi \u00e1tlag\u00e1ra a sokszoros\u00e1ra emelkedett. Egy region\u00e1lis energiav\u00e1ls\u00e1g pedig enn\u00e9l is nagyobb kileng\u00e9seket okozhat.<\/p>\n<p><strong>Ki nyer ma? <\/strong>A dinamikus tarifa ez\u00e9rt els\u0151sorban azoknak val\u00f3, akik figyelik az \u00e1rakat \u00e9s t\u00e9nylegesen k\u00e9pesek mozgatni a fogyaszt\u00e1sukat. Aki viszont ugyan\u00fagy haszn\u00e1lja az elektromos eszk\u00f6zeit, mint eddig, annak k\u00f6nnyen az ellenkez\u0151je t\u00f6rt\u00e9nhet, a megtakar\u00edt\u00e1s helyett \u00e9ppen a kisz\u00e1m\u00edthatatlanul magas sz\u00e1ml\u00e1t hoz az \u00faj rendszer.<\/p>\n<p><!-- No email blocks found --><\/p>\n<p>The post <a href=\"https:\/\/www.forbes.hu\/penz\/ketelu-fegyver-az-mvm-uj-tarifaja-nem-mindenkinek-eri-meg\/\">K\u00e9t\u00e9l\u0171 fegyver az MVM \u00faj tarif\u00e1ja, nem mindenkinek \u00e9ri meg<\/a> appeared first on <a href=\"https:\/\/www.forbes.hu\/\">Forbes.hu<\/a>.<\/p><div id=\"friss-92256529\" class=\"friss-etarget-cikk-vege friss-entity-placement\"><script type=\"text\/javascript\" id=\"etargetScript7a9b589f63cb072bef80df221f46a22b\">function etargetPostloadFunction7a9b589f63cb072bef80df221f46a22b(){var e=\"etargetPostload7a9b589f63cb072bef80df221f46a22b\",t=\"etargetScript7a9b589f63cb072bef80df221f46a22b\",o=document.getElementById(e);if(o){for(var n=o.offsetTop,d=o.offsetLeft,r=o.offsetWidth,a=o.offsetHeight;o.offsetParent;)o=o.offsetParent,n+=o.offsetTop,d+=o.offsetLeft;var i=(n<=window.pageYOffset+window.innerHeight&&d<window.pageXOffset+window.innerWidth&&n+a>window.pageYOffset&&d+r>window.pageXOffset);if(i&&etargetAllowOtherCheck){allowed=!1;var c=document.createElement(\"script\");return c.src=\"\/\/hu.search.etargetnet.com\/generic\/uni.php?g=ref:58661,area:700x210\",void(document.getElementById(t)&&document.getElementById(e)&&(document.getElementById(t).parentNode.appendChild(c),document.getElementById(t).parentNode.removeChild(document.getElementById(t)),document.getElementById(e).parentNode.removeChild(document.getElementById(e)),document.removeEventListener(\"scroll\",etargetPostloadFunction7a9b589f63cb072bef80df221f46a22b),document.removeEventListener(\"resize\",etargetPostloadFunction7a9b589f63cb072bef80df221f46a22b),document.removeEventListener(\"DOMContentLoaded\",etargetPostloadFunction7a9b589f63cb072bef80df221f46a22b)))}}}var etargetDivID=\"etargetPostload7a9b589f63cb072bef80df221f46a22b\",etargetScriptID=\"etargetScript7a9b589f63cb072bef80df221f46a22b\",etargetPostloadPoint=document.createElement(\"div\");etargetPostloadPoint.id=etargetDivID;var etargetCurScript=document.getElementById(etargetScriptID);etargetCurScript.parentNode.appendChild(etargetPostloadPoint),document.addEventListener(\"scroll\",etargetPostloadFunction7a9b589f63cb072bef80df221f46a22b),document.addEventListener(\"resize\",etargetPostloadFunction7a9b589f63cb072bef80df221f46a22b),document.addEventListener(\"DOMContentLoaded\",etargetPostloadFunction7a9b589f63cb072bef80df221f46a22b);var etargetAllowOtherCheck=!0;if(typeof(\"forceRunPostload\")==\"string\"){etargetPostloadFunction7a9b589f63cb072bef80df221f46a22b()}<\/script><\/div><div id=\"friss-1571451979\" class=\"friss-after-content friss-entity-placement\"><script type=\"text\/javascript\" id=\"etargetScript7a9b589f63cb072bef80df221f46a22b\">function etargetPostloadFunction7a9b589f63cb072bef80df221f46a22b(){var e=\"etargetPostload7a9b589f63cb072bef80df221f46a22b\",t=\"etargetScript7a9b589f63cb072bef80df221f46a22b\",o=document.getElementById(e);if(o){for(var n=o.offsetTop,d=o.offsetLeft,r=o.offsetWidth,a=o.offsetHeight;o.offsetParent;)o=o.offsetParent,n+=o.offsetTop,d+=o.offsetLeft;var i=(n<=window.pageYOffset+window.innerHeight&&d<window.pageXOffset+window.innerWidth&&n+a>window.pageYOffset&&d+r>window.pageXOffset);if(i&&etargetAllowOtherCheck){allowed=!1;var c=document.createElement(\"script\");return c.src=\"\/\/hu.search.etargetnet.com\/generic\/uni.php?g=ref:58661,area:700x210\",void(document.getElementById(t)&&document.getElementById(e)&&(document.getElementById(t).parentNode.appendChild(c),document.getElementById(t).parentNode.removeChild(document.getElementById(t)),document.getElementById(e).parentNode.removeChild(document.getElementById(e)),document.removeEventListener(\"scroll\",etargetPostloadFunction7a9b589f63cb072bef80df221f46a22b),document.removeEventListener(\"resize\",etargetPostloadFunction7a9b589f63cb072bef80df221f46a22b),document.removeEventListener(\"DOMContentLoaded\",etargetPostloadFunction7a9b589f63cb072bef80df221f46a22b)))}}}var etargetDivID=\"etargetPostload7a9b589f63cb072bef80df221f46a22b\",etargetScriptID=\"etargetScript7a9b589f63cb072bef80df221f46a22b\",etargetPostloadPoint=document.createElement(\"div\");etargetPostloadPoint.id=etargetDivID;var etargetCurScript=document.getElementById(etargetScriptID);etargetCurScript.parentNode.appendChild(etargetPostloadPoint),document.addEventListener(\"scroll\",etargetPostloadFunction7a9b589f63cb072bef80df221f46a22b),document.addEventListener(\"resize\",etargetPostloadFunction7a9b589f63cb072bef80df221f46a22b),document.addEventListener(\"DOMContentLoaded\",etargetPostloadFunction7a9b589f63cb072bef80df221f46a22b);var etargetAllowOtherCheck=!0;if(typeof(\"forceRunPostload\")==\"string\"){etargetPostloadFunction7a9b589f63cb072bef80df221f46a22b()}<\/script><\/div><div id=\"friss-1323592386\" class=\"friss-after-content_2 friss-entity-placement\" style=\"clear: both;\"><div class=\"wprss_ajax\" data-id=\"rssbc8be1392c\"><img loading=\"lazy\" decoding=\"async\" src=\"https:\/\/friss-hirek.hu\/wp-content\/plugins\/wp-rss-retriever\/inc\/imgs\/ajax-loader.gif\" alt=\"Loading RSS Feed\" width=\"16\" height=\"16\"><\/div><\/div><br style=\"clear: both; display: block; float: none;\"\/><div id=\"friss-850090890\" class=\"friss-after-content_3 friss-entity-placement\">https:\/\/www.youtube.com\/watch?v=Pdnw4KiUWp0<\/div>","protected":false},"excerpt":{"rendered":"<p>A t\u0151zsdei \u00e1rakhoz igazod\u00f3 tarifa komoly megtakar\u00edt\u00e1st hozhat annak, aki tudatosan id\u0151z\u00edti a fogyaszt\u00e1s\u00e1t, de bizonyos esetekben nagyon m\u00e1s eredm\u00e9nnyel j\u00e1rhat. Mi t\u00f6rt\u00e9nt? Szeptember 1-j\u00e9t\u0151l \u00f6nk\u00e9ntesen v\u00e1laszthat\u00f3 az MVM dinamikus villamosenergia-tarif\u00e1ja a lakoss\u00e1gi \u00e9s mikrov\u00e1llalkoz\u00f3i \u00fcgyfelek sz\u00e1m\u00e1ra. A kedvezm\u00e9nyes fogyaszt\u00e1si s\u00e1vban tov\u00e1bbra is a rezsics\u00f6kkentett, 36,9 forintos kilowatt\u00f3r\u00e1nk\u00e9nti \u00e1r marad, a s\u00e1v feletti fogyaszt\u00e1sn\u00e1l azonban [&hellip;]<\/p>\n","protected":false},"author":1,"featured_media":0,"comment_status":"open","ping_status":"open","sticky":false,"template":"","format":"standard","meta":{"footnotes":""},"categories":[7],"tags":[],"class_list":["post-171159","post","type-post","status-publish","format-standard","hentry","category-uzlet"],"amp_enabled":true,"_links":{"self":[{"href":"https:\/\/friss-hirek.hu\/index.php\/wp-json\/wp\/v2\/posts\/171159","targetHints":{"allow":["GET"]}}],"collection":[{"href":"https:\/\/friss-hirek.hu\/index.php\/wp-json\/wp\/v2\/posts"}],"about":[{"href":"https:\/\/friss-hirek.hu\/index.php\/wp-json\/wp\/v2\/types\/post"}],"author":[{"embeddable":true,"href":"https:\/\/friss-hirek.hu\/index.php\/wp-json\/wp\/v2\/users\/1"}],"replies":[{"embeddable":true,"href":"https:\/\/friss-hirek.hu\/index.php\/wp-json\/wp\/v2\/comments?post=171159"}],"version-history":[{"count":0,"href":"https:\/\/friss-hirek.hu\/index.php\/wp-json\/wp\/v2\/posts\/171159\/revisions"}],"wp:attachment":[{"href":"https:\/\/friss-hirek.hu\/index.php\/wp-json\/wp\/v2\/media?parent=171159"}],"wp:term":[{"taxonomy":"category","embeddable":true,"href":"https:\/\/friss-hirek.hu\/index.php\/wp-json\/wp\/v2\/categories?post=171159"},{"taxonomy":"post_tag","embeddable":true,"href":"https:\/\/friss-hirek.hu\/index.php\/wp-json\/wp\/v2\/tags?post=171159"}],"curies":[{"name":"wp","href":"https:\/\/api.w.org\/{rel}","templated":true}]}}