{"id":171162,"date":"2026-09-03T17:05:17","date_gmt":"2026-09-03T17:05:17","guid":{"rendered":"https:\/\/friss-hirek.hu\/index.php\/a-samsung-utjara-lephet-az-iphone-vajon-zsakutcaba-vezet\/friss-hirek\/"},"modified":"2026-09-03T17:05:17","modified_gmt":"2026-09-03T17:05:17","slug":"a-samsung-utjara-lephet-az-iphone-vajon-zsakutcaba-vezet","status":"publish","type":"post","link":"https:\/\/friss-hirek.hu\/index.php\/a-samsung-utjara-lephet-az-iphone-vajon-zsakutcaba-vezet\/uzlet\/","title":{"rendered":"A Samsung \u00fatj\u00e1ra l\u00e9phet az iPhone, vajon zs\u00e1kutc\u00e1ba vezet?"},"content":{"rendered":"<p><strong>Megn\u00e9zt\u00fck a Samsung \u00faj, szokatlan kialak\u00edt\u00e1s\u00fa telefonj\u00e1t, amelyet j\u00f3 es\u00e9llyel m\u00e1r az Apple is lek\u00f6vet a k\u00f6vetkez\u0151 iPhone-nal. De van egy\u00e1ltal\u00e1n \u00e9rtelme ennek a k\u00fcl\u00f6nleges diz\u00e1jnnak?<\/strong><\/p><div id=\"friss-753953649\" class=\"friss-etarget friss-entity-placement\"><script type=\"text\/javascript\" id=\"etargetScript7a9b589f63cb072bef80df221f46a22b\">function etargetPostloadFunction7a9b589f63cb072bef80df221f46a22b(){var e=\"etargetPostload7a9b589f63cb072bef80df221f46a22b\",t=\"etargetScript7a9b589f63cb072bef80df221f46a22b\",o=document.getElementById(e);if(o){for(var n=o.offsetTop,d=o.offsetLeft,r=o.offsetWidth,a=o.offsetHeight;o.offsetParent;)o=o.offsetParent,n+=o.offsetTop,d+=o.offsetLeft;var i=(n<=window.pageYOffset+window.innerHeight&&d<window.pageXOffset+window.innerWidth&&n+a>window.pageYOffset&&d+r>window.pageXOffset);if(i&&etargetAllowOtherCheck){allowed=!1;var c=document.createElement(\"script\");return c.src=\"\/\/hu.search.etargetnet.com\/generic\/uni.php?g=ref:58661,area:700x210\",void(document.getElementById(t)&&document.getElementById(e)&&(document.getElementById(t).parentNode.appendChild(c),document.getElementById(t).parentNode.removeChild(document.getElementById(t)),document.getElementById(e).parentNode.removeChild(document.getElementById(e)),document.removeEventListener(\"scroll\",etargetPostloadFunction7a9b589f63cb072bef80df221f46a22b),document.removeEventListener(\"resize\",etargetPostloadFunction7a9b589f63cb072bef80df221f46a22b),document.removeEventListener(\"DOMContentLoaded\",etargetPostloadFunction7a9b589f63cb072bef80df221f46a22b)))}}}var etargetDivID=\"etargetPostload7a9b589f63cb072bef80df221f46a22b\",etargetScriptID=\"etargetScript7a9b589f63cb072bef80df221f46a22b\",etargetPostloadPoint=document.createElement(\"div\");etargetPostloadPoint.id=etargetDivID;var etargetCurScript=document.getElementById(etargetScriptID);etargetCurScript.parentNode.appendChild(etargetPostloadPoint),document.addEventListener(\"scroll\",etargetPostloadFunction7a9b589f63cb072bef80df221f46a22b),document.addEventListener(\"resize\",etargetPostloadFunction7a9b589f63cb072bef80df221f46a22b),document.addEventListener(\"DOMContentLoaded\",etargetPostloadFunction7a9b589f63cb072bef80df221f46a22b);var etargetAllowOtherCheck=!0;if(typeof(\"forceRunPostload\")==\"string\"){etargetPostloadFunction7a9b589f63cb072bef80df221f46a22b()}<\/script><\/div>\n<p>A <a href=\"https:\/\/www.forbes.hu\/a-jo-elet\/samsung-galaxy-fold-ultravekony-hajtogathato-telefon\/\">hajtogathat\u00f3 telefonok<\/a> piac\u00e1t az els\u0151 pillanatt\u00f3l ural\u00f3 Samsung id\u00e9n v\u00e1rhat\u00f3an komoly kih\u00edv\u00f3t kap: ha minden igaz, napokon bel\u00fcl az Apple is bel\u00e9p erre a ter\u00fcletre, ami eg\u00e9szen biztosan felbor\u00edtja az er\u0151viszonyokat.<\/p>\n<blockquote class=\"wp-block-quote is-layout-flow wp-block-quote-is-layout-flow\">\n<p>A k\u00e9t \u00f3ri\u00e1s rivaliz\u00e1l\u00e1s\u00e1nak extra pikant\u00e9ri\u00e1t ad, hogy a tervek szerint a szeptember 9-i Apple-esem\u00e9nyen berobban\u00f3, hajtogathat\u00f3 iPhone Fold olyan szokatlan kialak\u00edt\u00e1st kap, amivel eg\u00e9szen mostan\u00e1ig nem tal\u00e1lkozhattunk.<\/p>\n<\/blockquote>\n<p>A d\u00e9l-koreai riv\u00e1lisa azonban megel\u0151zte, \u00e9s ny\u00e1r k\u00f6zep\u00e9n ler\u00e1ntotta a leplet egy ugyanilyen k\u00fcl\u00f6nleges diz\u00e1jnnal rendelkez\u0151 term\u00e9kr\u0151l. Ez a Samsung Galaxy Z Fold8, amelyb\u0151l k\u00e9rt\u00fcnk k\u00f6lcs\u00f6n egy p\u00e9ld\u00e1nyt, hogy megvizsg\u00e1ljuk, \u00e9letk\u00e9pes-e ez az ir\u00e1ny, \u00e9s megv\u00e1ltoztathatja-e a gig\u00e1szi telefonos univerzumot.<\/p>\n<p>Egy ilyen v\u00e1lt\u00e1s mindig nagyon kock\u00e1zatos, hiszen nagy nevek, illetve massz\u00edv rajong\u00f3t\u00e1borok ide vagy oda, a buk\u00e1s mindig benne van a pakliban. El\u00e9g, ha csak a 2025 nagy durran\u00e1s\u00e1nak sz\u00e1nt, ultrav\u00e9kony k\u00e9sz\u00fcl\u00e9kekre gondolunk, amelyek viszont nem tal\u00e1lkoztak a fogyaszt\u00f3i elv\u00e1r\u00e1sokkal. \u00cdgy az a vonal mostanra teljesen h\u00e1tt\u00e9rbe szorult, \u00e9s szinte minden c\u00e9g elengedte, lenyelve a keser\u0171 b\u00e9k\u00e1t.<\/p>\n<div class=\"highlighted-text\">\n<p>\t\t<span class=\"highlighted-text__title minititle\">Err\u0151l sz\u00f3l m\u00e9g a cikk<\/span><\/p>\n<div class=\"highlighted-text__content\">\n<ul>\n<li>Mit\u0151l m\u00e1s a Samsung Galaxy Z Fold8?<\/li>\n<li>Van-e \u00e9rtelme a hajtogathat\u00f3 mobiloknak?<\/li>\n<li>Mivel bukhat el az Apple?<\/li>\n<\/ul><\/div>\n<\/div>\n<h2 class=\"wp-block-heading\"><strong>Mit\u0151l m\u00e1s?<\/strong><\/h2>\n<p>A Fold8 az \u00fagynevezett tablettelefonok t\u00e1bor\u00e1t er\u0151s\u00edti: \u00f6sszecsukva hagyom\u00e1nyos telefon, kinyitva pedig kis t\u00e1blag\u00e9p v\u00e1lik bel\u0151le. Azonban az eddigi ilyen modellekt\u0151l elt\u00e9r\u0151en itt azt tal\u00e1lt\u00e1k ki, hogy \u00f6sszehajtva ne hossz\u00fa \u00e9s keskeny legyen, hanem r\u00f6vid \u00e9s sz\u00e9les.<\/p>\n<figure class=\"wp-block-image size-full\">\n<div class=\"photo-credit-wrapper\"><img decoding=\"async\" width=\"2560\" height=\"1355\" loading=\"lazy\" src=\"https:\/\/cdn.forbes.hu\/uploads\/2026\/08\/f-nyito-k-scaled.jpg\" alt=\"Z Fold8 k\u00e9perny\u0151\" class=\"wp-image-795575\" \/>\n<div class=\"photo-credit\">\n            <img decoding=\"async\" loading=\"lazy\" class=\"photo-credit__icon\" src=\"https:\/\/www.forbes.hu\/wp-content\/themes\/frontend\/atoms\/photo-credit\/icon-info.svg\" alt=\"info\" \/><br \/>\n            <span class=\"photo-credit__label\">Fot\u00f3: Szalai P\u00e9ter \/\/ Forbes.hu<\/span>\n        <\/div>\n<\/div><figcaption class=\"wp-element-caption\">A kialak\u00edt\u00e1s nagy extr\u00e1ja, hogy egyszerre nagy \u00e9s kicsi. Fot\u00f3: Szalai P\u00e9ter \/\/  Forbes.hu<\/figcaption><\/figure>\n<p>Ezzel tot\u00e1lisan szembemegy a hagyom\u00e1nyos, nem hajtogathat\u00f3 telefonokn\u00e1l m\u00e1sf\u00e9l \u00e9vtizede megfigyelhet\u0151, nagyobb k\u00e9p\u00e1tl\u00f3ra t\u00f6rekv\u0151 trenddel. Am\u00edg p\u00e9ld\u00e1ul az idei, tradicion\u00e1lis kialak\u00edt\u00e1s\u00fa cs\u00facsmodell, az Ultra 6,9 h\u00fcvelykes, addig ez csup\u00e1n 5,5 h\u00fcvelykes. \u00cdgy j\u00f3val kompaktabb, egyszer\u0171bben zsebre v\u00e1ghat\u00f3, \u00e9s egy kisebb t\u00e1sk\u00e1ba is k\u00e9nyelmesebben bef\u00e9r.<\/p>\n<p>M\u00e1sr\u00e9szt megid\u00e9zi az eg\u00e9szen korai okostelefonok, konkr\u00e9tan az els\u0151 iPhone-ok kicsit t\u00f6mzsi formavil\u00e1g\u00e1t is. \u00cdgy a retr\u00f3 ir\u00e1nt fog\u00e9kony embert\u00f6megek lelk\u00e9ben l\u00e1gy \u00e9rzelmi h\u00farokat penget meg puszt\u00e1n a kin\u00e9zet\u00e9vel. \u00dcgyes, de hat\u00e1sos tr\u00fckk.<\/p>\n<p>Mint ahogy az is, hogy \u00f6nmag\u00e1ban a szokatlan kialak\u00edt\u00e1s sokak sz\u00e1m\u00e1ra azonnal vonz\u00f3v\u00e1 teszi ezt az ir\u00e1nyt. <\/p>\n<blockquote class=\"wp-block-quote is-layout-flow wp-block-quote-is-layout-flow\">\n<p>Hiszen viszonylag egyszer\u0171en ki lehet vele l\u00f3gni a t\u00f6megb\u0151l, \u00e9s jelezni az eg\u00e9sz vil\u00e1gnak, hogy \u201ehah\u00f3, egy dr\u00e1ga, idei cs\u00facstelefon van n\u00e1lam, nem valami fel\u00faj\u00edtott, t\u00f6bb\u00e9ves vacak\u201d.<\/p>\n<\/blockquote>\n<p>\u00c1m az is indokoltan mer\u00fclhet fel b\u00e1rkiben, hogy a kompakt kialak\u00edt\u00e1s\u00fa fels\u0151 kateg\u00f3ri\u00e1s modellekkel t\u00f6bben is k\u00eds\u00e9rleteztek m\u00e1r a k\u00f6zelm\u00faltban, azonban az \u00f6sszes ilyen pr\u00f3b\u00e1lkoz\u00e1s cs\u00fany\u00e1n megbukott. Els\u0151sorban az\u00e9rt, mert a kis k\u00e9perny\u0151 rengeteg kompromisszumot jelentett az \u00e1ltal\u00e1nos mindennapi haszn\u00e1lat, a munka \u00e9s a sz\u00f3rakoz\u00e1s ter\u00e9n egyar\u00e1nt.<\/p>\n<p>Viszont itt j\u00f6n be a csavar a k\u00e9pbe a hajtogathat\u00f3 k\u00e9sz\u00fcl\u00e9kh\u00e1znak k\u00f6sz\u00f6nhet\u0151en. Hiszen egy mozdulattal 7,6 h\u00fcvelykes, 4:3 k\u00e9par\u00e1ny\u00fa minitablet var\u00e1zsolhat\u00f3 bel\u0151le, amelynek 180 n\u00e9gyzetcentim\u00e9teres k\u00e9perny\u0151je 55 sz\u00e1zal\u00e9kkal nagyobb, mint az eml\u00edtett Ultr\u00e1\u00e9.<\/p>\n<figure class=\"wp-block-image size-full\">\n<div class=\"photo-credit-wrapper\"><img decoding=\"async\" width=\"2560\" height=\"1272\" loading=\"lazy\" src=\"https:\/\/cdn.forbes.hu\/uploads\/2026\/08\/ZFold-kezben2-scaled.jpg\" alt=\"Samsung Fold k\u00e9zben\" class=\"wp-image-795577\" \/>\n<div class=\"photo-credit\">\n            <img decoding=\"async\" loading=\"lazy\" class=\"photo-credit__icon\" src=\"https:\/\/www.forbes.hu\/wp-content\/themes\/frontend\/atoms\/photo-credit\/icon-info.svg\" alt=\"info\" \/><br \/>\n            <span class=\"photo-credit__label\">Fot\u00f3: Szalai P\u00e9ter \/\/ Forbes.hu<\/span>\n        <\/div>\n<\/div><figcaption class=\"wp-element-caption\">A baloldalt l\u00e1that\u00f3 Z Fold8 \u00f6sszecsukva j\u00f3val kompaktabb, mint egy hagyom\u00e1nyos okostelefon. Fot\u00f3: Szalai P\u00e9ter \/\/ Forbes.hu<\/figcaption><\/figure>\n<p>R\u00f6viden: a Z Fold8 k\u00edn\u00e1l egy komoly \u00faj\u00edt\u00e1st, m\u00e9gpedig azt, hogy egy olyan telefont siker\u00fclt \u00f6sszerakni, ami egyszerre kicsi \u00e9s viszonylag nagy. R\u00e1ad\u00e1sul ezt \u00fagy siker\u00fclt megoldani, hogy \u00f6sszehajtva is kevesebb mint egy centi vastag, \u00e9s m\u00e9g \u00edgy is bele tudtak pr\u00e9selni egy viszonylag nagy kapacit\u00e1s\u00fa, \u00e9rtelmezhet\u0151 \u00fczemid\u0151t produk\u00e1l\u00f3 akkumul\u00e1tort, bivalyer\u0151s hardver mellett.<\/p>\n<h2 class=\"wp-block-heading\"><strong>H\u00e1tr\u00e1nyok<\/strong><\/h2>\n<p>Az el\u0151ny\u00f6k mellett van n\u00e9h\u00e1ny h\u00e1tr\u00e1nya is ennek a megold\u00e1snak. A tapasztalataink alapj\u00e1n j\u00e1t\u00e9kra \u00e9s tartalomgy\u00e1rt\u00e1sra ez a k\u00e9sz\u00fcl\u00e9k j\u00f3val kev\u00e9sb\u00e9 alkalmas, mint az eddigi rokonai. Nem lehet vele p\u00e9ld\u00e1ul a megszokott m\u00f3don sz\u00e9les fot\u00f3kat k\u00e9sz\u00edteni, \u00e9s persze \u00e9rtelemszer\u0171en kihajtva is kisebb, mint az eddigi Fold telefonok.<\/p>\n<blockquote class=\"wp-block-quote is-layout-flow wp-block-quote-is-layout-flow\">\n<p>Azt sem lehet letagadni, hogy az origami k\u00e9perny\u0151 l\u00e9nyegesen k\u00f6lts\u00e9gesebb, mint a hagyom\u00e1nyos, ami vil\u00e1gosan t\u00fckr\u00f6z\u0151dik a fogyaszt\u00f3i \u00e1rban is.<\/p>\n<\/blockquote>\n<p>A l\u00e9nyegesen jobb kamer\u00e1val \u00e9s extra akt\u00edv tollal is felszerelt Samsung Galaxy S26 Ultra p\u00e9ld\u00e1ul durv\u00e1n 200\u2013230 ezer forinttal olcs\u00f3bb, mint a Z Fold8.<\/p>\n<h2 class=\"wp-block-heading\">Bukhat az \u00faj iPhone?<\/h2>\n<p>Az egyel\u0151re nagyon biztosnak l\u00e1tsz\u00f3 pletyk\u00e1k szerint az \u00e9vek \u00f3ta v\u00e1rt hajtogathat\u00f3 csoda-iPhone is pontosan ezt a k\u00e9perny\u0151t kapja meg, azaz tot\u00e1lisan \u00edgy fog kin\u00e9zni. Az Apple teh\u00e1t elk\u00f6telezte mag\u00e1t egy \u00faj, k\u00eds\u00e9rletez\u0151bb ir\u00e1ny mellett: r\u00f6gt\u00f6n elhagyj\u00e1k a j\u00e1rt utat a j\u00e1ratlan\u00e9rt, a k\u00f6telez\u0151n\u00e9l nagyobb kock\u00e1zatot v\u00e1llalva.<\/p>\n<p>De egyr\u00e9szt a c\u00e9g m\u00f6g\u00f6tt m\u00e9g mindig egy hatalmas, elhivatott rajong\u00f3i b\u00e1zis \u00e1ll. Az is biztos, hogy a hatalmas tartal\u00e9koknak k\u00f6sz\u00f6nhet\u0151en az ilyen-olyan, v\u00e1s\u00e1rl\u00e1st \u00f6szt\u00f6nz\u0151 t\u00e1mogat\u00e1sokkal sem fognak sp\u00f3rolni. M\u00e1sr\u00e9szt pedig ez az \u00fajfajta, egyszerre kompakt \u00e9s nagy term\u00e9kvonal meglehet\u0151sen \u00edg\u00e9retesnek t\u0171nik. Ezt al\u00e1t\u00e1masztj\u00e1k a Samsung Z Fold8 eddigi \u00e9rt\u00e9kes\u00edt\u00e9si adatai is: a c\u00e9gt\u0151l kapott inf\u00f3k szerint m\u00e1r az el\u0151rendel\u00e9s elindul\u00e1sa \u00f3ta <a href=\"https:\/\/www.phonearena.com\/news\/we-knew-the-galaxy-z-fold-8-was-breaking-records-and-now-samsung-shows-the-receipts_id182396\">sz\u00e1rnyal a modell<\/a>.<\/p>\n<blockquote class=\"wp-block-quote is-layout-flow wp-block-quote-is-layout-flow\">\n<p>Az alapok teh\u00e1t j\u00f3k \u00e9s biztat\u00f3k, de ett\u0151l persze m\u00e9g benne van a pakliban, hogy elhasal az \u00e9vek \u00f3ta \u00edg\u00e9rt iPhone Fold.<\/p>\n<\/blockquote>\n<p>Am\u00edg az Android-\u00f6kosziszt\u00e9ma, azon bel\u00fcl is a Samsung m\u00e1r 7 \u00e9ve kalap\u00e1lgatja a hajl\u00edthat\u00f3 k\u00e9sz\u00fcl\u00e9kek univerzum\u00e1t, addig az Apple \u00e9s exkluz\u00edv iOS-platformja egyel\u0151re idegen\u00fcl mozog ezen a ter\u00fcleten.<\/p>\n<figure class=\"wp-block-image size-full\">\n<div class=\"photo-credit-wrapper\"><img decoding=\"async\" width=\"2304\" height=\"1297\" loading=\"lazy\" src=\"https:\/\/cdn.forbes.hu\/uploads\/2026\/08\/F-nyito3-scaled-e1788426042408.jpg\" alt=\"Samsung Galaxy Z Fold8\" class=\"wp-image-795574\" \/>\n<div class=\"photo-credit\">\n            <img decoding=\"async\" loading=\"lazy\" class=\"photo-credit__icon\" src=\"https:\/\/www.forbes.hu\/wp-content\/themes\/frontend\/atoms\/photo-credit\/icon-info.svg\" alt=\"info\" \/><br \/>\n            <span class=\"photo-credit__label\">Fot\u00f3: Szalai P\u00e9ter \/\/ Forbes.hu<\/span>\n        <\/div>\n<\/div><figcaption class=\"wp-element-caption\">Fot\u00f3: Szalai P\u00e9ter \/\/ Forbes.hu<\/figcaption><\/figure>\n<p>Ha gond lesz az optimaliz\u00e1l\u00e1ssal, a szoftveres h\u00e1tt\u00e9rrel, hib\u00e1k jelentkeznek, azaz nem lehet majd \u00e9rdemben kihaszn\u00e1lni a hajtogat\u00e1sban rejl\u0151 potenci\u00e1lt, akkor annak j\u00f3 es\u00e9llyel egy \u00fajabb buk\u00e1s lehet a v\u00e9ge. Ez az oka annak, hogy mi\u00e9rt v\u00e1rja tal\u00e1n a szok\u00e1sosn\u00e1l jobban a f\u00e9l vil\u00e1g a hagyom\u00e1nyos szeptemberi Apple-rendezv\u00e9nyt. Emiatt ak\u00e1r \u00e9rdemes is lehet kiv\u00e1rni a v\u00e1s\u00e1rl\u00e1ssal, elhalasztani azt, am\u00edg nem gy\u0171lik \u00f6ssze el\u00e9g tapasztalat m\u00e1sokt\u00f3l.<\/p>\n<p><!-- No email blocks found --><\/p>\n<p>The post <a href=\"https:\/\/www.forbes.hu\/a-jo-elet\/iphone-fold-z-fold8-hajtogathato\/\">A Samsung \u00fatj\u00e1ra l\u00e9phet az iPhone, vajon zs\u00e1kutc\u00e1ba vezet?<\/a> appeared first on <a href=\"https:\/\/www.forbes.hu\/\">Forbes.hu<\/a>.<\/p><div id=\"friss-1736274809\" class=\"friss-etarget-cikk-vege friss-entity-placement\"><script type=\"text\/javascript\" id=\"etargetScript7a9b589f63cb072bef80df221f46a22b\">function etargetPostloadFunction7a9b589f63cb072bef80df221f46a22b(){var e=\"etargetPostload7a9b589f63cb072bef80df221f46a22b\",t=\"etargetScript7a9b589f63cb072bef80df221f46a22b\",o=document.getElementById(e);if(o){for(var n=o.offsetTop,d=o.offsetLeft,r=o.offsetWidth,a=o.offsetHeight;o.offsetParent;)o=o.offsetParent,n+=o.offsetTop,d+=o.offsetLeft;var i=(n<=window.pageYOffset+window.innerHeight&&d<window.pageXOffset+window.innerWidth&&n+a>window.pageYOffset&&d+r>window.pageXOffset);if(i&&etargetAllowOtherCheck){allowed=!1;var c=document.createElement(\"script\");return c.src=\"\/\/hu.search.etargetnet.com\/generic\/uni.php?g=ref:58661,area:700x210\",void(document.getElementById(t)&&document.getElementById(e)&&(document.getElementById(t).parentNode.appendChild(c),document.getElementById(t).parentNode.removeChild(document.getElementById(t)),document.getElementById(e).parentNode.removeChild(document.getElementById(e)),document.removeEventListener(\"scroll\",etargetPostloadFunction7a9b589f63cb072bef80df221f46a22b),document.removeEventListener(\"resize\",etargetPostloadFunction7a9b589f63cb072bef80df221f46a22b),document.removeEventListener(\"DOMContentLoaded\",etargetPostloadFunction7a9b589f63cb072bef80df221f46a22b)))}}}var etargetDivID=\"etargetPostload7a9b589f63cb072bef80df221f46a22b\",etargetScriptID=\"etargetScript7a9b589f63cb072bef80df221f46a22b\",etargetPostloadPoint=document.createElement(\"div\");etargetPostloadPoint.id=etargetDivID;var etargetCurScript=document.getElementById(etargetScriptID);etargetCurScript.parentNode.appendChild(etargetPostloadPoint),document.addEventListener(\"scroll\",etargetPostloadFunction7a9b589f63cb072bef80df221f46a22b),document.addEventListener(\"resize\",etargetPostloadFunction7a9b589f63cb072bef80df221f46a22b),document.addEventListener(\"DOMContentLoaded\",etargetPostloadFunction7a9b589f63cb072bef80df221f46a22b);var etargetAllowOtherCheck=!0;if(typeof(\"forceRunPostload\")==\"string\"){etargetPostloadFunction7a9b589f63cb072bef80df221f46a22b()}<\/script><\/div><div id=\"friss-220767249\" class=\"friss-after-content friss-entity-placement\"><script type=\"text\/javascript\" id=\"etargetScript7a9b589f63cb072bef80df221f46a22b\">function etargetPostloadFunction7a9b589f63cb072bef80df221f46a22b(){var e=\"etargetPostload7a9b589f63cb072bef80df221f46a22b\",t=\"etargetScript7a9b589f63cb072bef80df221f46a22b\",o=document.getElementById(e);if(o){for(var n=o.offsetTop,d=o.offsetLeft,r=o.offsetWidth,a=o.offsetHeight;o.offsetParent;)o=o.offsetParent,n+=o.offsetTop,d+=o.offsetLeft;var i=(n<=window.pageYOffset+window.innerHeight&&d<window.pageXOffset+window.innerWidth&&n+a>window.pageYOffset&&d+r>window.pageXOffset);if(i&&etargetAllowOtherCheck){allowed=!1;var c=document.createElement(\"script\");return c.src=\"\/\/hu.search.etargetnet.com\/generic\/uni.php?g=ref:58661,area:700x210\",void(document.getElementById(t)&&document.getElementById(e)&&(document.getElementById(t).parentNode.appendChild(c),document.getElementById(t).parentNode.removeChild(document.getElementById(t)),document.getElementById(e).parentNode.removeChild(document.getElementById(e)),document.removeEventListener(\"scroll\",etargetPostloadFunction7a9b589f63cb072bef80df221f46a22b),document.removeEventListener(\"resize\",etargetPostloadFunction7a9b589f63cb072bef80df221f46a22b),document.removeEventListener(\"DOMContentLoaded\",etargetPostloadFunction7a9b589f63cb072bef80df221f46a22b)))}}}var etargetDivID=\"etargetPostload7a9b589f63cb072bef80df221f46a22b\",etargetScriptID=\"etargetScript7a9b589f63cb072bef80df221f46a22b\",etargetPostloadPoint=document.createElement(\"div\");etargetPostloadPoint.id=etargetDivID;var etargetCurScript=document.getElementById(etargetScriptID);etargetCurScript.parentNode.appendChild(etargetPostloadPoint),document.addEventListener(\"scroll\",etargetPostloadFunction7a9b589f63cb072bef80df221f46a22b),document.addEventListener(\"resize\",etargetPostloadFunction7a9b589f63cb072bef80df221f46a22b),document.addEventListener(\"DOMContentLoaded\",etargetPostloadFunction7a9b589f63cb072bef80df221f46a22b);var etargetAllowOtherCheck=!0;if(typeof(\"forceRunPostload\")==\"string\"){etargetPostloadFunction7a9b589f63cb072bef80df221f46a22b()}<\/script><\/div><div id=\"friss-2903627829\" class=\"friss-after-content_2 friss-entity-placement\" style=\"clear: both;\"><div class=\"wprss_ajax\" data-id=\"rssd44e381707\"><img loading=\"lazy\" decoding=\"async\" src=\"https:\/\/friss-hirek.hu\/wp-content\/plugins\/wp-rss-retriever\/inc\/imgs\/ajax-loader.gif\" alt=\"Loading RSS Feed\" width=\"16\" height=\"16\"><\/div><\/div><br style=\"clear: both; display: block; float: none;\"\/><div id=\"friss-1699697705\" class=\"friss-after-content_3 friss-entity-placement\">https:\/\/www.youtube.com\/watch?v=Pdnw4KiUWp0<\/div>","protected":false},"excerpt":{"rendered":"<p>Megn\u00e9zt\u00fck a Samsung \u00faj, szokatlan kialak\u00edt\u00e1s\u00fa telefonj\u00e1t, amelyet j\u00f3 es\u00e9llyel m\u00e1r az Apple is lek\u00f6vet a k\u00f6vetkez\u0151 iPhone-nal. De van egy\u00e1ltal\u00e1n \u00e9rtelme ennek a k\u00fcl\u00f6nleges diz\u00e1jnnak? A hajtogathat\u00f3 telefonok piac\u00e1t az els\u0151 pillanatt\u00f3l ural\u00f3 Samsung id\u00e9n v\u00e1rhat\u00f3an komoly kih\u00edv\u00f3t kap: ha minden igaz, napokon bel\u00fcl az Apple is bel\u00e9p erre a ter\u00fcletre, ami eg\u00e9szen biztosan [&hellip;]<\/p>\n","protected":false},"author":1,"featured_media":0,"comment_status":"open","ping_status":"open","sticky":false,"template":"","format":"standard","meta":{"footnotes":""},"categories":[7],"tags":[],"class_list":["post-171162","post","type-post","status-publish","format-standard","hentry","category-uzlet"],"amp_enabled":true,"_links":{"self":[{"href":"https:\/\/friss-hirek.hu\/index.php\/wp-json\/wp\/v2\/posts\/171162","targetHints":{"allow":["GET"]}}],"collection":[{"href":"https:\/\/friss-hirek.hu\/index.php\/wp-json\/wp\/v2\/posts"}],"about":[{"href":"https:\/\/friss-hirek.hu\/index.php\/wp-json\/wp\/v2\/types\/post"}],"author":[{"embeddable":true,"href":"https:\/\/friss-hirek.hu\/index.php\/wp-json\/wp\/v2\/users\/1"}],"replies":[{"embeddable":true,"href":"https:\/\/friss-hirek.hu\/index.php\/wp-json\/wp\/v2\/comments?post=171162"}],"version-history":[{"count":0,"href":"https:\/\/friss-hirek.hu\/index.php\/wp-json\/wp\/v2\/posts\/171162\/revisions"}],"wp:attachment":[{"href":"https:\/\/friss-hirek.hu\/index.php\/wp-json\/wp\/v2\/media?parent=171162"}],"wp:term":[{"taxonomy":"category","embeddable":true,"href":"https:\/\/friss-hirek.hu\/index.php\/wp-json\/wp\/v2\/categories?post=171162"},{"taxonomy":"post_tag","embeddable":true,"href":"https:\/\/friss-hirek.hu\/index.php\/wp-json\/wp\/v2\/tags?post=171162"}],"curies":[{"name":"wp","href":"https:\/\/api.w.org\/{rel}","templated":true}]}}