{"id":171163,"date":"2026-09-03T17:05:17","date_gmt":"2026-09-03T17:05:17","guid":{"rendered":"https:\/\/friss-hirek.hu\/index.php\/szobori-bucsu-arpad-vezerre-emlekeznek-opusztaszeren\/friss-hirek\/"},"modified":"2026-09-03T17:05:17","modified_gmt":"2026-09-03T17:05:17","slug":"szobori-bucsu-arpad-vezerre-emlekeznek-opusztaszeren","status":"publish","type":"post","link":"https:\/\/friss-hirek.hu\/index.php\/szobori-bucsu-arpad-vezerre-emlekeznek-opusztaszeren\/videk\/","title":{"rendered":"Szobori b\u00facs\u00fa: \u00c1rp\u00e1d vez\u00e9rre eml\u00e9keznek \u00d3pusztaszeren"},"content":{"rendered":"<p>Vas\u00e1rnap tartj\u00e1k a szobori b\u00facs\u00fat az \u00d3pusztaszeri Nemzeti T\u00f6rt\u00e9neti Eml\u00e9kparkban, az \u00fcnnephez kapcsol\u00f3dva eg\u00e9sznapos programokkal v\u00e1rj\u00e1k a l\u00e1togat\u00f3kat \u2013 t\u00e1j\u00e9koztatta Kod\u00e1cz Csengele, az int\u00e9zm\u00e9ny marketingvezet\u0151je az MTI-t.<\/p><div id=\"friss-3058036082\" class=\"friss-etarget friss-entity-placement\"><script type=\"text\/javascript\" id=\"etargetScript7a9b589f63cb072bef80df221f46a22b\">function etargetPostloadFunction7a9b589f63cb072bef80df221f46a22b(){var e=\"etargetPostload7a9b589f63cb072bef80df221f46a22b\",t=\"etargetScript7a9b589f63cb072bef80df221f46a22b\",o=document.getElementById(e);if(o){for(var n=o.offsetTop,d=o.offsetLeft,r=o.offsetWidth,a=o.offsetHeight;o.offsetParent;)o=o.offsetParent,n+=o.offsetTop,d+=o.offsetLeft;var i=(n<=window.pageYOffset+window.innerHeight&&d<window.pageXOffset+window.innerWidth&&n+a>window.pageYOffset&&d+r>window.pageXOffset);if(i&&etargetAllowOtherCheck){allowed=!1;var c=document.createElement(\"script\");return c.src=\"\/\/hu.search.etargetnet.com\/generic\/uni.php?g=ref:58661,area:700x210\",void(document.getElementById(t)&&document.getElementById(e)&&(document.getElementById(t).parentNode.appendChild(c),document.getElementById(t).parentNode.removeChild(document.getElementById(t)),document.getElementById(e).parentNode.removeChild(document.getElementById(e)),document.removeEventListener(\"scroll\",etargetPostloadFunction7a9b589f63cb072bef80df221f46a22b),document.removeEventListener(\"resize\",etargetPostloadFunction7a9b589f63cb072bef80df221f46a22b),document.removeEventListener(\"DOMContentLoaded\",etargetPostloadFunction7a9b589f63cb072bef80df221f46a22b)))}}}var etargetDivID=\"etargetPostload7a9b589f63cb072bef80df221f46a22b\",etargetScriptID=\"etargetScript7a9b589f63cb072bef80df221f46a22b\",etargetPostloadPoint=document.createElement(\"div\");etargetPostloadPoint.id=etargetDivID;var etargetCurScript=document.getElementById(etargetScriptID);etargetCurScript.parentNode.appendChild(etargetPostloadPoint),document.addEventListener(\"scroll\",etargetPostloadFunction7a9b589f63cb072bef80df221f46a22b),document.addEventListener(\"resize\",etargetPostloadFunction7a9b589f63cb072bef80df221f46a22b),document.addEventListener(\"DOMContentLoaded\",etargetPostloadFunction7a9b589f63cb072bef80df221f46a22b);var etargetAllowOtherCheck=!0;if(typeof(\"forceRunPostload\")==\"string\"){etargetPostloadFunction7a9b589f63cb072bef80df221f46a22b()}<\/script><\/div>\n<p>Az \u00f6sszegz\u00e9s szerint a b\u00facs\u00fa hagyom\u00e1nya szorosan k\u00f6t\u0151dik az eml\u00e9kpark t\u00f6rt\u00e9net\u00e9hez: a helybeliek t\u00f6bb mint sz\u00e1z \u00e9vvel ezel\u0151tt j\u00f6ttek itt \u00f6ssze el\u0151sz\u00f6r, hogy megeml\u00e9kezzenek \u00c1rp\u00e1dr\u00f3l, a honszerz\u0151 vez\u00e9rr\u0151l.<\/p>\n<p>Az 1896-os millenniumi \u00e9vben meg\u00e9p\u00edtett \u00c1rp\u00e1d-eml\u00e9km\u0171 orsz\u00e1gos jelent\u0151s\u00e9g\u0171 nemzeti b\u00facs\u00faj\u00e1r\u00f3helly\u00e9 v\u00e1lt. Els\u0151 alkalommal 1897. augusztus 8-\u00e1n rendeztek b\u00facs\u00fat a honfoglal\u00f3 magyarok vez\u00e9r\u00e9nek tisztelet\u00e9re. Az \u00f6sszej\u00f6vetelekhez mindig kapcsol\u00f3dott szentmise is, ez\u00e9rt a helyiek \u201eszobori b\u00facs\u00fa\u201d n\u00e9ven kezdt\u00e9k emlegetni a Kisboldogasszony \u00fcnnepnapj\u00e1n tartott megeml\u00e9kez\u00e9seket.<\/p>\n<p>Az els\u0151 vil\u00e1gh\u00e1bor\u00fa idej\u00e9n a l\u00e1tv\u00e1nyos \u00fcnneps\u00e9gek sz\u00fcneteltek, az 1919-es forradalom esem\u00e9nyei pedig g\u00e1tolt\u00e1k a szobor k\u00f6r\u00fcli \u00e9venk\u00e9nti b\u00facs\u00faj\u00e1r\u00e1st. A rendezv\u00e9ny a harmincas \u00e9vekben \u00e9ledt \u00fajj\u00e1, s id\u0151pontja augusztusr\u00f3l szeptemberre ker\u00fclt \u00e1t. A h\u00e1bor\u00fat \u00e9s a f\u00f6ldoszt\u00e1st k\u00f6vet\u0151en az esem\u00e9ny ki\u00fcresedett, utolj\u00e1ra 1946-ban tartottak \u00fcnneps\u00e9get az eml\u00e9km\u0171n\u00e9l a r\u00e9gi trad\u00edci\u00f3k szerint.<\/p>\n<p>A szobori b\u00facs\u00fa az eredeti \u00fczenet\u00e9vel \u00c1rp\u00e1d hal\u00e1l\u00e1nak 1100. \u00e9vfordul\u00f3j\u00e1n, 2007-ben \u00e9ledt \u00fajj\u00e1, az\u00f3ta szeptember els\u0151 vas\u00e1rnapj\u00e1n az egykori benc\u00e9s monostor romjai k\u00f6z\u00f6tt mutatnak be szentmis\u00e9t, amelyen az id\u00e9n a Harm\u00f3nia Egyes\u00fclet k\u00f3rusa l\u00e9p fel.<\/p>\n<p>A b\u00facs\u00fara \u00e9rkez\u0151k az eml\u00e9kparkban a hagyom\u00e1ny\u0151rz\u00e9s \u00e9s a n\u00e9pi kult\u00fara t\u00f6bb form\u00e1j\u00e1t is megismerhetik: a H\u00f3dmez\u0151v\u00e1s\u00e1rhelyi tanyai olvas\u00f3k\u00f6rn\u00e9l a Hatetudn\u00e1d T\u00e1nctanoda \u00e9s Mester L\u00e1szl\u00f3 zenekara k\u00f6z\u00f6s programjai sor\u00e1n n\u00e9pzene, n\u00e9pt\u00e1nc \u00e9s interakt\u00edv viseletbemutat\u00f3 v\u00e1rja az \u00e9rdekl\u0151d\u0151ket. Kora d\u00e9lut\u00e1n honfoglal\u00e1skori lovasbemutat\u00f3t rendeznek, a Nom\u00e1d parkban a l\u00e1togat\u00f3k kipr\u00f3b\u00e1lhatj\u00e1k, k\u00e9pesek-e megfesz\u00edteni a honfoglal\u00f3 magyarok hagyom\u00e1nyos \u00edj\u00e1t, sz\u00f6v\u00e9sbemutat\u00f3n is r\u00e9szt vehetnek, a skanzenben pedig megismerkedhetnek a fafarag\u00e1s fort\u00e9lyaival, a kemenc\u00e9ben s\u00fct\u00e9s hagyom\u00e1ny\u00e1val.<\/p>\n<p>Az esem\u00e9nyr\u0151l r\u00e9szletek a\u00a0<a href=\"https:\/\/opusztaszer.hu\/2026\/08\/26\/szobori-bucsu-4\/\" target=\"_blank\" rel=\"noopener\">https:\/\/opusztaszer.hu\/2026\/08\/26\/szobori-bucsu-4\/\u00a0<\/a>oldalon olvashat\u00f3k.<\/p>\n<p>Az \u00f3pusztaszeri eml\u00e9kparkr\u00f3l a <a href=\"https:\/\/sokszinuvidek.24.hu\/viragzo-videkunk\/2026\/06\/13\/csongrad-csanad-varmegye-latnivalo-kirandulas-tura-szeged-mako-morhalom-csongrad-koros-torok\/\" target=\"_blank\" rel=\"noopener\">Magyarorsz\u00e1g kincsei sorozat Csongr\u00e1d-Csan\u00e1d v\u00e1rmegyei r\u00e9sz\u00e9ben<\/a> is \u00edrtunk \u00e9s \u00edrtunk a <a href=\"https:\/\/sokszinuvidek.24.hu\/eletmod\/2024\/09\/22\/makoi-skanzen-hagymashaz-neprajzi-kiallitas\/\" target=\"_blank\" rel=\"noopener\">mak\u00f3i skanzen k\u00fcl\u00f6n\u00f6s t\u00e1rgyair\u00f3l<\/a> is \u00e9s arr\u00f3l is, hogy <a href=\"https:\/\/sokszinuvidek.24.hu\/viragzo-videkunk\/2025\/02\/01\/pusztul-az-orszag-elso-skanzenje-paloc-haz\/\" target=\"_blank\" rel=\"noopener\">kikezdte az id\u0151 vasfoga az orsz\u00e1g els\u0151 skanzenj\u00e9t<\/a>.<\/p>\n<div class=\"o-post__articRecommend m-articRecommend -hasImg cf article-recommendation-container cf _ce_measure_widget\" data-ce-measure-widget=\"Cikkaj\u00e1nl\u00f3 widget\">\n<div class=\"m-articRecommend__widgetTitle\">Kapcsol\u00f3d\u00f3<\/div>\n<div class=\"m-articRecommend__imgWrap image-container\"><a href=\"https:\/\/sokszinuvidek.24.hu\/eletmod\/2026\/01\/24\/vince-opusztaszer-joslas-szolo\/\" target=\"_self\"><img loading=\"lazy\" decoding=\"async\" width=\"480\" height=\"270\" src=\"https:\/\/s.24.hu\/app\/uploads\/sites\/11\/2026\/01\/vince1-e1769259905761-480x270.jpg\" class=\"img-responsive wp-post-image\" alt=\"\" \/><\/a><\/div>\n<div class=\"m-articRecommend__cntWrap content-container \">\n\t\t\t<a href=\"https:\/\/sokszinuvidek.24.hu\/eletmod\/2026\/01\/24\/vince-opusztaszer-joslas-szolo\/\" target=\"_self\" class=\"m-articRecommend__title ar-title\">J\u00f3 sz\u0151l\u0151term\u00e9st j\u00f3soltak a gazd\u00e1k \u00d3pusztaszeren<\/a>\n<div class=\"m-articRecommend__lead ar-lead\">A hajt\u00e1sok alapj\u00e1n azt is megmondj\u00e1k hamarosan, mikor \u00e9rdemes elkezdeni a sz\u0151l\u0151 metsz\u00e9s\u00e9t.<\/div>\n<\/div>\n<\/div>\n<p>The post <a href=\"https:\/\/sokszinuvidek.24.hu\/mozaik\/2026\/09\/03\/opusztaszer-szobori-bucsu-bucsu-opusztaszeri-nemzeti-torteneti-emlekpark\/\" target=\"_blank\">Szobori b\u00facs\u00fa: \u00c1rp\u00e1d vez\u00e9rre eml\u00e9keznek \u00d3pusztaszeren<\/a> first appeared on <a href=\"https:\/\/sokszinuvidek.24.hu\/\" target=\"_blank\">Soksz\u00edn\u0171 vid\u00e9k<\/a>.<\/p><div id=\"friss-125237030\" class=\"friss-etarget-cikk-vege friss-entity-placement\"><script type=\"text\/javascript\" id=\"etargetScript7a9b589f63cb072bef80df221f46a22b\">function etargetPostloadFunction7a9b589f63cb072bef80df221f46a22b(){var e=\"etargetPostload7a9b589f63cb072bef80df221f46a22b\",t=\"etargetScript7a9b589f63cb072bef80df221f46a22b\",o=document.getElementById(e);if(o){for(var n=o.offsetTop,d=o.offsetLeft,r=o.offsetWidth,a=o.offsetHeight;o.offsetParent;)o=o.offsetParent,n+=o.offsetTop,d+=o.offsetLeft;var i=(n<=window.pageYOffset+window.innerHeight&&d<window.pageXOffset+window.innerWidth&&n+a>window.pageYOffset&&d+r>window.pageXOffset);if(i&&etargetAllowOtherCheck){allowed=!1;var c=document.createElement(\"script\");return c.src=\"\/\/hu.search.etargetnet.com\/generic\/uni.php?g=ref:58661,area:700x210\",void(document.getElementById(t)&&document.getElementById(e)&&(document.getElementById(t).parentNode.appendChild(c),document.getElementById(t).parentNode.removeChild(document.getElementById(t)),document.getElementById(e).parentNode.removeChild(document.getElementById(e)),document.removeEventListener(\"scroll\",etargetPostloadFunction7a9b589f63cb072bef80df221f46a22b),document.removeEventListener(\"resize\",etargetPostloadFunction7a9b589f63cb072bef80df221f46a22b),document.removeEventListener(\"DOMContentLoaded\",etargetPostloadFunction7a9b589f63cb072bef80df221f46a22b)))}}}var etargetDivID=\"etargetPostload7a9b589f63cb072bef80df221f46a22b\",etargetScriptID=\"etargetScript7a9b589f63cb072bef80df221f46a22b\",etargetPostloadPoint=document.createElement(\"div\");etargetPostloadPoint.id=etargetDivID;var etargetCurScript=document.getElementById(etargetScriptID);etargetCurScript.parentNode.appendChild(etargetPostloadPoint),document.addEventListener(\"scroll\",etargetPostloadFunction7a9b589f63cb072bef80df221f46a22b),document.addEventListener(\"resize\",etargetPostloadFunction7a9b589f63cb072bef80df221f46a22b),document.addEventListener(\"DOMContentLoaded\",etargetPostloadFunction7a9b589f63cb072bef80df221f46a22b);var etargetAllowOtherCheck=!0;if(typeof(\"forceRunPostload\")==\"string\"){etargetPostloadFunction7a9b589f63cb072bef80df221f46a22b()}<\/script><\/div><div id=\"friss-360903216\" class=\"friss-after-content friss-entity-placement\"><script type=\"text\/javascript\" id=\"etargetScript7a9b589f63cb072bef80df221f46a22b\">function etargetPostloadFunction7a9b589f63cb072bef80df221f46a22b(){var e=\"etargetPostload7a9b589f63cb072bef80df221f46a22b\",t=\"etargetScript7a9b589f63cb072bef80df221f46a22b\",o=document.getElementById(e);if(o){for(var n=o.offsetTop,d=o.offsetLeft,r=o.offsetWidth,a=o.offsetHeight;o.offsetParent;)o=o.offsetParent,n+=o.offsetTop,d+=o.offsetLeft;var i=(n<=window.pageYOffset+window.innerHeight&&d<window.pageXOffset+window.innerWidth&&n+a>window.pageYOffset&&d+r>window.pageXOffset);if(i&&etargetAllowOtherCheck){allowed=!1;var c=document.createElement(\"script\");return c.src=\"\/\/hu.search.etargetnet.com\/generic\/uni.php?g=ref:58661,area:700x210\",void(document.getElementById(t)&&document.getElementById(e)&&(document.getElementById(t).parentNode.appendChild(c),document.getElementById(t).parentNode.removeChild(document.getElementById(t)),document.getElementById(e).parentNode.removeChild(document.getElementById(e)),document.removeEventListener(\"scroll\",etargetPostloadFunction7a9b589f63cb072bef80df221f46a22b),document.removeEventListener(\"resize\",etargetPostloadFunction7a9b589f63cb072bef80df221f46a22b),document.removeEventListener(\"DOMContentLoaded\",etargetPostloadFunction7a9b589f63cb072bef80df221f46a22b)))}}}var etargetDivID=\"etargetPostload7a9b589f63cb072bef80df221f46a22b\",etargetScriptID=\"etargetScript7a9b589f63cb072bef80df221f46a22b\",etargetPostloadPoint=document.createElement(\"div\");etargetPostloadPoint.id=etargetDivID;var etargetCurScript=document.getElementById(etargetScriptID);etargetCurScript.parentNode.appendChild(etargetPostloadPoint),document.addEventListener(\"scroll\",etargetPostloadFunction7a9b589f63cb072bef80df221f46a22b),document.addEventListener(\"resize\",etargetPostloadFunction7a9b589f63cb072bef80df221f46a22b),document.addEventListener(\"DOMContentLoaded\",etargetPostloadFunction7a9b589f63cb072bef80df221f46a22b);var etargetAllowOtherCheck=!0;if(typeof(\"forceRunPostload\")==\"string\"){etargetPostloadFunction7a9b589f63cb072bef80df221f46a22b()}<\/script><\/div><div id=\"friss-188810038\" class=\"friss-after-content_2 friss-entity-placement\" style=\"clear: both;\"><div class=\"wprss_ajax\" data-id=\"rssdbc2b8b7ed\"><img loading=\"lazy\" decoding=\"async\" src=\"https:\/\/friss-hirek.hu\/wp-content\/plugins\/wp-rss-retriever\/inc\/imgs\/ajax-loader.gif\" alt=\"Loading RSS Feed\" width=\"16\" height=\"16\"><\/div><\/div><br style=\"clear: both; display: block; float: none;\"\/><div id=\"friss-3708414582\" class=\"friss-after-content_3 friss-entity-placement\">https:\/\/www.youtube.com\/watch?v=Pdnw4KiUWp0<\/div>","protected":false},"excerpt":{"rendered":"<p>Vas\u00e1rnap tartj\u00e1k a szobori b\u00facs\u00fat az \u00d3pusztaszeri Nemzeti T\u00f6rt\u00e9neti Eml\u00e9kparkban, az \u00fcnnephez kapcsol\u00f3dva eg\u00e9sznapos programokkal v\u00e1rj\u00e1k a l\u00e1togat\u00f3kat \u2013 t\u00e1j\u00e9koztatta Kod\u00e1cz Csengele, az int\u00e9zm\u00e9ny marketingvezet\u0151je az MTI-t. Az \u00f6sszegz\u00e9s szerint a b\u00facs\u00fa hagyom\u00e1nya szorosan k\u00f6t\u0151dik az eml\u00e9kpark t\u00f6rt\u00e9net\u00e9hez: a helybeliek t\u00f6bb mint sz\u00e1z \u00e9vvel ezel\u0151tt j\u00f6ttek itt \u00f6ssze el\u0151sz\u00f6r, hogy megeml\u00e9kezzenek \u00c1rp\u00e1dr\u00f3l, a honszerz\u0151 vez\u00e9rr\u0151l. [&hellip;]<\/p>\n","protected":false},"author":1,"featured_media":0,"comment_status":"open","ping_status":"open","sticky":false,"template":"","format":"standard","meta":{"footnotes":""},"categories":[6],"tags":[],"class_list":["post-171163","post","type-post","status-publish","format-standard","hentry","category-videk"],"amp_enabled":true,"_links":{"self":[{"href":"https:\/\/friss-hirek.hu\/index.php\/wp-json\/wp\/v2\/posts\/171163","targetHints":{"allow":["GET"]}}],"collection":[{"href":"https:\/\/friss-hirek.hu\/index.php\/wp-json\/wp\/v2\/posts"}],"about":[{"href":"https:\/\/friss-hirek.hu\/index.php\/wp-json\/wp\/v2\/types\/post"}],"author":[{"embeddable":true,"href":"https:\/\/friss-hirek.hu\/index.php\/wp-json\/wp\/v2\/users\/1"}],"replies":[{"embeddable":true,"href":"https:\/\/friss-hirek.hu\/index.php\/wp-json\/wp\/v2\/comments?post=171163"}],"version-history":[{"count":0,"href":"https:\/\/friss-hirek.hu\/index.php\/wp-json\/wp\/v2\/posts\/171163\/revisions"}],"wp:attachment":[{"href":"https:\/\/friss-hirek.hu\/index.php\/wp-json\/wp\/v2\/media?parent=171163"}],"wp:term":[{"taxonomy":"category","embeddable":true,"href":"https:\/\/friss-hirek.hu\/index.php\/wp-json\/wp\/v2\/categories?post=171163"},{"taxonomy":"post_tag","embeddable":true,"href":"https:\/\/friss-hirek.hu\/index.php\/wp-json\/wp\/v2\/tags?post=171163"}],"curies":[{"name":"wp","href":"https:\/\/api.w.org\/{rel}","templated":true}]}}