{"id":171166,"date":"2026-09-04T03:12:08","date_gmt":"2026-09-04T03:12:08","guid":{"rendered":"https:\/\/friss-hirek.hu\/index.php\/szinte-lenullazta-a-velencei-to-turizmusat-a-vizhiany\/friss-hirek\/"},"modified":"2026-09-04T03:12:08","modified_gmt":"2026-09-04T03:12:08","slug":"szinte-lenullazta-a-velencei-to-turizmusat-a-vizhiany","status":"publish","type":"post","link":"https:\/\/friss-hirek.hu\/index.php\/szinte-lenullazta-a-velencei-to-turizmusat-a-vizhiany\/videk\/","title":{"rendered":"Szinte lenull\u00e1zta a Velencei-t\u00f3 turizmus\u00e1t a v\u00edzhi\u00e1ny"},"content":{"rendered":"<p>M\u00e9ly\u00fct\u00e9st vitt be <a href=\"https:\/\/sokszinuvidek.24.hu\/viragzo-videkunk\/2026\/08\/24\/ur-muhold-velencei-to-aszaly\/\" target=\"_blank\" rel=\"noopener\">az \u0171rb\u0151l is l\u00e1that\u00f3<\/a> rekordalacsony v\u00edz\u00e1ll\u00e1s a Velencei-t\u00f3 turizmus\u00e1nak, ahol ny\u00e1r v\u00e9g\u00e9re m\u00e1r apokaliptikus \u00e1llapotok alakultak ki, \u00edrja az <a href=\"https:\/\/hu.euronews.com\/my-europe\/2026\/09\/02\/melyutest-vitt-be-a-toparti-turizmusnak-a-rekordalacsony-vizallas-a-velencei-tonal\" target=\"_blank\" rel=\"noopener\">Euronews.<\/a><\/p><div id=\"friss-654458692\" class=\"friss-etarget friss-entity-placement\"><script type=\"text\/javascript\" id=\"etargetScript7a9b589f63cb072bef80df221f46a22b\">function etargetPostloadFunction7a9b589f63cb072bef80df221f46a22b(){var e=\"etargetPostload7a9b589f63cb072bef80df221f46a22b\",t=\"etargetScript7a9b589f63cb072bef80df221f46a22b\",o=document.getElementById(e);if(o){for(var n=o.offsetTop,d=o.offsetLeft,r=o.offsetWidth,a=o.offsetHeight;o.offsetParent;)o=o.offsetParent,n+=o.offsetTop,d+=o.offsetLeft;var i=(n<=window.pageYOffset+window.innerHeight&&d<window.pageXOffset+window.innerWidth&&n+a>window.pageYOffset&&d+r>window.pageXOffset);if(i&&etargetAllowOtherCheck){allowed=!1;var c=document.createElement(\"script\");return c.src=\"\/\/hu.search.etargetnet.com\/generic\/uni.php?g=ref:58661,area:700x210\",void(document.getElementById(t)&&document.getElementById(e)&&(document.getElementById(t).parentNode.appendChild(c),document.getElementById(t).parentNode.removeChild(document.getElementById(t)),document.getElementById(e).parentNode.removeChild(document.getElementById(e)),document.removeEventListener(\"scroll\",etargetPostloadFunction7a9b589f63cb072bef80df221f46a22b),document.removeEventListener(\"resize\",etargetPostloadFunction7a9b589f63cb072bef80df221f46a22b),document.removeEventListener(\"DOMContentLoaded\",etargetPostloadFunction7a9b589f63cb072bef80df221f46a22b)))}}}var etargetDivID=\"etargetPostload7a9b589f63cb072bef80df221f46a22b\",etargetScriptID=\"etargetScript7a9b589f63cb072bef80df221f46a22b\",etargetPostloadPoint=document.createElement(\"div\");etargetPostloadPoint.id=etargetDivID;var etargetCurScript=document.getElementById(etargetScriptID);etargetCurScript.parentNode.appendChild(etargetPostloadPoint),document.addEventListener(\"scroll\",etargetPostloadFunction7a9b589f63cb072bef80df221f46a22b),document.addEventListener(\"resize\",etargetPostloadFunction7a9b589f63cb072bef80df221f46a22b),document.addEventListener(\"DOMContentLoaded\",etargetPostloadFunction7a9b589f63cb072bef80df221f46a22b);var etargetAllowOtherCheck=!0;if(typeof(\"forceRunPostload\")==\"string\"){etargetPostloadFunction7a9b589f63cb072bef80df221f46a22b()}<\/script><\/div>\n<p>A lap cikke szerint v\u00edzszint jelenleg 40 centivel a kor\u00e1bbi negat\u00edv rekord alatt van, a t\u00f3partn\u00e1l a meder sz\u00e9les s\u00e1vja \u00e1ll teljesen sz\u00e1razon, \u00e9s egy-egy n\u00e1dszigethez n\u00e9h\u00e1ny sz\u00e1z m\u00e9teres f\u00f6ldnyelvek vezetnek be a partt\u00f3l. F\u00fcrdeni \u00edgy szinte lehetetlen a v\u00edzben, a g\u00e1rdonyi strandon augusztus utols\u00f3 napj\u00e1n is alig l\u00e9zengett p\u00e1r ember.<\/p>\n<p>A KSH szerd\u00e1n publik\u00e1lt adatai szerint a ny\u00e1r els\u0151 k\u00e9t h\u00f3napj\u00e1ban j\u00f3 20 sz\u00e1zal\u00e9kkal cs\u00f6kkent a helyi sz\u00e1ll\u00e1shelyek vend\u00e9gforgalma tavalyhoz k\u00e9pest. G\u00e1rdonyban tavaly j\u00faniusban 8102 f\u0151 sz\u00e1llt meg, id\u00e9n viszont csak 6367. J\u00faliusban egy kicsit javult a helyzet, de a 7267 f\u0151s l\u00e1togat\u00f3sz\u00e1m \u00edgy is t\u00f6bb mint ezer f\u0151vel kevesebb a KSH \u00e1ltal dokument\u00e1lt id\u0151szak, azaz az elm\u00falt \u00f6t \u00e9v legalacsonyabb \u00e9rt\u00e9k\u00e9n\u00e9l. Pedig ennek az id\u0151szaknak az eleje m\u00e9g b\u0151ven a koronav\u00edrus-j\u00e1rv\u00e1ny idej\u00e9re esett, tett\u00e9k hozz\u00e1.<\/p>\n<p>A sz\u00e1ll\u00e1shelyfoglal\u00e1sok sz\u00e1ma m\u00e9g nem is mutatja meg a teljes k\u00e9pet, hiszen a Velencei-t\u00f3hoz sokan csak egy-egy napra szoktak leugrani strandolni, p\u00e9ld\u00e1ul a szomsz\u00e9dos Sz\u00e9kesfeh\u00e9rv\u00e1rr\u00f3l vagy a szint\u00e9n k\u00f6zeli Budapestr\u0151l.<\/p>\n<p>A lapnak egy helyi vend\u00e9gl\u00e1t\u00f3s azt mondta, a ny\u00e1ri szezonja \u00e9rt\u00e9kelhetetlen volt, mert<\/p>\n<blockquote class=\"_ce_measure_widget\" data-ce-measure-widget=\"Id\u00e9zet\">\n<p>m\u00edg n\u00e9h\u00e1ny \u00e9ve eg\u00e9sz nap s\u00fct\u00f6tte a l\u00e1ngost, id\u00e9n j\u00f3 ha napi egy-k\u00e9t tucatot el tudott adni.<\/p>\n<\/blockquote>\n<p>Van olyan t\u00f3 is Magyarorsz\u00e1gon, <a href=\"https:\/\/sokszinuvidek.24.hu\/viragzo-videkunk\/2026\/09\/02\/erdo-novekszik-a-kiszaradt-tengelici-to-helyen\/\" target=\"_blank\" rel=\"noopener\">melynek hely\u00e9n m\u00e1r erd\u0151 n\u0151.<\/a><\/p>\n<div class=\"o-post__articRecommend m-articRecommend -hasImg cf article-recommendation-container cf _ce_measure_widget\" data-ce-measure-widget=\"Cikkaj\u00e1nl\u00f3 widget\">\n<div class=\"m-articRecommend__widgetTitle\">Kapcsol\u00f3d\u00f3<\/div>\n<div class=\"m-articRecommend__imgWrap image-container\"><a href=\"https:\/\/sokszinuvidek.24.hu\/viragzo-videkunk\/2026\/07\/02\/velecei-to-aszaly-rekord-dronfotok\/\" target=\"_self\"><img loading=\"lazy\" decoding=\"async\" width=\"480\" height=\"270\" src=\"https:\/\/s.24.hu\/app\/uploads\/sites\/11\/2026\/07\/ttr-892-1-e1782965822821-480x270.jpg\" class=\"img-responsive wp-post-image\" alt=\"\" \/><\/a><\/div>\n<div class=\"m-articRecommend__cntWrap content-container \">\n\t\t\t<a href=\"https:\/\/sokszinuvidek.24.hu\/viragzo-videkunk\/2026\/07\/02\/velecei-to-aszaly-rekord-dronfotok\/\" target=\"_self\" class=\"m-articRecommend__title ar-title\">D\u00f6bbenetes fot\u00f3kon a haldokl\u00f3 Velencei-t\u00f3<\/a>\n<div class=\"m-articRecommend__lead ar-lead\">A kisebb v\u00edzt\u00f6meg gyorsabban melegszik fel, \u00edgy a forr\u00f3, napos id\u0151szakokban m\u00e9g kedvez\u0151bb\u00e9 v\u00e1lhatnak a k\u00f6r\u00fclm\u00e9nyek az alg\u00e1sod\u00e1shoz.<\/div>\n<\/div>\n<\/div>\n<p>The post <a href=\"https:\/\/sokszinuvidek.24.hu\/viragzo-videkunk\/2026\/09\/04\/velencei-to-turizmus-aszaly\/\" target=\"_blank\">Szinte lenull\u00e1zta a Velencei-t\u00f3 turizmus\u00e1t a v\u00edzhi\u00e1ny<\/a> first appeared on <a href=\"https:\/\/sokszinuvidek.24.hu\/\" target=\"_blank\">Soksz\u00edn\u0171 vid\u00e9k<\/a>.<\/p><div id=\"friss-2167452936\" class=\"friss-etarget-cikk-vege friss-entity-placement\"><script type=\"text\/javascript\" id=\"etargetScript7a9b589f63cb072bef80df221f46a22b\">function etargetPostloadFunction7a9b589f63cb072bef80df221f46a22b(){var e=\"etargetPostload7a9b589f63cb072bef80df221f46a22b\",t=\"etargetScript7a9b589f63cb072bef80df221f46a22b\",o=document.getElementById(e);if(o){for(var n=o.offsetTop,d=o.offsetLeft,r=o.offsetWidth,a=o.offsetHeight;o.offsetParent;)o=o.offsetParent,n+=o.offsetTop,d+=o.offsetLeft;var i=(n<=window.pageYOffset+window.innerHeight&&d<window.pageXOffset+window.innerWidth&&n+a>window.pageYOffset&&d+r>window.pageXOffset);if(i&&etargetAllowOtherCheck){allowed=!1;var c=document.createElement(\"script\");return c.src=\"\/\/hu.search.etargetnet.com\/generic\/uni.php?g=ref:58661,area:700x210\",void(document.getElementById(t)&&document.getElementById(e)&&(document.getElementById(t).parentNode.appendChild(c),document.getElementById(t).parentNode.removeChild(document.getElementById(t)),document.getElementById(e).parentNode.removeChild(document.getElementById(e)),document.removeEventListener(\"scroll\",etargetPostloadFunction7a9b589f63cb072bef80df221f46a22b),document.removeEventListener(\"resize\",etargetPostloadFunction7a9b589f63cb072bef80df221f46a22b),document.removeEventListener(\"DOMContentLoaded\",etargetPostloadFunction7a9b589f63cb072bef80df221f46a22b)))}}}var etargetDivID=\"etargetPostload7a9b589f63cb072bef80df221f46a22b\",etargetScriptID=\"etargetScript7a9b589f63cb072bef80df221f46a22b\",etargetPostloadPoint=document.createElement(\"div\");etargetPostloadPoint.id=etargetDivID;var etargetCurScript=document.getElementById(etargetScriptID);etargetCurScript.parentNode.appendChild(etargetPostloadPoint),document.addEventListener(\"scroll\",etargetPostloadFunction7a9b589f63cb072bef80df221f46a22b),document.addEventListener(\"resize\",etargetPostloadFunction7a9b589f63cb072bef80df221f46a22b),document.addEventListener(\"DOMContentLoaded\",etargetPostloadFunction7a9b589f63cb072bef80df221f46a22b);var etargetAllowOtherCheck=!0;if(typeof(\"forceRunPostload\")==\"string\"){etargetPostloadFunction7a9b589f63cb072bef80df221f46a22b()}<\/script><\/div><div id=\"friss-3075288638\" class=\"friss-after-content friss-entity-placement\"><script type=\"text\/javascript\" id=\"etargetScript7a9b589f63cb072bef80df221f46a22b\">function etargetPostloadFunction7a9b589f63cb072bef80df221f46a22b(){var e=\"etargetPostload7a9b589f63cb072bef80df221f46a22b\",t=\"etargetScript7a9b589f63cb072bef80df221f46a22b\",o=document.getElementById(e);if(o){for(var n=o.offsetTop,d=o.offsetLeft,r=o.offsetWidth,a=o.offsetHeight;o.offsetParent;)o=o.offsetParent,n+=o.offsetTop,d+=o.offsetLeft;var i=(n<=window.pageYOffset+window.innerHeight&&d<window.pageXOffset+window.innerWidth&&n+a>window.pageYOffset&&d+r>window.pageXOffset);if(i&&etargetAllowOtherCheck){allowed=!1;var c=document.createElement(\"script\");return c.src=\"\/\/hu.search.etargetnet.com\/generic\/uni.php?g=ref:58661,area:700x210\",void(document.getElementById(t)&&document.getElementById(e)&&(document.getElementById(t).parentNode.appendChild(c),document.getElementById(t).parentNode.removeChild(document.getElementById(t)),document.getElementById(e).parentNode.removeChild(document.getElementById(e)),document.removeEventListener(\"scroll\",etargetPostloadFunction7a9b589f63cb072bef80df221f46a22b),document.removeEventListener(\"resize\",etargetPostloadFunction7a9b589f63cb072bef80df221f46a22b),document.removeEventListener(\"DOMContentLoaded\",etargetPostloadFunction7a9b589f63cb072bef80df221f46a22b)))}}}var etargetDivID=\"etargetPostload7a9b589f63cb072bef80df221f46a22b\",etargetScriptID=\"etargetScript7a9b589f63cb072bef80df221f46a22b\",etargetPostloadPoint=document.createElement(\"div\");etargetPostloadPoint.id=etargetDivID;var etargetCurScript=document.getElementById(etargetScriptID);etargetCurScript.parentNode.appendChild(etargetPostloadPoint),document.addEventListener(\"scroll\",etargetPostloadFunction7a9b589f63cb072bef80df221f46a22b),document.addEventListener(\"resize\",etargetPostloadFunction7a9b589f63cb072bef80df221f46a22b),document.addEventListener(\"DOMContentLoaded\",etargetPostloadFunction7a9b589f63cb072bef80df221f46a22b);var etargetAllowOtherCheck=!0;if(typeof(\"forceRunPostload\")==\"string\"){etargetPostloadFunction7a9b589f63cb072bef80df221f46a22b()}<\/script><\/div><div id=\"friss-3274125158\" class=\"friss-after-content_2 friss-entity-placement\" style=\"clear: both;\"><div class=\"wprss_ajax\" data-id=\"rssccb5d596ce\"><img loading=\"lazy\" decoding=\"async\" src=\"https:\/\/friss-hirek.hu\/wp-content\/plugins\/wp-rss-retriever\/inc\/imgs\/ajax-loader.gif\" alt=\"Loading RSS Feed\" width=\"16\" height=\"16\"><\/div><\/div><br style=\"clear: both; display: block; float: none;\"\/><div id=\"friss-2219457604\" class=\"friss-after-content_3 friss-entity-placement\">https:\/\/www.youtube.com\/watch?v=Pdnw4KiUWp0<\/div>","protected":false},"excerpt":{"rendered":"<p>M\u00e9ly\u00fct\u00e9st vitt be az \u0171rb\u0151l is l\u00e1that\u00f3 rekordalacsony v\u00edz\u00e1ll\u00e1s a Velencei-t\u00f3 turizmus\u00e1nak, ahol ny\u00e1r v\u00e9g\u00e9re m\u00e1r apokaliptikus \u00e1llapotok alakultak ki, \u00edrja az Euronews. A lap cikke szerint v\u00edzszint jelenleg 40 centivel a kor\u00e1bbi negat\u00edv rekord alatt van, a t\u00f3partn\u00e1l a meder sz\u00e9les s\u00e1vja \u00e1ll teljesen sz\u00e1razon, \u00e9s egy-egy n\u00e1dszigethez n\u00e9h\u00e1ny sz\u00e1z m\u00e9teres f\u00f6ldnyelvek vezetnek be [&hellip;]<\/p>\n","protected":false},"author":1,"featured_media":0,"comment_status":"open","ping_status":"open","sticky":false,"template":"","format":"standard","meta":{"footnotes":""},"categories":[6],"tags":[],"class_list":["post-171166","post","type-post","status-publish","format-standard","hentry","category-videk"],"amp_enabled":true,"_links":{"self":[{"href":"https:\/\/friss-hirek.hu\/index.php\/wp-json\/wp\/v2\/posts\/171166","targetHints":{"allow":["GET"]}}],"collection":[{"href":"https:\/\/friss-hirek.hu\/index.php\/wp-json\/wp\/v2\/posts"}],"about":[{"href":"https:\/\/friss-hirek.hu\/index.php\/wp-json\/wp\/v2\/types\/post"}],"author":[{"embeddable":true,"href":"https:\/\/friss-hirek.hu\/index.php\/wp-json\/wp\/v2\/users\/1"}],"replies":[{"embeddable":true,"href":"https:\/\/friss-hirek.hu\/index.php\/wp-json\/wp\/v2\/comments?post=171166"}],"version-history":[{"count":0,"href":"https:\/\/friss-hirek.hu\/index.php\/wp-json\/wp\/v2\/posts\/171166\/revisions"}],"wp:attachment":[{"href":"https:\/\/friss-hirek.hu\/index.php\/wp-json\/wp\/v2\/media?parent=171166"}],"wp:term":[{"taxonomy":"category","embeddable":true,"href":"https:\/\/friss-hirek.hu\/index.php\/wp-json\/wp\/v2\/categories?post=171166"},{"taxonomy":"post_tag","embeddable":true,"href":"https:\/\/friss-hirek.hu\/index.php\/wp-json\/wp\/v2\/tags?post=171166"}],"curies":[{"name":"wp","href":"https:\/\/api.w.org\/{rel}","templated":true}]}}