{"id":171167,"date":"2026-09-04T04:12:10","date_gmt":"2026-09-04T04:12:10","guid":{"rendered":"https:\/\/friss-hirek.hu\/index.php\/foldbe-dongoltek-majd-feltamadt-miert-reagal-mindenre-ilyen-hevesen-a-forint\/friss-hirek\/"},"modified":"2026-09-04T04:12:10","modified_gmt":"2026-09-04T04:12:10","slug":"foldbe-dongoltek-majd-feltamadt-miert-reagal-mindenre-ilyen-hevesen-a-forint","status":"publish","type":"post","link":"https:\/\/friss-hirek.hu\/index.php\/foldbe-dongoltek-majd-feltamadt-miert-reagal-mindenre-ilyen-hevesen-a-forint\/uzlet\/","title":{"rendered":"F\u00f6ldbe d\u00f6ng\u00f6lt\u00e9k, majd felt\u00e1madt: mi\u00e9rt reag\u00e1l mindenre ilyen hevesen a forint?"},"content":{"rendered":"<p><strong>N\u00e9h\u00e1ny h\u00f3nappal ezel\u0151tt m\u00e9g amiatt agg\u00f3dtunk, hogy t\u00fal er\u0151s lett a forint, a napokban viszont fogtuk a fej\u00fcnket a 370-es eur\u00f3t l\u00e1tva. A Forbes.hu-nak nyilatkoz\u00f3 elemz\u0151 szerint aggaszt\u00f3an hevesen reag\u00e1l mindenre a magyar fizet\u0151eszk\u00f6z. Ut\u00e1naj\u00e1rtunk, milyen hat\u00e1sok r\u00e1ngatj\u00e1k a deviz\u00e1nkat.<\/strong><\/p><div id=\"friss-3321164591\" class=\"friss-etarget friss-entity-placement\"><script type=\"text\/javascript\" id=\"etargetScript7a9b589f63cb072bef80df221f46a22b\">function etargetPostloadFunction7a9b589f63cb072bef80df221f46a22b(){var e=\"etargetPostload7a9b589f63cb072bef80df221f46a22b\",t=\"etargetScript7a9b589f63cb072bef80df221f46a22b\",o=document.getElementById(e);if(o){for(var n=o.offsetTop,d=o.offsetLeft,r=o.offsetWidth,a=o.offsetHeight;o.offsetParent;)o=o.offsetParent,n+=o.offsetTop,d+=o.offsetLeft;var i=(n<=window.pageYOffset+window.innerHeight&&d<window.pageXOffset+window.innerWidth&&n+a>window.pageYOffset&&d+r>window.pageXOffset);if(i&&etargetAllowOtherCheck){allowed=!1;var c=document.createElement(\"script\");return c.src=\"\/\/hu.search.etargetnet.com\/generic\/uni.php?g=ref:58661,area:700x210\",void(document.getElementById(t)&&document.getElementById(e)&&(document.getElementById(t).parentNode.appendChild(c),document.getElementById(t).parentNode.removeChild(document.getElementById(t)),document.getElementById(e).parentNode.removeChild(document.getElementById(e)),document.removeEventListener(\"scroll\",etargetPostloadFunction7a9b589f63cb072bef80df221f46a22b),document.removeEventListener(\"resize\",etargetPostloadFunction7a9b589f63cb072bef80df221f46a22b),document.removeEventListener(\"DOMContentLoaded\",etargetPostloadFunction7a9b589f63cb072bef80df221f46a22b)))}}}var etargetDivID=\"etargetPostload7a9b589f63cb072bef80df221f46a22b\",etargetScriptID=\"etargetScript7a9b589f63cb072bef80df221f46a22b\",etargetPostloadPoint=document.createElement(\"div\");etargetPostloadPoint.id=etargetDivID;var etargetCurScript=document.getElementById(etargetScriptID);etargetCurScript.parentNode.appendChild(etargetPostloadPoint),document.addEventListener(\"scroll\",etargetPostloadFunction7a9b589f63cb072bef80df221f46a22b),document.addEventListener(\"resize\",etargetPostloadFunction7a9b589f63cb072bef80df221f46a22b),document.addEventListener(\"DOMContentLoaded\",etargetPostloadFunction7a9b589f63cb072bef80df221f46a22b);var etargetAllowOtherCheck=!0;if(typeof(\"forceRunPostload\")==\"string\"){etargetPostloadFunction7a9b589f63cb072bef80df221f46a22b()}<\/script><\/div>\n<hr class=\"wp-block-separator has-alpha-channel-opacity\" \/>\n<div class=\"highlighted-text\">\n<p>\t\t<span class=\"highlighted-text__title minititle\">Itt az \u00faj Forbes-lista!<\/span><\/p>\n<div class=\"highlighted-text__content\">\n<p><em>K\u00f6zel \u00f6tbilli\u00f3 forintot \u00e9r a top 40 csal\u00e1di c\u00e9g, t\u00f6bb mint a negyed\u00e9t egyetlen szerepl\u0151 hozta \u00f6ssze \u2013 megjelent a Forbes 2026-os csal\u00e1di list\u00e1ja, <a href=\"https:\/\/www.forbes.hu\/lista-csaladi-vallalkozasok-2026\/\" target=\"_blank\" rel=\"noopener\">ide kattintva<\/a> tudod b\u00f6ng\u00e9szni!<\/em><\/p>\n<\/div>\n<\/div>\n<p class=\"has-drop-cap\">A forint hat egym\u00e1st k\u00f6vet\u0151 napon kereszt\u00fcl vesz\u00edtett az \u00e9rt\u00e9k\u00e9b\u0151l, \u00e9s egy id\u0151re a 370-es szint f\u00f6l\u00e9 is ben\u00e9zett. Az \u00e1prilisi v\u00e1laszt\u00e1sok \u00f3ta nem volt ilyen gyenge a magyar deviza, ennek okai viszont nem az orsz\u00e1ghat\u00e1ron bel\u00fcl keresend\u0151k.<\/p>\n<p>Ugyan cs\u00fct\u00f6rt\u00f6k reggel l\u00e1thattunk egy kisebb korrekci\u00f3t, az eur\u00f3val szembeni \u00e1rfolyam \u00edgy is a 367-es szinten billeg. Hosszabb t\u00e1von term\u00e9szetesen jobban \u00e1ll a hazai fizet\u0151eszk\u00f6z, hiszen a 2025-\u00f6s \u00e9vet m\u00e9g 384 forintos eur\u00f3val z\u00e1rtuk.<\/p>\n<figure class=\"wp-block-image size-large\">\n<div class=\"photo-credit-wrapper\"><img decoding=\"async\" loading=\"lazy\" src=\"https:\/\/cdn.forbes.hu\/uploads\/2026\/09\/EURHUF_2026-09-03_17-45-48.webp?r=eyJ3IjoxNTAwLCJxIjo5MCwicyI6InBuZyJ9\" alt=\"\" class=\"wp-image-799939\" \/><\/div>\n<\/figure>\n<div class=\"related-post-links\">\n<p>\t\t<span class=\"related-post-links__title minititle\">T\u00f6bb ebb\u0151l<\/span><\/p>\n<div class=\"related-post-links__link-wrapper\">\n\t\t\t\t<a href=\"https:\/\/www.forbes.hu\/penz\/sulyos-veszjelzes-a-gazdasagnak-amit-a-kiskereskedelem-lecsuszasa-mutat\/\" class=\"related-post-links__link\">S\u00falyos v\u00e9szjelz\u00e9s a gazdas\u00e1gnak, amit a kiskereskedelem lecs\u00fasz\u00e1sa mutat<\/a>\n\t\t\t<\/div>\n<div class=\"related-post-links__link-wrapper\">\n\t\t\t\t<a href=\"https:\/\/www.forbes.hu\/penz\/idosotthon-idosgondozas-illegalis-idosotthon-szolgaltatas-forbes-money\/\" class=\"related-post-links__link\">Ak\u00e1r 47 milli\u00f3 forint is lehet a beugr\u00f3 egy hazai id\u0151sotthonba, nem csoda, hogy gombam\u00f3d terjednek az illeg\u00e1lis otthonok<\/a>\n\t\t\t<\/div>\n<\/div>\n<p>Az <a href=\"https:\/\/www.erstemarket.hu\/tartalom\/241476\/eurhuf-tobbhavi-melyponton-a-forint-20260902\">Erste elemz\u0151i<\/a> szerint a jelenlegi forintgyeng\u00fcl\u00e9s\u00e9t els\u0151sorban a k\u00f6zel-keleti v\u00e1ls\u00e1ggal lehet magyar\u00e1zni. Szeptember elej\u00e9n j\u00falius \u00f3ta nem l\u00e1tott m\u00e9rt\u00e9kben eszkal\u00e1l\u00f3dott a konfliktus az Egyes\u00fclt \u00c1llamok \u00e9s Ir\u00e1n k\u00f6z\u00f6tt, ami azonnal az egekbe l\u0151tte a k\u0151olaj\u00e1rakat. Az \u00e9szaki-tengeri Brent hord\u00f3nk\u00e9nti \u00e1ra 97 doll\u00e1r f\u00f6l\u00e9 emelkedett, ez pedig er\u0151s\u00edti az energiakr\u00edzist\u0151l val\u00f3 f\u00e9lelmeket Magyarorsz\u00e1gon.<\/p>\n<p>A gyeng\u00fcl\u0151 forintp\u00e1ly\u00e1t l\u00e1tva szeptember 3-\u00e1n a d\u00e9lut\u00e1ni \u00f3r\u00e1kban a Magyar Nemzeti Bank is reag\u00e1lt. A <a href=\"https:\/\/www.bloomberg.com\/news\/articles\/2026-09-03\/hungary-is-said-to-pause-interest-rate-cuts-and-lower-inflation-goal-to-2-5?srnd=phx-economics-v2\">Bloomberg \u00e9rtes\u00fcl\u00e9sei szerint<\/a> az MNB felf\u00fcggeszti a kamatcs\u00f6kkent\u00e9si ciklus\u00e1t, \u00e9s a k\u00f6vetkez\u0151 \u00fcl\u00e9s\u00e9n 5,5 sz\u00e1zal\u00e9kon hagyja a hazai alapkamatot. A jegybank d\u00f6nt\u00e9se \u00e9rthet\u0151, az energiav\u00e1ls\u00e1g, valamint az amerikai kamatemel\u00e9si kil\u00e1t\u00e1sok mellett meg kellett t\u00e1masztani a forintot. Ami viszont nyugtalans\u00e1gra ad okot, a a deviza heves reakci\u00f3ja. A sajt\u00f3\u00e9rtes\u00fcl\u00e9sek ut\u00e1n nagyon gyorsan majdnem 5 forinttal er\u0151s\u00f6d\u00f6tt a p\u00e9nz\u00fcnk az eur\u00f3val szemben, valamint a r\u00e9gi\u00f3s deviz\u00e1kat is fel\u00fclteljes\u00edti a cs\u00fct\u00f6rt\u00f6k esti \u00f3r\u00e1kban.<\/p>\n<div class=\"highlighted-text\">\n<p>\t\t<span class=\"highlighted-text__title minititle\">Err\u0151l sz\u00f3l m\u00e9g a cikk:<\/span><\/p>\n<div class=\"highlighted-text__content\">\n<ul>\n<li>\u00cdgy \u00e1ll a forgalom a Hormuzi-szorosban<\/li>\n<li>Elsz\u00e1lltak az amerikai k\u00f6tv\u00e9nyhozamok<\/li>\n<li>Csendesedhet az ir\u00e1ni h\u00e1bor\u00fa<\/li>\n<li>Az adat, ami meghat\u00e1rozza Trump minden d\u00f6nt\u00e9s\u00e9t<\/li>\n<li>Elvesz\u00edti legfontosabb t\u00e1masz\u00e1t a forint<\/li>\n<\/ul><\/div>\n<\/div>\n<div class=\"post-content-soft-paywall\">\n<p>A glob\u00e1lis energia\u00e1rakat tov\u00e1bbra is a kulcsfontoss\u00e1g\u00fa Hormuzi-szoroson \u00e1thalad\u00f3 forgalom hat\u00e1rozza meg. Az ir\u00e1ni fenyeget\u00e9sek, valamint a csatorna f\u00f6l\u00f6tt sz\u00e1ll\u00f3 rak\u00e9t\u00e1k t\u00e1vol tartj\u00e1k a haj\u00f3kat a t\u00e9rs\u00e9gt\u0151l. A <a href=\"https:\/\/www.reuters.com\/business\/energy\/oil-edges-down-investors-weigh-uncertainty-over-us-iran-strikes-2026-09-03\/?utm_source=chatgpt.com\">Reuters<\/a> adatai szerint a konfliktus kirobban\u00e1sa el\u0151tt napi 130\u2013140 haj\u00f3 tudott \u00e1thaladni a szoroson, mik\u00f6zben az elm\u00falt t\u00edz nap \u00e1tlaga 13 volt. Szeptember m\u00e1sodik\u00e1n mind\u00f6ssze 6 haj\u00f3 jutott \u00e1t a csatorn\u00e1n, ami jelzi a m\u00e9ly\u00fcl\u0151 kr\u00edzist.<\/p>\n<p>Magyarorsz\u00e1g nett\u00f3 energiaimport\u0151r, teh\u00e1t az olaj- \u00e9s f\u00f6ldg\u00e1z\u00e1r emelked\u00e9s\u00e9vel t\u00f6bb deviz\u00e1t kell kifizetn\u00fcnk ugyanaz\u00e9rt az energiamennyis\u00e9g\u00e9rt, ami rontja a k\u00fclkereskedelmi m\u00e9rleget \u00e9s a devizakeresletet.<\/p>\n<p>Az Equilor Befektet\u00e9si Zrt. senior elemz\u0151je egyet\u00e9rtett azzal, hogy az ir\u00e1ni esem\u00e9nyek helyezik a legnagyobb nyom\u00e1st a deviz\u00e1nkra, azonban kiemelt egy m\u00e1sik, szint\u00e9n jelent\u0151s hat\u00e1st. Varga Zolt\u00e1n a Forbes.hu-nak elmondta, hogy az amerikai hozamemelked\u00e9s felsz\u00edvja a t\u0151k\u00e9t a kelet-k\u00f6z\u00e9p-eur\u00f3pai r\u00e9gi\u00f3 el\u0151l. Az Egyes\u00fclt \u00c1llamokban a 10 \u00e9ves \u00e1llampap\u00edrok hozama 4,8 sz\u00e1zal\u00e9k k\u00f6zel\u00e9be ker\u00fclt, mik\u00f6zben a 30 \u00e9ves hozam 5,32 sz\u00e1zal\u00e9kkal 19 \u00e9ves cs\u00facsra \u00e9rt. A <a href=\"https:\/\/hold.hu\/holdblog\/fed-merleg-poker\/\">Hold elemz\u00e9s\u00e9ben<\/a> olvashatunk r\u00f3la, hogy az amerikai \u00e1llamkincst\u00e1rnak azonnal reag\u00e1lnia kellett az emelked\u00e9sre, \u00e9s a hossz\u00fa lej\u00e1rat\u00fa k\u00f6tv\u00e9nyek visszav\u00e1s\u00e1rl\u00e1si korl\u00e1tj\u00e1t a k\u00e9tszeres\u00e9re emelt\u00e9k.<\/p>\n<p>Varga kifejtette, hogy a forint \u00e9rt\u00e9kveszt\u00e9s\u00e9t az is hajtotta, hogy a hazai k\u00f6tv\u00e9nyhozamoknak reag\u00e1lniuk kellett az amerikai emelked\u00e9sre. Amennyiben a k\u00fclf\u00f6ldi befektet\u0151k le\u00e9p\u00edtik a magyarorsz\u00e1gi poz\u00edci\u00f3ikat a magas amerikai hozamok\u00e9rt cser\u00e9be, az \u00f6nmag\u00e1ban le\u00e9rt\u00e9keli a magyar fizet\u0151eszk\u00f6zt.<\/p>\n<p>Az elemz\u0151 szerint a felv\u00e1zolt hat\u00e1sok mellett term\u00e9szetes folyamat volt a forint gyeng\u00fcl\u00e9se, ami meglepte, az a negat\u00edv folyamat kifejezetten gyors \u00fcteme. \u201eSzerda reggel nagyon heves volt a forint mozg\u00e1sa, a 200 napos mozg\u00f3\u00e1tlagot is meg\u00e9rintette az eur\u00f3-forint kereszt, amit egy hirtelen visszarendez\u0151d\u00e9s k\u00f6vetett. Ilyen hektikus mozg\u00e1shoz nem vagyunk hozz\u00e1szokva\u201d \u2013 mondta Varga. Az elemz\u0151 hozz\u00e1tette, hogy ilyen \u00e1rfolyammozg\u00e1st v\u00e9lhet\u0151en egy nagyobb szerepl\u0151 t\u00e1voz\u00e1sa okozhatott a forint piac\u00e1n.<\/p>\n<p>A k\u00f6vetkez\u0151 hetekben k\u00e9sz\u00fcln\u00fcnk kell az ism\u00e9tl\u0151d\u0151, hirtelen forintgyeng\u00fcl\u00e9sekre a k\u00f6zel-keleti esem\u00e9nyekkel p\u00e1rhuzamosan.<\/p>\n<h2 class=\"wp-block-heading\">Trumpnak most \u00e9ppen nincs kedve felrobbantani Ir\u00e1nt<\/h2>\n<p>Szeptember 3-\u00e1n nem t\u00f6rt\u00e9nt katonai akci\u00f3 a Hormuzi-szorosn\u00e1l, \u00e9s j\u00f3 es\u00e9ly van r\u00e1, hogy a k\u00f6vetkez\u0151 hetekben keveset fogunk hallani a konfliktus \u00e1ll\u00e1s\u00e1r\u00f3l. November 3-\u00e1n f\u00e9lid\u0151s v\u00e1laszt\u00e1sokat tartanak az Egyes\u00fclt \u00c1llamokban, a Reuters pedig feh\u00e9r h\u00e1zi forr\u00e1sokra hivatkozva arr\u00f3l \u00edrt, hogy a voksol\u00e1sig a Trump-adminisztr\u00e1ci\u00f3 <a href=\"https:\/\/www.forbes.hu\/penz\/trump-iran-haboru-koolaj-felidos-valasztas-kampany\/\">szeretn\u00e9 \u201ecsendesebben\u201d int\u00e9zni az ir\u00e1ni \u00fcgyet<\/a>.<\/p>\n<p>Em\u00f6g\u00f6tt politikai \u00e9rdekek h\u00faz\u00f3dnak. Az amerikai lakoss\u00e1g majdnem k\u00e9tharmada el\u00edt\u00e9li az Ir\u00e1n ellen v\u00edvott h\u00e1bor\u00fat, a konfliktus miatt pedig m\u00e9lyponton van az eln\u00f6k t\u00e1mogatotts\u00e1ga a v\u00e1laszt\u00f3k k\u00f6r\u00e9ben. A statisztik\u00e1k szerint febru\u00e1r v\u00e9ge \u00f3ta Donald Trump n\u00e9pszer\u0171s\u00e9ge 40-r\u0151l 33 sz\u00e1zal\u00e9kra esett. Mivel az amerikai K\u00e9pvisel\u0151h\u00e1zban \u00e9s a Szen\u00e1tusban is sz\u0171k a republik\u00e1nus t\u00f6bbs\u00e9g, \u00edgy a november 3-ai v\u00e1laszt\u00e1s kulcsfontoss\u00e1g\u00fa lehet a t\u00f6rv\u00e9nyhoz\u00e1s szempontj\u00e1b\u00f3l.<\/p>\n<blockquote class=\"wp-block-quote is-layout-flow wp-block-quote-is-layout-flow\">\n<p>Ez nem azt jelenti, hogy Washington csendben kih\u00e1tr\u00e1lna a h\u00e1bor\u00fab\u00f3l. A Reutersnek nyilatkoz\u00f3 forr\u00e1sok \u00fagy tudj\u00e1k, hogy a f\u00e9lid\u0151s v\u00e1laszt\u00e1s ut\u00e1n a Feh\u00e9r H\u00e1z fokozn\u00e1 az Ir\u00e1n elleni offenz\u00edv\u00e1t.<\/p>\n<\/blockquote>\n<p>Mit jelent ez a forint szempontj\u00e1b\u00f3l? Teher\u00e1n egyel\u0151re csak v\u00e1laszcsap\u00e1sokat m\u00e9rt a t\u00e9rs\u00e9gben tal\u00e1lhat\u00f3 amerikai t\u00e1maszpontokra, illetve viszonylag hosszabb ideje kiz\u00e1r\u00f3lag haj\u00f3k ellen ind\u00edtottak dr\u00f3n- \u00e9s rak\u00e9tat\u00e1mad\u00e1sokat. Amennyiben az Egyes\u00fclt \u00c1llamok a k\u00f6vetkez\u0151 k\u00e9t h\u00f3napban letekeri a k\u00f6zel-keleti m\u0171veleteket, \u00e9s ink\u00e1bb gazdas\u00e1gi eszk\u00f6z\u00f6kkel gyakorolna nyom\u00e1st Ir\u00e1nra, az ideiglenesen megoldan\u00e1 a forintra leselked\u0151 legnagyobb vesz\u00e9lyt, r\u00f6vid t\u00e1von stabiliz\u00e1ln\u00e1 az \u00e1rfolyamot. Azonban a konfliktus k\u00e9s\u0151bbi, a f\u0171t\u00e9si szezonban t\u00f6rt\u00e9n\u0151 eszkal\u00e1l\u00f3d\u00e1sa meredek forintgyeng\u00fcl\u00e9st id\u00e9zhet el\u0151 az \u00e9v v\u00e9ge el\u0151tt.<\/p>\n<p>Varga Zolt\u00e1n szerint \u00f6nmag\u00e1ban a harcok felf\u00fcggeszt\u00e9se nem stabiliz\u00e1lja a forint helyzet\u00e9t. Am\u00edg a k\u0151olaj \u00e9s a f\u00f6ldg\u00e1z \u00e1ra nem cs\u00f6kken, addig a magyar p\u00e9nz sem tud visszakorrig\u00e1lni. Az elemz\u0151 szerint a harcok alacsony intenzit\u00e1s\u00fa folytat\u00e1sa mellett is er\u0151s\u00f6d\u00e9snek indulhat a forint, amennyiben a Hormuzi-szoroson \u00e1thalad\u00f3 haj\u00f3forgalom fel tud gyorsulni.<\/p>\n<h2 class=\"wp-block-heading\">Egy adat, ami meghat\u00e1rozza Donald Trump minden d\u00f6nt\u00e9s\u00e9t<\/h2>\n<p>B\u00e1r Magyarorsz\u00e1gr\u00f3l sokszor \u00fagy t\u0171nhet, hogy az Egyes\u00fclt \u00c1llamok eln\u00f6ke teljesen kisz\u00e1m\u00edthatatlanul viselkedik, m\u00e9gis van egy adat, amihez igaz\u00edtja a d\u00f6nt\u00e9seit. Az elm\u00falt k\u00e9t \u00e9vben rendre megfigyelhet\u0151 volt, hogy a legvitatottabb int\u00e9zked\u00e9seit\u0151l csakis akkor t\u00e1ncolt vissza Donald Trump, ha a hossz\u00fa lej\u00e1rat\u00fa amerikai k\u00f6tv\u00e9nyhozamok v\u00e9szesen emelkedni kezdtek.<\/p>\n<p>A 10 \u00e9ves amerikai \u00e1llampap\u00edr hozama a napokban m\u00e1r 4,8 sz\u00e1zal\u00e9k k\u00f6r\u00fcl mozog, ami rendk\u00edv\u00fcl magas szintet jelent. A piacok m\u00e1r szinte biztosra veszik, hogy a Fed a szeptemberi kamatd\u00f6nt\u0151 \u00fcl\u00e9s\u00e9n emelni fog az ir\u00e1nyad\u00f3 r\u00e1t\u00e1n, jelenleg 25 b\u00e1zispontot \u00e1raznak. Az \u00e1llamad\u00f3ss\u00e1g finansz\u00edroz\u00e1sa ilyen magas hozamszintek mellett tarthatatlan, \u00edgy a Feh\u00e9r H\u00e1znak most az egyik legfontosabb feladata, hogy ezt a helyzetet rendezze. Ez viszont nem lesz egyszer\u0171 feladat.<\/p>\n<p>Az \u00e1llamk\u00f6tv\u00e9nyhozamok mozg\u00e1s\u00e1t \u00f6sszetett folyamatok hajtj\u00e1k, ezek k\u00f6z\u00fcl az AI-forradalmat emeln\u00e9nk ki. A mesters\u00e9ges intelligencia k\u00f6r\u00e9 rendez\u0151d\u0151 c\u00e9gek finansz\u00edroz\u00e1sa rendk\u00edv\u00fcl dr\u00e1ga. Az AI-c\u00e9gek \u00edgy hatalmas mennyis\u00e9g\u0171 t\u0151k\u00e9t sz\u00edvnak el az \u00e1llampap\u00edrpiacr\u00f3l, aminek \u00f6nmag\u00e1ban jelent\u0151s hozamemel\u0151 hat\u00e1sa van.<\/p>\n<blockquote class=\"wp-block-quote is-layout-flow wp-block-quote-is-layout-flow\">\n<p>Az AI-boom elk\u00e9peszt\u0151 beruh\u00e1z\u00e1si ig\u00e9nyt teremtett. Adatk\u00f6zpontokat kell \u00e9p\u00edteni, GPU-kat v\u00e1s\u00e1rolni, er\u0151m\u0171veket \u00e9s h\u00e1l\u00f3zati infrastrukt\u00far\u00e1t finansz\u00edrozni. Ennek finansz\u00edroz\u00e1s\u00e1t a c\u00e9gek m\u00e1r nem tudj\u00e1k saj\u00e1t zsebb\u0151l megoldani, \u00edgy a k\u00f6tv\u00e9nypiacr\u00f3l vonnak be forr\u00e1sokat.<\/p>\n<\/blockquote>\n<p>A Reuters arr\u00f3l \u00edrt, hogy a mesters\u00e9ges intelligenci\u00e1hoz kapcsol\u00f3d\u00f3 v\u00e1llalati ad\u00f3ss\u00e1gkibocs\u00e1t\u00e1s m\u00e9rt\u00e9ke 2026-ban m\u00e1r 220 milli\u00e1rd doll\u00e1rra ugrott. A tavalyi \u00e9v azonos id\u0151szak\u00e1ban ez az \u00f6sszeg m\u00e9g csup\u00e1n 12,5 milli\u00e1rd doll\u00e1r volt. Az amerikai \u00e1llamnak \u00edgy versenyeznie kell ezekkel a c\u00e9gekkel a befektet\u0151k\u00e9rt. Ugyan az \u00e1llampap\u00edr j\u00f3val biztons\u00e1gosabb, a c\u00e9ges k\u00f6tv\u00e9nyek magasabb hozamot garant\u00e1lnak.<\/p>\n<p>Ebben a versenyben az \u00e1llam csak \u00fagy tudja tartani a temp\u00f3t, ha alacsonyabb k\u00f6tv\u00e9ny\u00e1r mellett k\u00edn\u00e1l magasabb hozamot. Ez a k\u00fczdelem pedig elvonja a t\u0151k\u00e9t nemcsak Magyarorsz\u00e1gr\u00f3l, hanem az eg\u00e9sz felt\u00f6rekv\u0151 piacr\u00f3l.<\/p>\n<h2 class=\"wp-block-heading\">Elvesz\u00edtheti a legfontosabb t\u00e1masz\u00e1t a forint<\/h2>\n<p>Az \u00e1prilisi v\u00e1laszt\u00e1sok ut\u00e1n egy rendk\u00edv\u00fcl gyors \u00fctem\u0171 forinter\u0151s\u00f6d\u00e9st figyelhett\u00fcnk meg, ami ki is tartott t\u00f6bb h\u00f3napon kereszt\u00fcl. Az eur\u00f3val szembeni jegyz\u00e9s a 348-as szinten is j\u00e1rt, az elemz\u0151k pedig m\u00e1r ekkor figyelmeztettek r\u00e1, hogy kezd t\u00fals\u00e1gosan er\u0151ss\u00e9 v\u00e1lni a fizet\u0151eszk\u00f6z\u00fcnk.<\/p>\n<p>A forint a lend\u00fclet\u00e9t a bel- \u00e9s gazdas\u00e1gpolitikai v\u00e1ltoz\u00e1sokt\u00f3l kapta, viszont a jelent\u0151s kamatel\u0151ny tartotta fenn. A Magyar Nemzeti Bank Monet\u00e1ris Tan\u00e1csa hossz\u00fa ideig nem kezdte el a kamatcs\u00f6kkent\u00e9si ciklus\u00e1t. Ezzel szemben a nagy jegybankok sorra v\u00e1gni kezdtek a kamatokon, ami vonz\u00f3v\u00e1 tette a befektet\u0151k sz\u00e1m\u00e1ra a forintot.<\/p>\n<blockquote class=\"wp-block-quote is-layout-flow wp-block-quote-is-layout-flow\">\n<p>Az Orb\u00e1n-korm\u00e1ny jelentette gazdas\u00e1gpolitikai k\u00e9rd\u0151jelek elm\u00fal\u00e1s\u00e1val, illetve azzal, hogy a Tisza-korm\u00e1ny az eur\u00f3 bevezet\u00e9se mellett tette le a voks\u00e1t, a k\u00fclf\u00f6ldi t\u0151ke megtal\u00e1lta a magyar fizet\u0151eszk\u00f6zt, \u00e9s elkezd\u0151d\u00f6tt az er\u0151demonstr\u00e1ci\u00f3.<\/p>\n<\/blockquote>\n<p>A gazdas\u00e1gi teljes\u00edtm\u00e9nyt azonban f\u0171teni kellett, \u00edgy el is indult egy h\u00e1rom l\u00e9p\u00e9sb\u0151l \u00e1ll\u00f3 \u201emini\u201d kamatv\u00e1g\u00e1si ciklus. Az MNB f\u00e9l \u00e9v alatt 6,5 sz\u00e1zal\u00e9kr\u00f3l 5,5 sz\u00e1zal\u00e9kig v\u00e1gta vissza az ir\u00e1nyad\u00f3 r\u00e1t\u00e1t, mik\u00f6zben az infl\u00e1ci\u00f3 is v\u00e9gig kifejezetten alacsony tudott maradni.<\/p>\n<p>Az Egyes\u00fclt \u00c1llamokban a Fed \u00faj eln\u00f6ke, Kevin Warsh a Jackson Hole-i konferenci\u00e1n besz\u00e9lt arr\u00f3l, hogy val\u00f3s es\u00e9lye van a kamatemel\u00e9snek. Eddig err\u0151l nem volt sz\u00f3, hiszen az eln\u00f6k, Donald Trump az alapkamat alacsonyan tart\u00e1s\u00e1t v\u00e1rja a jegybank szerep\u00e9t bet\u00f6lt\u0151 Federal Reservet\u0151l. Ha szeptember 16-\u00e1n m\u00e9g nem is l\u00e9pik ezt meg, az idei \u00e9vben \u00edgy is szinte biztosra vehet\u0151 egy vagy ak\u00e1r k\u00e9t 25 b\u00e1zispontos emel\u00e9s. Az amerikai alapkamat jelenleg 3,5\u20133,75 sz\u00e1zal\u00e9kon \u00e1ll, vagyis a kamatk\u00fcl\u00f6nb\u00f6zet az USA \u00e9s Magyarorsz\u00e1g k\u00f6z\u00f6tt nagyon lesz\u0171k\u00fclhet az \u00e9v v\u00e9g\u00e9ig. Ezzel a forint f\u00e9nye jelent\u0151sen megkopna a befektet\u0151k szem\u00e9ben.<\/p>\n<h2 class=\"wp-block-heading\">Kifogyhatunk az \u00fczemanyagb\u00f3l<\/h2>\n<p>A k\u0151olaj vil\u00e1gpiaci \u00e1r\u00e1t napr\u00f3l napra a Hormuzi-szorost \u00e9rint\u0151 esem\u00e9nyek mozgatj\u00e1k. A Forbes.hu \u00e1ltal megk\u00e9rdezett elemz\u0151 szerint a jelenlegi 95\u201397-es szint nem lesz tart\u00f3s, r\u00f6vid id\u0151n bel\u00fcl v\u00e1rhatunk korrekci\u00f3t az \u00e1rfolyamban. Varga Zolt\u00e1n szerint a komolyabb probl\u00e9m\u00e1t a glob\u00e1lis k\u0151olajk\u00edn\u00e1lat jelentheti.<\/p>\n<figure class=\"wp-block-image size-large\">\n<div class=\"photo-credit-wrapper\"><img decoding=\"async\" loading=\"lazy\" src=\"https:\/\/cdn.forbes.hu\/uploads\/2026\/09\/BRENT_2026-09-03_17-52-42.webp?r=eyJ3IjoxNTAwLCJxIjo5MCwicyI6InBuZyJ9\" alt=\"\" class=\"wp-image-799940\" \/><\/div>\n<\/figure>\n<p>A Nemzetk\u00f6zi Energia\u00fcgyn\u00f6ks\u00e9g jelent\u00e9se szerint az idei \u00e9vben \u00e1tlagosan 4,3 milli\u00f3 hord\u00f3val cs\u00f6kkenhet a glob\u00e1lis k\u0151olajk\u00edn\u00e1lat. Ez a szak\u00e9rt\u0151 szerint val\u00f3s\u00e1gos k\u00edn\u00e1lati sz\u0171k\u00fcl\u00e9st jelent. Az Egyes\u00fclt \u00c1llamok strat\u00e9giai olajtartal\u00e9ka t\u00f6bb \u00e9vtizedes m\u00e9lyponton van, ami azt jelenti, hogy Washington m\u00e1r nem k\u00e9pes sz\u00e1mottev\u0151 mennyis\u00e9get felszabad\u00edtani, ha kord\u00e1ban akarja tartani az olaj\u00e1rat.<\/p>\n<blockquote class=\"wp-block-quote is-layout-flow wp-block-quote-is-layout-flow\">\n<p>\u201eHa a hord\u00f3nk\u00e9nti jegyz\u00e9s 100 doll\u00e1r f\u00f6l\u00e9 sz\u00f6kik, azt m\u00e1r neh\u00e9z lenne orvosolni\u201d<\/p>\n<\/blockquote>\n<p>\u2013 mondta Varga Zolt\u00e1n.<\/p>\n<p>Az elemz\u0151 hozz\u00e1tette, hogy a 100 doll\u00e1r kv\u00e1zi a l\u00e9lektani hat\u00e1r a k\u0151olaj eset\u00e9ben. Innen hossz\u00fa t\u00e1von nem tud f\u00f6ntebb ragadni a jegyz\u00e9s, mivel a kereslet ezen a ponton kezd el meredeken cs\u00f6kkeni. Ez a piac \u00f6nszab\u00e1lyoz\u00f3 k\u00e9pess\u00e9ge, ami a jelenlegi helyzetet m\u00e9g ak\u00e1r kezelheti, azonban egy \u00fajabb sokkhat\u00e1s bor\u00edthatja a pap\u00edrform\u00e1t.<\/p>\n<\/div>\n<div><\/div>\n<div class=\"premium-blocker premium-blocker--hu\" data-needed=\"authenticated\" data-current=\"[&quot;free&quot;]\">\n<div data-needed=\"authenticated\"><\/div>\n<\/div>\n<p>\t\t<!-- No email blocks found --><\/p>\n<p>The post <a href=\"https:\/\/www.forbes.hu\/penz\/forint-allampapir-hozam-koolaj-energia-iran-usa-kamat-penz\/\">F\u00f6ldbe d\u00f6ng\u00f6lt\u00e9k, majd felt\u00e1madt: mi\u00e9rt reag\u00e1l mindenre ilyen hevesen a forint?<\/a> appeared first on <a href=\"https:\/\/www.forbes.hu\/\">Forbes.hu<\/a>.<\/p><div id=\"friss-3182184013\" class=\"friss-etarget-cikk-vege friss-entity-placement\"><script type=\"text\/javascript\" id=\"etargetScript7a9b589f63cb072bef80df221f46a22b\">function etargetPostloadFunction7a9b589f63cb072bef80df221f46a22b(){var e=\"etargetPostload7a9b589f63cb072bef80df221f46a22b\",t=\"etargetScript7a9b589f63cb072bef80df221f46a22b\",o=document.getElementById(e);if(o){for(var n=o.offsetTop,d=o.offsetLeft,r=o.offsetWidth,a=o.offsetHeight;o.offsetParent;)o=o.offsetParent,n+=o.offsetTop,d+=o.offsetLeft;var i=(n<=window.pageYOffset+window.innerHeight&&d<window.pageXOffset+window.innerWidth&&n+a>window.pageYOffset&&d+r>window.pageXOffset);if(i&&etargetAllowOtherCheck){allowed=!1;var c=document.createElement(\"script\");return c.src=\"\/\/hu.search.etargetnet.com\/generic\/uni.php?g=ref:58661,area:700x210\",void(document.getElementById(t)&&document.getElementById(e)&&(document.getElementById(t).parentNode.appendChild(c),document.getElementById(t).parentNode.removeChild(document.getElementById(t)),document.getElementById(e).parentNode.removeChild(document.getElementById(e)),document.removeEventListener(\"scroll\",etargetPostloadFunction7a9b589f63cb072bef80df221f46a22b),document.removeEventListener(\"resize\",etargetPostloadFunction7a9b589f63cb072bef80df221f46a22b),document.removeEventListener(\"DOMContentLoaded\",etargetPostloadFunction7a9b589f63cb072bef80df221f46a22b)))}}}var etargetDivID=\"etargetPostload7a9b589f63cb072bef80df221f46a22b\",etargetScriptID=\"etargetScript7a9b589f63cb072bef80df221f46a22b\",etargetPostloadPoint=document.createElement(\"div\");etargetPostloadPoint.id=etargetDivID;var etargetCurScript=document.getElementById(etargetScriptID);etargetCurScript.parentNode.appendChild(etargetPostloadPoint),document.addEventListener(\"scroll\",etargetPostloadFunction7a9b589f63cb072bef80df221f46a22b),document.addEventListener(\"resize\",etargetPostloadFunction7a9b589f63cb072bef80df221f46a22b),document.addEventListener(\"DOMContentLoaded\",etargetPostloadFunction7a9b589f63cb072bef80df221f46a22b);var etargetAllowOtherCheck=!0;if(typeof(\"forceRunPostload\")==\"string\"){etargetPostloadFunction7a9b589f63cb072bef80df221f46a22b()}<\/script><\/div><div id=\"friss-122916993\" class=\"friss-after-content friss-entity-placement\"><script type=\"text\/javascript\" id=\"etargetScript7a9b589f63cb072bef80df221f46a22b\">function etargetPostloadFunction7a9b589f63cb072bef80df221f46a22b(){var e=\"etargetPostload7a9b589f63cb072bef80df221f46a22b\",t=\"etargetScript7a9b589f63cb072bef80df221f46a22b\",o=document.getElementById(e);if(o){for(var n=o.offsetTop,d=o.offsetLeft,r=o.offsetWidth,a=o.offsetHeight;o.offsetParent;)o=o.offsetParent,n+=o.offsetTop,d+=o.offsetLeft;var i=(n<=window.pageYOffset+window.innerHeight&&d<window.pageXOffset+window.innerWidth&&n+a>window.pageYOffset&&d+r>window.pageXOffset);if(i&&etargetAllowOtherCheck){allowed=!1;var c=document.createElement(\"script\");return c.src=\"\/\/hu.search.etargetnet.com\/generic\/uni.php?g=ref:58661,area:700x210\",void(document.getElementById(t)&&document.getElementById(e)&&(document.getElementById(t).parentNode.appendChild(c),document.getElementById(t).parentNode.removeChild(document.getElementById(t)),document.getElementById(e).parentNode.removeChild(document.getElementById(e)),document.removeEventListener(\"scroll\",etargetPostloadFunction7a9b589f63cb072bef80df221f46a22b),document.removeEventListener(\"resize\",etargetPostloadFunction7a9b589f63cb072bef80df221f46a22b),document.removeEventListener(\"DOMContentLoaded\",etargetPostloadFunction7a9b589f63cb072bef80df221f46a22b)))}}}var etargetDivID=\"etargetPostload7a9b589f63cb072bef80df221f46a22b\",etargetScriptID=\"etargetScript7a9b589f63cb072bef80df221f46a22b\",etargetPostloadPoint=document.createElement(\"div\");etargetPostloadPoint.id=etargetDivID;var etargetCurScript=document.getElementById(etargetScriptID);etargetCurScript.parentNode.appendChild(etargetPostloadPoint),document.addEventListener(\"scroll\",etargetPostloadFunction7a9b589f63cb072bef80df221f46a22b),document.addEventListener(\"resize\",etargetPostloadFunction7a9b589f63cb072bef80df221f46a22b),document.addEventListener(\"DOMContentLoaded\",etargetPostloadFunction7a9b589f63cb072bef80df221f46a22b);var etargetAllowOtherCheck=!0;if(typeof(\"forceRunPostload\")==\"string\"){etargetPostloadFunction7a9b589f63cb072bef80df221f46a22b()}<\/script><\/div><div id=\"friss-1421738113\" class=\"friss-after-content_2 friss-entity-placement\" style=\"clear: both;\"><div class=\"wprss_ajax\" data-id=\"rssdee60b0d16\"><img loading=\"lazy\" decoding=\"async\" src=\"https:\/\/friss-hirek.hu\/wp-content\/plugins\/wp-rss-retriever\/inc\/imgs\/ajax-loader.gif\" alt=\"Loading RSS Feed\" width=\"16\" height=\"16\"><\/div><\/div><br style=\"clear: both; display: block; float: none;\"\/><div id=\"friss-481446691\" class=\"friss-after-content_3 friss-entity-placement\">https:\/\/www.youtube.com\/watch?v=Pdnw4KiUWp0<\/div>","protected":false},"excerpt":{"rendered":"<p>N\u00e9h\u00e1ny h\u00f3nappal ezel\u0151tt m\u00e9g amiatt agg\u00f3dtunk, hogy t\u00fal er\u0151s lett a forint, a napokban viszont fogtuk a fej\u00fcnket a 370-es eur\u00f3t l\u00e1tva. A Forbes.hu-nak nyilatkoz\u00f3 elemz\u0151 szerint aggaszt\u00f3an hevesen reag\u00e1l mindenre a magyar fizet\u0151eszk\u00f6z. Ut\u00e1naj\u00e1rtunk, milyen hat\u00e1sok r\u00e1ngatj\u00e1k a deviz\u00e1nkat. Itt az \u00faj Forbes-lista! K\u00f6zel \u00f6tbilli\u00f3 forintot \u00e9r a top 40 csal\u00e1di c\u00e9g, t\u00f6bb mint [&hellip;]<\/p>\n","protected":false},"author":1,"featured_media":0,"comment_status":"open","ping_status":"open","sticky":false,"template":"","format":"standard","meta":{"footnotes":""},"categories":[7],"tags":[],"class_list":["post-171167","post","type-post","status-publish","format-standard","hentry","category-uzlet"],"amp_enabled":true,"_links":{"self":[{"href":"https:\/\/friss-hirek.hu\/index.php\/wp-json\/wp\/v2\/posts\/171167","targetHints":{"allow":["GET"]}}],"collection":[{"href":"https:\/\/friss-hirek.hu\/index.php\/wp-json\/wp\/v2\/posts"}],"about":[{"href":"https:\/\/friss-hirek.hu\/index.php\/wp-json\/wp\/v2\/types\/post"}],"author":[{"embeddable":true,"href":"https:\/\/friss-hirek.hu\/index.php\/wp-json\/wp\/v2\/users\/1"}],"replies":[{"embeddable":true,"href":"https:\/\/friss-hirek.hu\/index.php\/wp-json\/wp\/v2\/comments?post=171167"}],"version-history":[{"count":0,"href":"https:\/\/friss-hirek.hu\/index.php\/wp-json\/wp\/v2\/posts\/171167\/revisions"}],"wp:attachment":[{"href":"https:\/\/friss-hirek.hu\/index.php\/wp-json\/wp\/v2\/media?parent=171167"}],"wp:term":[{"taxonomy":"category","embeddable":true,"href":"https:\/\/friss-hirek.hu\/index.php\/wp-json\/wp\/v2\/categories?post=171167"},{"taxonomy":"post_tag","embeddable":true,"href":"https:\/\/friss-hirek.hu\/index.php\/wp-json\/wp\/v2\/tags?post=171167"}],"curies":[{"name":"wp","href":"https:\/\/api.w.org\/{rel}","templated":true}]}}