{"id":171169,"date":"2026-09-04T05:13:03","date_gmt":"2026-09-04T05:13:03","guid":{"rendered":"https:\/\/friss-hirek.hu\/index.php\/ertem-en-hogy-rengeteg-a-kormany-tennivaloja-de-ezen-eletek-mulnak-felnotteke-gyerekeke-van-iskola-ahol-mar-tananyag-dobray-sarolta-bantalmazasrol-szolo-regenye\/friss-hirek\/"},"modified":"2026-09-04T05:13:03","modified_gmt":"2026-09-04T05:13:03","slug":"ertem-en-hogy-rengeteg-a-kormany-tennivaloja-de-ezen-eletek-mulnak-felnotteke-gyerekeke-van-iskola-ahol-mar-tananyag-dobray-sarolta-bantalmazasrol-szolo-regenye","status":"publish","type":"post","link":"https:\/\/friss-hirek.hu\/index.php\/ertem-en-hogy-rengeteg-a-kormany-tennivaloja-de-ezen-eletek-mulnak-felnotteke-gyerekeke-van-iskola-ahol-mar-tananyag-dobray-sarolta-bantalmazasrol-szolo-regenye\/uzlet\/","title":{"rendered":"\u201e\u00c9rtem \u00e9n, hogy rengeteg a korm\u00e1ny tennival\u00f3ja, de ezen \u00e9letek m\u00falnak. Feln\u0151ttek\u00e9, gyerekek\u00e9\u201d \u2013 van iskola, ahol m\u00e1r tananyag Dobray Sarolta b\u00e1ntalmaz\u00e1sr\u00f3l sz\u00f3l\u00f3 reg\u00e9nye"},"content":{"rendered":"<p>\u201e<strong>Az utols\u00f3 ut\u00e1ni pillanatban vagyunk, hogy ez az eddig tot\u00e1lisan diszfunkcion\u00e1lisan, s\u0151t \u00e9letvesz\u00e9lyesen m\u0171k\u00f6d\u0151 rendszer megv\u00e1ltozzon, hogy v\u00e9gre val\u00f3ban meg tudja el\u0151zni a b\u00e1ntalmaz\u00e1st, vagy ha m\u00e1r zajlik, felismerje azt \u00e9s megv\u00e9dje az \u00e1ldozatokat\u201d \u2013 mondja Dobray Sarolta, aki az <em>\u00dcvegfal<\/em> ut\u00e1n a b\u00e1ntalmaz\u00f3 kapcsolatokr\u00f3l \u00edrta m\u00e1sodik reg\u00e9ny\u00e9t, a <em>L\u00e9n\u00e1t<\/em> is. Interj\u00fa a rejtett b\u00e1ntalmaz\u00e1s term\u00e9szetrajz\u00e1r\u00f3l, rossz ment\u00e1lis \u00e1llapotban l\u00e9v\u0151 tin\u00e9dzserekr\u0151l, a NER-r\u0151l, ami b\u00e1rmit megtehetett vel\u00fcnk, no meg Sarolta felszabad\u00edt\u00f3 t\u00e1nc\u00f3r\u00e1ir\u00f3l, ahol m\u00e9g Heged\u0171s Zsolt eg\u00e9szs\u00e9g\u00fcgyi miniszter koreogr\u00e1fi\u00e1j\u00e1t is megtanulj\u00e1k.<\/strong><\/p><div id=\"friss-1285516402\" class=\"friss-etarget friss-entity-placement\"><script type=\"text\/javascript\" id=\"etargetScript7a9b589f63cb072bef80df221f46a22b\">function etargetPostloadFunction7a9b589f63cb072bef80df221f46a22b(){var e=\"etargetPostload7a9b589f63cb072bef80df221f46a22b\",t=\"etargetScript7a9b589f63cb072bef80df221f46a22b\",o=document.getElementById(e);if(o){for(var n=o.offsetTop,d=o.offsetLeft,r=o.offsetWidth,a=o.offsetHeight;o.offsetParent;)o=o.offsetParent,n+=o.offsetTop,d+=o.offsetLeft;var i=(n<=window.pageYOffset+window.innerHeight&&d<window.pageXOffset+window.innerWidth&&n+a>window.pageYOffset&&d+r>window.pageXOffset);if(i&&etargetAllowOtherCheck){allowed=!1;var c=document.createElement(\"script\");return c.src=\"\/\/hu.search.etargetnet.com\/generic\/uni.php?g=ref:58661,area:700x210\",void(document.getElementById(t)&&document.getElementById(e)&&(document.getElementById(t).parentNode.appendChild(c),document.getElementById(t).parentNode.removeChild(document.getElementById(t)),document.getElementById(e).parentNode.removeChild(document.getElementById(e)),document.removeEventListener(\"scroll\",etargetPostloadFunction7a9b589f63cb072bef80df221f46a22b),document.removeEventListener(\"resize\",etargetPostloadFunction7a9b589f63cb072bef80df221f46a22b),document.removeEventListener(\"DOMContentLoaded\",etargetPostloadFunction7a9b589f63cb072bef80df221f46a22b)))}}}var etargetDivID=\"etargetPostload7a9b589f63cb072bef80df221f46a22b\",etargetScriptID=\"etargetScript7a9b589f63cb072bef80df221f46a22b\",etargetPostloadPoint=document.createElement(\"div\");etargetPostloadPoint.id=etargetDivID;var etargetCurScript=document.getElementById(etargetScriptID);etargetCurScript.parentNode.appendChild(etargetPostloadPoint),document.addEventListener(\"scroll\",etargetPostloadFunction7a9b589f63cb072bef80df221f46a22b),document.addEventListener(\"resize\",etargetPostloadFunction7a9b589f63cb072bef80df221f46a22b),document.addEventListener(\"DOMContentLoaded\",etargetPostloadFunction7a9b589f63cb072bef80df221f46a22b);var etargetAllowOtherCheck=!0;if(typeof(\"forceRunPostload\")==\"string\"){etargetPostloadFunction7a9b589f63cb072bef80df221f46a22b()}<\/script><\/div>\n<hr class=\"wp-block-separator has-alpha-channel-opacity\" \/>\n<figure class=\"wp-block-image aligncenter size-full is-resized\">\n<div class=\"photo-credit-wrapper\"><img decoding=\"async\" width=\"300\" height=\"286\" loading=\"lazy\" src=\"https:\/\/cdn.forbes.hu\/uploads\/2022\/07\/ilda-2.jpeg\" alt=\"\" class=\"wp-image-479318\" \/><\/div>\n<\/figure>\n<p><strong>Forbes.hu: P\u00e1r hete egy j\u00e1r\u00f3kel\u0151 k\u00f6zbel\u00e9pett \u00e9s rend\u0151rt h\u00edvott, amikor azt l\u00e1tta, hogy a Lehel t\u00e9ren egy f\u00e9rfi fojtogat egy n\u0151t, s\u0151t miut\u00e1n a szemtan\u00fa csal\u00f3dott Facebook-posztot \u00edrt arr\u00f3l, hogy a rend\u0151rs\u00e9g el\u0151sz\u00f6r elengedte a zaklat\u00f3t, m\u00e1snap m\u00e9gis letart\u00f3ztatt\u00e1k a f\u00e9rfit, az \u00e1ldozat pedig 0-24 \u00f3r\u00e1ban szem\u00e9lyv\u00e9delmet kapott. A civilek t\u00fcntet\u00e9st szerveznek az Isztambuli Egyezm\u00e9ny ratifik\u00e1l\u00e1s\u00e1\u00e9rt, s\u0151t a bel\u00fcgyminiszter is ki\u00e1llt, hogy kezdem\u00e9nyezi a kapcsolati er\u0151szak kezel\u00e9sben a szigor\u00edt\u00e1st. Tal\u00e1n javul a helyzet, t\u00f6bben mernek seg\u00edteni?<\/strong><\/p>\n<p><strong>Dobray Sarolta: <\/strong>Minden egyes eset, ami napvil\u00e1gra ker\u00fcl, seg\u00edts\u00e9g, pl\u00e1ne \u00edgy, hogy \u00e9rdemi l\u00e9p\u00e9st is tett a nyilv\u00e1noss\u00e1g hat\u00e1s\u00e1ra a rend\u0151rs\u00e9g. Nagyon j\u00f3, fontos p\u00e9lda a m\u00e1sik mell\u00e9 \u00e1ll\u00e1s, egym\u00e1s kez\u00e9nek a megfog\u00e1sa, az, hogy nem megyek el egy bajba jutott ember mellett sz\u00f3 n\u00e9lk\u00fcl m\u00e9g akkor sem, ha azt gondolom, hogy \u00e9rdemben nem tudok seg\u00edteni, \u00e9s hogy \u2013 mert ezt l\u00e1ttuk eddig \u2013 a hat\u00f3s\u00e1gok \u00fagysem csin\u00e1lnak majd semmit. Igenis mindig van \u00e9rtelme cselekedni \u00e9s megsz\u00f3lalni, m\u00e1r csak az\u00e9rt is, mert jelz\u00e9s a t\u00e1rsadalom \u00e9s a hat\u00f3s\u00e1gok fel\u00e9. Arr\u00f3l nem is besz\u00e9lve, milyen fantasztikus \u00e9s rem\u00e9nyteli \u00e9rz\u00e9s most l\u00e1tni, hogy a seg\u00e9lyk\u00e9r\u00e9s \u00e9s adott esetben a nyilv\u00e1noss\u00e1g el\u00e9 t\u00e1r\u00e1s m\u00e1r nem csak puszt\u00e1ba ki\u00e1ltott sz\u00f3.<\/p>\n<p>Mert sokan pr\u00f3b\u00e1ltak eddig is tenni valamit, rengeteg \u2013 k\u00edv\u00fclr\u0151l gyakran l\u00e1thatatlan \u2013 er\u0151fesz\u00edt\u00e9s t\u00f6rt\u00e9nik a b\u00e1ntalmazottak \u00e9s a k\u00f6zvetlen k\u00f6rnyezet\u00fck r\u00e9sz\u00e9r\u0151l is, csak h\u00e1t gyakran hi\u00e1ba. R\u00e1ad\u00e1sul akik ilyen helyzetben vannak, sokszor nem is mernek besz\u00e9lni arr\u00f3l, ami vel\u00fck t\u00f6rt\u00e9nik, hiszen azt tapasztalj\u00e1k, vagy sorst\u00e1rsakt\u00f3l egyenesen azt a figyelmeztet\u00e9st kapj\u00e1k, hogy ha az int\u00e9zm\u00e9nyrendszerhez, azaz a csal\u00e1dseg\u00edt\u0151h\u00f6z, a gy\u00e1mhat\u00f3s\u00e1ghoz, vagy ak\u00e1r a rend\u0151rs\u00e9ghez fordulnak, es\u00e9lyes, hogy csak m\u00e9g rosszabb helyzetbe ker\u00fclnek. Mondjuk megfenyegetik \u0151ket, hogy kiemelik a gyerekeket a csal\u00e1db\u00f3l, ahelyett, hogy a b\u00e1ntalmaz\u00f3t emeln\u00e9k ki onnan.<\/p>\n<blockquote class=\"wp-block-quote is-layout-flow wp-block-quote-is-layout-flow\">\n<p>Az utols\u00f3 ut\u00e1ni pillanatban vagyunk, hogy ez az eddig tot\u00e1lisan diszfunkcion\u00e1lisan, \u00e9s ez\u00e9rt helyenk\u00e9nt sz\u00f3 szerint \u00e9letvesz\u00e9lyesen m\u0171k\u00f6d\u0151 rendszer megv\u00e1ltozzon. Hogy v\u00e9gre val\u00f3ban meg tudja el\u0151zni a b\u00e1ntalmaz\u00e1st, vagy ha m\u00e1r zajlik, felismerje azt, \u00e9s megv\u00e9dje az \u00e1ldozatokat.<\/p>\n<\/blockquote>\n<div class=\"related-post-links\">\n<p>\t\t<span class=\"related-post-links__title minititle\">T\u00f6bb ebb\u0151l<\/span><\/p>\n<div class=\"related-post-links__link-wrapper\">\n\t\t\t\t<a href=\"https:\/\/www.forbes.hu\/a-jo-elet\/tompa-andrea-regeny-homofobia-hatalom-besugo\/\" class=\"related-post-links__link\">Tompa Andrea: Ha a reg\u00e9ny szerepl\u0151i csak k\u00e9t oldalon \u00e1t t\u00e1ncolnak vagy festenek, nem fogod elhinni, hogy a szabads\u00e1g\u00e9rt teszik<\/a>\n\t\t\t<\/div>\n<div class=\"related-post-links__link-wrapper\">\n\t\t\t\t<a href=\"https:\/\/www.forbes.hu\/napi-cimlap\/banki-gyorgy-pszichiater-ner-terapia-szuverenitasvedelmi-hivatal\/\" class=\"related-post-links__link\">K\u00f6sz\u00f6n\u00f6m sz\u00e9pen, \u00e9n biztosan nem k\u00e9rem, hogy bizonyos Antal \u00e9s csapata meg\u00edt\u00e9lje, milyen \u00e1llampolg\u00e1r vagyok!<\/a>\n\t\t\t<\/div>\n<div class=\"related-post-links__link-wrapper\">\n\t\t\t\t<a href=\"https:\/\/www.forbes.hu\/a-jo-elet\/1400-kilometert-tekert-hogy-feldolgozza-edesanyja-halalat-a-szinpadon-folytatja-sajatos-modellben-most-epp-peterfy-borival\/\" class=\"related-post-links__link\">1400 kilom\u00e9tert tekert, hogy feldolgozza \u00e9desanyja hal\u00e1l\u00e1t \u2013 a sz\u00ednpadon folytatja, saj\u00e1tos modellben, most \u00e9pp P\u00e9terfy Borival<\/a>\n\t\t\t<\/div>\n<\/div>\n<p>Bizakod\u00f3 vagyok a bel\u00fcgyminiszter kijelent\u00e9se ut\u00e1n, de k\u00f6zben t\u00fcrelmetlen is, hiszen a n\u0151k elleni \u00e9s a csal\u00e1don bel\u00fcli er\u0151szak megel\u0151z\u00e9s\u00e9r\u0151l sz\u00f3l\u00f3 Isztambuli Egyezm\u00e9nyt a mai napig nem ratifik\u00e1lt\u00e1k, noha az meglep\u0151 pontoss\u00e1ggal tartalmazza a sz\u00fcks\u00e9ges l\u00e9p\u00e9seket a jogszab\u00e1lyalkot\u00e1s, a megel\u0151z\u00e9s, az oktat\u00e1s, az \u00e1ldozatv\u00e9delmi int\u00e9zm\u00e9nyrendszer, a hat\u00e9kony rend\u0151rs\u00e9gi \u00e9s b\u00edr\u00f3s\u00e1gi fell\u00e9p\u00e9s \u00e9s mindenf\u00e9le egy\u00e9b tekintet\u00e9ben. <\/p>\n<blockquote class=\"wp-block-quote is-layout-flow wp-block-quote-is-layout-flow\">\n<p>\u00c9rtem \u00e9n, hogy rengeteg a korm\u00e1ny tennival\u00f3ja, sok fontos ter\u00fcleten m\u00e1r el is indultak a v\u00e1ltoz\u00e1sok, ami fantasztikus, de ezen \u00e9letek m\u00falnak. Feln\u0151ttek\u00e9, gyerekek\u00e9. Nincs t\u00f6bb id\u0151nk v\u00e1rni.<\/p>\n<\/blockquote>\n<p>Sajnos m\u00e9g ma is az jellemz\u0151, hogy egy \u00fcgy kimenete az adott rend\u0151r, csal\u00e1dseg\u00edt\u0151s vagy gy\u00e1mhat\u00f3s\u00e1gi \u00fcgyint\u00e9z\u0151, b\u00edr\u00f3 szem\u00e9ly\u00e9t\u0151l f\u00fcgg legink\u00e1bb. Att\u00f3l, hogy az illet\u0151 mennyire ismeri a b\u00e1ntalmaz\u00e1s l\u00e9nyeg\u00e9t, meg tudja-e egy\u00e1ltal\u00e1n k\u00fcl\u00f6nb\u00f6ztetni ut\u00f3bbi dinamik\u00e1t rossz, b\u00e1nt\u00e1sokkal teli, de egyenrang\u00fa kapcsolatt\u00f3l, \u00e9s tiszt\u00e1ban van-e vele, hogy a kett\u0151t tot\u00e1lisan m\u00e1sk\u00e9pp kell kezelnie. R\u00e1ad\u00e1sul aki nem ismeri a b\u00e1ntalmaz\u00e1s sokszor igen kacif\u00e1ntos \u00e9s tr\u00fckk\u00f6s term\u00e9szetrajz\u00e1t \u2013 legyen \u0151 az int\u00e9zm\u00e9nyrendszer dolgoz\u00f3ja, ak\u00e1r csal\u00e1dtag vagy bar\u00e1t \u2013, k\u00f6nnyen ben\u00e9zi a val\u00f3s fel\u00e1ll\u00e1st, azaz sim\u00e1n megvezethet\u0151 a mag\u00e1t legt\u00f6bb esetben \u00e1ldozatnak be\u00e1ll\u00edt\u00f3 b\u00e1ntalmaz\u00f3 \u00e1ltal. Ez is sok trag\u00e9di\u00e1t eredm\u00e9nyezett m\u00e1r.<\/p>\n<figure class=\"wp-block-image size-large\">\n<div class=\"photo-credit-wrapper\"><img decoding=\"async\" loading=\"lazy\" src=\"https:\/\/cdn.forbes.hu\/uploads\/2026\/09\/SL0_2494-scaled.webp?r=eyJ3IjoxNTAwLCJxIjo5MCwicyI6ImpwZyJ9\" alt=\"\" class=\"wp-image-799765\" \/>\n<div class=\"photo-credit\">\n            <img decoding=\"async\" loading=\"lazy\" class=\"photo-credit__icon\" src=\"https:\/\/www.forbes.hu\/wp-content\/themes\/frontend\/atoms\/photo-credit\/icon-info.svg\" alt=\"info\" \/><br \/>\n            <span class=\"photo-credit__label\">Dobray Sarolta<\/span>\n        <\/div>\n<\/div><figcaption class=\"wp-element-caption\">Dobray Sarolta. Fot\u00f3: Sebesty\u00e9n L\u00e1szl\u00f3\/Forbes.hu<\/figcaption><\/figure>\n<div class=\"highlighted-text\">\n<p>\t\t<span class=\"highlighted-text__title minititle\">Err\u0151l sz\u00f3l m\u00e9g az interj\u00fa<\/span><\/p>\n<div class=\"highlighted-text__content\">\n<ul>\n<li>Megk\u00e9rdezte-e m\u00e1r Sarolt\u00e1t b\u00e1rmelyik hat\u00f3s\u00e1g, hogy mit l\u00e1tsz, mivel lehetne legink\u00e1bb seg\u00edteni az \u00e9rintetteknek?<\/li>\n<li>Mi\u00e9rt olyan neh\u00e9z felismerni egy b\u00e1ntalmaz\u00f3 kapcsolatot?<\/li>\n<li>Mit\u0151l olyan rossz a mai fiatalok ment\u00e1lis \u00e1llapota?<\/li>\n<li>Mi\u00e9rt felszabad\u00edt\u00f3k a t\u00e1nc\u00f3r\u00e1k?<\/li>\n<\/ul><\/div>\n<\/div>\n<div class=\"post-content-soft-paywall\">\n<p><strong>Az <em>\u00dcvegfal<\/em> \u00e9s a <em>L\u00e9na<\/em> c\u00edm\u0171 reg\u00e9nyeiddel szinte szak\u00e9rt\u0151je lett\u00e9l a b\u00e1ntalmaz\u00e1snak, m\u00e9gpedig nem els\u0151sorban a fizikainak, hanem a rejtettnek. Megk\u00e9rdezett esetleg b\u00e1rki, b\u00e1rmelyik hat\u00f3s\u00e1g, hogy mit l\u00e1tsz, mivel lehetne legink\u00e1bb seg\u00edteni az \u00e9rintetteknek?<\/strong><\/p>\n<p>Hivatalosan nem, de p\u00e9ld\u00e1ul az el\u0151ad\u00e1sunk ut\u00e1n (B\u00e1nki Gy\u00f6rgy pszichi\u00e1terrel k\u00e9tszem\u00e9lyes irodalmi-pszichol\u00f3giai estjeikkel, a k\u00e9t reg\u00e9ny ment\u00e9n fel\u00e9p\u00edtett <em>Ha szeretsz, mi\u00e9rt nem szeretsz,<\/em> illetve a <em>Ki\u00fat a b\u00e1ntalmaz\u00e1sb\u00f3l <\/em>c\u00edm\u0171vel j\u00e1rj\u00e1k az orsz\u00e1got <em>\u2013 a szerk.) <\/em>a k\u00f6z\u00f6ns\u00e9gb\u0151l sokszor olyanok is odaj\u00f6nnek hozz\u00e1nk, akik az int\u00e9zm\u00e9nyrendszerben dolgoznak, csal\u00e1dseg\u00edt\u0151, gy\u00e1mhat\u00f3s\u00e1gi \u00fcgyint\u00e9z\u0151k, csal\u00e1djogi b\u00edr\u00f3k, rend\u0151r\u00f6k igazs\u00e1g\u00fcgyi szak\u00e9rt\u0151k, \u00e9s bizony el\u0151fordul, hogy elmondj\u00e1k: az el\u0151ad\u00e1s vagy a k\u00f6nyveim elolvas\u00e1sa ut\u00e1n elkezdt\u00e9k m\u00e1sk\u00e9pp l\u00e1tni az \u00fcgyet, amivel \u00e9ppen foglalkoznak.<\/p>\n<p>T\u00f6bbsz\u00f6r \u00edrt\u00e1k m\u00e1r nekem azt is, hogy jaj, de j\u00f3 lenne, ha ez a k\u00e9t reg\u00e9ny k\u00f6telez\u0151 tananyag lenne az iskol\u00e1kban. Egy gimn\u00e1ziumot m\u00e1r tudok, ahol a tizedikeseknek k\u00f6telez\u0151 olvasm\u00e1nynak adj\u00e1k fel az <em>\u00dcvegfalat<\/em>, persze nem \u00e1llami suli. De sokszor hallom pszichol\u00f3gusokt\u00f3l \u00e9s \u00e1ldozatseg\u00edt\u0151 szervezetekn\u00e9l dolgoz\u00f3kt\u00f3l is, hogy aj\u00e1nlj\u00e1k a klienseiknek, most m\u00e1r a <em>L\u00e9n\u00e1val<\/em> egy\u00fctt.<\/p>\n<p><strong>Az <em>\u00dcvegfalban<\/em> m\u00e9g k\u00e9t szemsz\u00f6gb\u0151l \u00edrod le a t\u00f6rt\u00e9nteket, L\u00e9na \u00e9s f\u00e9rje, a b\u00e1ntalmaz\u00f3 szemsz\u00f6g\u00e9b\u0151l, a mostaniban, a <em>L\u00e9n\u00e1ban<\/em> viszont kiz\u00e1r\u00f3lag L\u00e9na oldal\u00e1r\u00f3l, r\u00e1ad\u00e1sul egyes sz\u00e1m els\u0151 szem\u00e9lyben. Mi\u00e9rt v\u00e1ltott\u00e1l?\u00a0<\/strong><\/p>\n<p>A b\u00e1ntalmaz\u00f3 kapcsolatok dinamik\u00e1ja nagyon hasonl\u00f3, b\u00e1rmilyen kapcsolati szintr\u0151l is legyen sz\u00f3, ak\u00e1r p\u00e1rkapcsolatban, ak\u00e1r az \u00e1llam \u00e9s az emberek viszony\u00e1ban, ak\u00e1r p\u00e9ld\u00e1ul sz\u00fcl\u0151 \u00e9s gyerek k\u00f6z\u00f6tt. Mindenhol jellemz\u0151, hogy am\u00edg a felismer\u00e9s \u00e9s a kimond\u00e1s nem sz\u00fcletik meg \u2013 amihez gyakran nagyon hossz\u00fa \u00e9vek, ak\u00e1r \u00e9vtizedek kellenek \u2013, addig a b\u00e1ntalmazott f\u00e9l \u00e1lland\u00f3an a m\u00e1sik fej\u00e9vel pr\u00f3b\u00e1l gondolkodni. Fokozatosan elvesz\u00edti a saj\u00e1t szemsz\u00f6g\u00e9t, ahogy azt a hit\u00e9t is, hogy egy\u00e1ltal\u00e1n van saj\u00e1t val\u00f3s\u00e1ga, hiszen folyamatosan annak a l\u00e9tez\u00e9s\u00e9ben bizony\u00edtj\u00e1k el. <\/p>\n<blockquote class=\"wp-block-quote is-layout-flow wp-block-quote-is-layout-flow\">\n<p>Ez\u00e9rt m\u00e1r fel sem teszi mag\u00e1nak a k\u00e9rd\u00e9st, amit egy eg\u00e9szs\u00e9ges \u00f6n\u00e9rt\u00e9kel\u00e9s\u0171 ember feltesz: hogy \u0151 maga mit akar val\u00f3j\u00e1ban. Hogy \u0151 hogyan is szeretne \u00e9lni. <\/p>\n<\/blockquote>\n<p>Lassan elhiszi ugyanis, amit elhitetnek vele: hogy igaz\u00e1b\u00f3l nincs is joga feltenni mag\u00e1nak ezeket a k\u00e9rd\u00e9seket. Hogy semmihez nincs igaz\u00e1b\u00f3l joga, amihez a m\u00e1siknak van. Ez\u00e9rt is \u00e9reztem adekv\u00e1tnak az els\u0151 reg\u00e9nyben a kett\u0151s szemsz\u00f6get. R\u00e1ad\u00e1sul olyan sokszor mer\u00fclt fel, hogy ok\u00e9, azt egyre t\u00f6bbet vizsg\u00e1ljuk, hogy mit \u00e9l meg egy b\u00e1ntalmazott, de mi van a b\u00e1ntalmaz\u00f3 fej\u00e9ben \u00e9s lelk\u00e9ben? Mi\u00e9rt csin\u00e1lja, azt, amit csin\u00e1l? Mert \u00e9lvezi, hogy k\u00ednozhat, vagy \u0151 is szenved? Mi\u00e9rt borul ki, ha a m\u00e1sik j\u00f3l van, mik\u00f6zben k\u00f6nnyes szemmel bizonygatja, hogy mennyire szereti? Nagyon izgalmasnak tartottam megn\u00e9zni azt az<br \/>oldalt is.<\/p>\n<blockquote class=\"wp-block-quote is-layout-flow wp-block-quote-is-layout-flow\">\n<p>Viszont amikor v\u00e9gre megsz\u00fcletik a felismer\u00e9s, \u00e9s az ember r\u00e1d\u00f6bben, hogy miben is \u00e9l, hogy nem \u0151 a bolond \u00e9s a b\u0171n\u00f6s, ahogy addig elhitett\u00e9k vele, akkor j\u00f3 esetben elkezd\u0151dik a k\u00f6vetkez\u0151 szakasz: a szabadul\u00e1s\u00e9. <\/p>\n<\/blockquote>\n<p>Csakhogy ez a r\u00e9sz gyakran m\u00e9g az el\u0151z\u0151n\u00e9l is kem\u00e9nyebb, tele buktat\u00f3kkal, m\u00e1r csak az\u00e9rt is, mert t\u00f6bbnyire ilyenkor indul be a b\u00e1ntalmaz\u00f3i bossz\u00fahadj\u00e1rat, ak\u00e1r a k\u00f6z\u00f6s gyerekek felhaszn\u00e1l\u00e1s\u00e1val. Sokan nem gondoln\u00e1k, hogy ennek a szakasznak \u00e9s a gy\u00f3gyul\u00e1snak az egyik legalapvet\u0151bb feladata, hogy az ember elkezdje visszaszerezni a saj\u00e1t val\u00f3s\u00e1g\u00e1hoz val\u00f3 jog\u00e1t, megtanuljon \u00fajra egyes sz\u00e1m els\u0151 szem\u00e9lyben gondolkodni, \u00e9s ha k\u00fczdelmesen \u00e9s sz\u00e9llel szemben is, de lassan visszaszerezze a saj\u00e1t narrat\u00edv\u00e1j\u00e1t. Hogy ez a szabads\u00e1g egyik kulcsa. A <em>L\u00e9na<\/em> tulajdonk\u00e9ppen err\u0151l sz\u00f3l. Ez\u00e9rt is nem haszn\u00e1ltam ott m\u00e1r a m\u00e1sik hangot.<\/p>\n<figure class=\"wp-block-image size-large\">\n<div class=\"photo-credit-wrapper\"><img decoding=\"async\" loading=\"lazy\" src=\"https:\/\/cdn.forbes.hu\/uploads\/2026\/09\/SL0_2467-scaled.webp?r=eyJ3IjoxNTAwLCJxIjo5MCwicyI6ImpwZyJ9\" alt=\"\" class=\"wp-image-799772\" \/>\n<div class=\"photo-credit\">\n            <img decoding=\"async\" loading=\"lazy\" class=\"photo-credit__icon\" src=\"https:\/\/www.forbes.hu\/wp-content\/themes\/frontend\/atoms\/photo-credit\/icon-info.svg\" alt=\"info\" \/><br \/>\n            <span class=\"photo-credit__label\">Dobray Sarolta<\/span>\n        <\/div>\n<\/div><figcaption class=\"wp-element-caption\">Dobray Sarolta. Fot\u00f3: Sebesty\u00e9n L\u00e1szl\u00f3\/Forbes.hu<\/figcaption><\/figure>\n<p><strong>De mi\u00e9rt annyira neh\u00e9z felismerni, hogy valakit \u00e9vek \u00f3ta b\u00e1ntalmaznak?<\/strong><\/p>\n<p>Ez a dolog ritk\u00e1n kezd\u0151dik \u00fagy, hogy egyszer csak t\u00f6rt\u00e9nik valami eg\u00e9szen nyilv\u00e1nval\u00f3an elfogadhatatlan. Sokkal alattomosabban \u00e9p\u00fcl fel. El\u0151sz\u00f6r csak egy-egy megjegyz\u00e9s, egy kis kontroll, f\u00e9lt\u00e9kenys\u00e9g, sz\u00e1monk\u00e9r\u00e9s, persze a szeretet, a szerelem, a f\u00e9lt\u00e9s \u00e1lruh\u00e1j\u00e1ba csomagolva, azt\u00e1n ezek sz\u00e9pen lassan v\u00e1lnak a kapcsolat term\u00e9szetes \u00e9s egyre meghat\u00e1roz\u00f3bb r\u00e9sz\u00e9v\u00e9.<\/p>\n<p>Amikor benne vagy egy b\u00e1ntalmaz\u00f3 kapcsolatban, id\u0151 kell, hogy felismerd a visszat\u00e9r\u0151, jellemz\u0151 mint\u00e1zatokat, a kommunik\u00e1ci\u00f3s m\u00f3dszereket, \u00e9s azt is, hogy milyen helyzetekben j\u00f6nnek a zsigeri testi \u00e9rzetek: a l\u00e9gszomj, a gyomorszor\u00edt\u00e1s, az \u00e1lland\u00f3 k\u00e9szenl\u00e9t. Sokszor a tested m\u00e1r pontosan tudja, hogy valami nincs rendben, mik\u00f6zben fejben m\u00e9g pr\u00f3b\u00e1lod megmagyar\u00e1zni magadnak, hogy biztosan te reag\u00e1lod t\u00fal, te \u00e9rtetted f\u00e9lre, te hib\u00e1zt\u00e1l.<\/p>\n<figure class=\"wp-block-image size-large\">\n<div class=\"photo-credit-wrapper\"><img decoding=\"async\" loading=\"lazy\" src=\"https:\/\/cdn.forbes.hu\/uploads\/2026\/09\/SL0_2441-scaled.webp?r=eyJ3IjoxNTAwLCJxIjo5MCwicyI6ImpwZyJ9\" alt=\"\" class=\"wp-image-799766\" \/>\n<div class=\"photo-credit\">\n            <img decoding=\"async\" loading=\"lazy\" class=\"photo-credit__icon\" src=\"https:\/\/www.forbes.hu\/wp-content\/themes\/frontend\/atoms\/photo-credit\/icon-info.svg\" alt=\"info\" \/><br \/>\n            <span class=\"photo-credit__label\">Dobray Sarolta<\/span>\n        <\/div>\n<\/div><figcaption class=\"wp-element-caption\">Dobray Sarolta. Fot\u00f3: Sebesty\u00e9n L\u00e1szl\u00f3\/Forbes.hu<\/figcaption><\/figure>\n<p>Van egy m\u00e1sik nagyon fontos dolog: a b\u00e1ntalmaz\u00f3 fokozatosan \u00e1t\u00edrja azt is, ahogyan az \u00e1ldozat mag\u00e1t l\u00e1tja. Ha valakit el\u00e9gszer mondanak t\u00fal\u00e9rz\u00e9kenynek, hisztisnek, alkalmatlannak vagy hib\u00e1snak, egy id\u0151 ut\u00e1n m\u00e1r nem felt\u00e9tlen\u00fcl k\u00edv\u00fclr\u0151l \u00e9rkez\u0151 kritikak\u00e9nt hallja ezeket, hanem elkezdi bel\u00fclr\u0151l is \u00edgy l\u00e1tni mag\u00e1t. <\/p>\n<blockquote class=\"wp-block-quote is-layout-flow wp-block-quote-is-layout-flow\">\n<p>Ett\u0151l is lesz olyan neh\u00e9z kil\u00e9pni, hiszen nemcsak a m\u00e1sik embert\u0151l kellene elszakadnia, hanem att\u00f3l a k\u00e9pt\u0151l is, amit a m\u00e1sik hossz\u00fa id\u0151 alatt kialak\u00edtott benne mag\u00e1r\u00f3l.<\/p>\n<\/blockquote>\n<p>A b\u00e1ntalmaz\u00f3k r\u00e1ad\u00e1sul t\u00e9nyleg nagyon \u00fcgyesen \u00e9s sikeresen k\u00e9pesek magukat \u00e1ldozatnak be\u00e1ll\u00edtani. Kifel\u00e9 gyakran kedves, intelligens, meggy\u0151z\u0151, s\u0151t kifejezetten szerethet\u0151 embernek t\u0171nnek. Az \u00e1ldozat pedig k\u00f6zben egyre kev\u00e9sb\u00e9 tudja elmondani, mi t\u00f6rt\u00e9nik vele, mert m\u00e1r \u0151 maga sem biztos benne, hogy j\u00f3l l\u00e1tja-e a helyzetet. Mire kimondja, hogy \u201eez b\u00e1ntalmaz\u00e1s\u201d, sokszor hossz\u00fa \u00e9vek teltek el. L\u00e9n\u00e1nak ez a reg\u00e9nyben t\u00edz \u00e9v.<\/p>\n<p>Gondolj bele, amikor benne voltunk a NER-ben: v\u00e9gig azt az \u00fczenetet tolt\u00e1k r\u00e1nk, hogy b\u00e1rmit megtehetnek, senki ne gondolja, hogy azzal valami baj van. V\u00e9gig az j\u00f6tt a b\u00e1ntalmazott t\u00e1rsadalom fel\u00e9, hogy megcsin\u00e1lhatj\u00e1k vel\u00fcnk k\u00f6vetkezm\u00e9nyek n\u00e9lk\u00fcl, amit megcsin\u00e1ltak. \u00c9s tal\u00e1n ez a legvesz\u00e9lyesebb r\u00e9sze minden b\u00e1ntalmaz\u00f3 dinamik\u00e1nak: amikor m\u00e1r nemcsak azt pr\u00f3b\u00e1lj\u00e1k elhitetni veled, hogy amit tesznek, az rendben van, hanem azt is, hogy neked nincs jogod m\u00e1sk\u00e9pp gondolni.<\/p>\n<p>Mert ha m\u00e1sk\u00e9pp gondolod, pl\u00e1ne, ha ennek hangot is adsz, akkor hirtelen te leszel a b\u0171n\u00f6s, az agressz\u00edv, s\u0151t, a b\u00e1ntalmaz\u00f3. R\u00f3lad fognak b\u00e1rmit hazudni. A b\u00e1ntalmaz\u00f3 \u2013 ahogy a bukott hatalom is tette \u2013 mindig kisaj\u00e1t\u00edtja a val\u00f3s\u00e1ghoz val\u00f3 kiz\u00e1r\u00f3lagos jogot. Magyarul egy ilyen fel\u00e1ll\u00e1sban soha nem az sz\u00e1m\u00edt, hogy val\u00f3j\u00e1ban mi az igazs\u00e1g, hanem hogy ki saj\u00e1t\u00edtja ki r\u00e1 hatalmi helyzetb\u0151l a jogot.<\/p>\n<p><strong>A k\u00f6nyvedben a pszichol\u00f3gus sem tud seg\u00edteni, r\u00e1ad\u00e1sul p\u00e1rter\u00e1pi\u00e1val \u00e9s medi\u00e1ci\u00f3val is pr\u00f3b\u00e1lkozik a h\u00e1zasp\u00e1r, ez szokott megold\u00e1st hozni?<\/strong><\/p>\n<p>A p\u00e1rter\u00e1pia \u00e9s a medi\u00e1ci\u00f3 ilyen esetekben vesz\u00e9lyes terep. El\u0151bbin\u00e9l fontos, hogy a terapeuta nagyon k\u00e9pzett legyen ebben a t\u00e9mak\u00f6rben, k\u00fcl\u00f6nben k\u00f6nnyen \u00e1rt t\u00f6bbet, mint haszn\u00e1l. Medi\u00e1ci\u00f3ra pedig egyenesen tilos lenne k\u00f6telezni a feleket b\u00e1ntalmaz\u00e1s eset\u00e9n, ezt am\u00fagy az Isztambuli Egyezm\u00e9ny is kimondja. Magyarorsz\u00e1gon m\u00e9gis gyakran el\u0151fordul b\u00edr\u00f3s\u00e1gok r\u00e9sz\u00e9r\u0151l, holott ez a m\u00f3dszer csak egyenrang\u00fa kapcsolatban m\u0171k\u00f6dhet, itt viszont hatalmi egyenl\u0151tlens\u00e9g van. Ilyenkor a medi\u00e1ci\u00f3 kifejezetten k\u00e1ros, \u00e9s m\u00e9g kiszolg\u00e1ltatottabb helyzetbe hozhatja a b\u00e1ntalmazottat.<\/p>\n<blockquote class=\"wp-block-quote is-layout-flow wp-block-quote-is-layout-flow\">\n<p>A pszichol\u00f3gus vagy pszichi\u00e1ter sokat tud seg\u00edteni, csod\u00e1latos is lenne, ha mindenki alanyi<br \/>jogon megkapn\u00e1 ezt a t\u00e1mogat\u00e1st. <\/p>\n<\/blockquote>\n<p>De mint tudjuk, az \u00e1llami ell\u00e1t\u00f3rendszer egyel\u0151re nem alkalmas erre, a priv\u00e1t ter\u00e1pi\u00e1t meg csak egy sz\u0171k r\u00e9teg engedheti meg mag\u00e1nak. Nyilv\u00e1n ezek a szakemberek sem tudnak azonnali v\u00e1laszt, megold\u00e1st adni. Gyakran hossz\u00fa folyamat, am\u00edg egy b\u00e1ntalmazott eljut oda, hogy pszich\u00e9sen, lelkileg, logisztikailag, egzisztenci\u00e1lisan k\u00e9sznek \u00e9rezze mag\u00e1t arra, hogy l\u00e9pjen. R\u00e1ad\u00e1sul ezekben a kapcsolatokban a b\u00e1ntalmaz\u00f3 mindent megtesz az\u00e9rt, hogy f\u00fcgg\u00e9sben tartsa a p\u00e1rj\u00e1t mag\u00e1t\u00f3l \u00e9s a kapcsolatt\u00f3l. Mondjuk anyagilag \u00fagy int\u00e9zi a dolgokat, hogy a n\u0151 ne tudjon egyszer\u0171en kil\u00e9pni, vagy ha l\u00e9p is, akkor ott lehetetlen\u00edti el, ahol csak \u00e9ri. Egzisztenci\u00e1lisan, pszich\u00e9sen, fizikailag, mindenhogy.<\/p>\n<figure class=\"wp-block-image size-large\">\n<div class=\"photo-credit-wrapper\"><img decoding=\"async\" loading=\"lazy\" src=\"https:\/\/cdn.forbes.hu\/uploads\/2026\/09\/SL0_2543-1-scaled.webp?r=eyJ3IjoxNTAwLCJxIjo5MCwicyI6ImpwZyJ9\" alt=\"\" class=\"wp-image-799773\" \/>\n<div class=\"photo-credit\">\n            <img decoding=\"async\" loading=\"lazy\" class=\"photo-credit__icon\" src=\"https:\/\/www.forbes.hu\/wp-content\/themes\/frontend\/atoms\/photo-credit\/icon-info.svg\" alt=\"info\" \/><br \/>\n            <span class=\"photo-credit__label\">Dobray Sarolta<\/span>\n        <\/div>\n<\/div><figcaption class=\"wp-element-caption\">Dobray Sarolta. Fot\u00f3: Sebesty\u00e9n L\u00e1szl\u00f3\/Forbes.hu<\/figcaption><\/figure>\n<p><strong>Amikor elmentem az egyik el\u0151ad\u00e1sotokra, \u00e9s a sz\u00ednpadon arr\u00f3l besz\u00e9ltek, hogy az <em>\u00dcvegfal<\/em>-beli b\u00e1ntalmaz\u00f3 kapcsolat egyik gyan\u00fas eleme, amikor P\u00e9ter \u00e1ttereget L\u00e9na ut\u00e1n, akkor a n\u00e9z\u0151t\u00e9ren elkezdtek egyesek zizegni. Azt\u00e1n meg is nyugtatt\u00e1tok a k\u00f6z\u00f6ns\u00e9get, hogy ez \u00f6nmag\u00e1ban m\u00e9g nem jelent bajt. Milyen reakci\u00f3kat tapasztaltok az el\u0151ad\u00e1s k\u00f6zben?<\/strong><\/p>\n<p>Sok a k\u00f6nny, az orrf\u00faj\u00e1s. A felismer\u00e9s. De nem egyszer l\u00e1ttunk olyat is, hogy ott \u00fcl egy-egy p\u00e1r a n\u00e9z\u0151t\u00e9ren, a n\u0151 nagyon figyel, id\u0151nk\u00e9nt jelent\u0151s\u00e9gteljesen, vagy \u00e9pp \u00f3vatosan a f\u00e9rfira n\u00e9z, aki egyre l\u00e1tv\u00e1nyosabban \u00e9s fesz\u00fcltebben nyomkodja a telefonj\u00e1t, m\u00e9g v\u00e9letlen\u00fcl sem figyel oda, majd r\u00e1teszi a karj\u00e1t a n\u0151\u00e9re, \u00e9s kivezeti az el\u0151ad\u00e1sr\u00f3l.<\/p>\n<blockquote class=\"wp-block-quote is-layout-flow wp-block-quote-is-layout-flow\">\n<p>Sokszor mondj\u00e1k el \u2013 f\u0151leg n\u0151k, de van, hogy f\u00e9rfiak is \u2013, hogy titokban j\u00f6ttek el, mert ha megtudn\u00e1 a p\u00e1rjuk, abb\u00f3l nagy baj lenne.<\/p>\n<\/blockquote>\n<p><strong>Mit jelent neked, hogy ezek a t\u00f6rt\u00e9netek nemcsak k\u00f6nyvk\u00e9nt, hanem sz\u00ednpadon is tov\u00e1bb \u00e9lnek? R\u00e1ad\u00e1sul a <em>L\u00e9n\u00e1t<\/em> a mostan\u00e1ban igencsak n\u00e9pszer\u0171 Loupe Sz\u00ednh\u00e1zi T\u00e1rsul\u00e1s viszi ebben az \u00e9vadban sz\u00ednpadra.<\/strong><\/p>\n<p>Ujjongtam, amikor Horv\u00e1th J\u00e1nos Antal felh\u00edvott, hogy mind a n\u00e9gyen \u2013 Lovas Rozival, Moln\u00e1r \u00c1ronnal \u00e9s Lengyel Tam\u00e1ssal \u2013 elolvast\u00e1k a reg\u00e9nyt, \u00e9s a legnagyobb egyet\u00e9rt\u00e9sben d\u00f6nt\u00f6tt\u00e9k el, hogy bemutatj\u00e1k. R\u00e1ad\u00e1sul \u00e9n adapt\u00e1lhatom sz\u00ednpadra. M\u00e1r megvan a r\u00e9szletes koncepci\u00f3, annyi biztos, hogy hat szerepl\u0151 lesz, L\u00e9n\u00e1t F\u00f6ldes Eszter j\u00e1tssza, P\u00e9tert Ruszn\u00e1k Andr\u00e1s. Az <em>\u00dcvegfalat<\/em> pedig \u00f6t\u00f6dik \u00e9ve j\u00e1tssza telt h\u00e1zakkal Gryllus Dorka \u00e9s Simon Korn\u00e9l, 130 el\u0151ad\u00e1s k\u00f6r\u00fcl j\u00e1rnak most. Sosem gondoltam volna, hogy ez lesz bel\u0151le! <\/p>\n<blockquote class=\"wp-block-quote is-layout-flow wp-block-quote-is-layout-flow\">\n<p>Egy\u00e9bk\u00e9nt film \u00fcgyben is vannak mozgol\u00f3d\u00e1sok, de persze az ut\u00f3bbi \u00e9vekben az nem volt Magyarorsz\u00e1gon k\u00f6nny\u0171 terep. Megl\u00e1tjuk.<\/p>\n<\/blockquote>\n<p>A sz\u00ednpadi adapt\u00e1ci\u00f3 biztosan m\u00e1s r\u00e9tegeket nyit majd meg, hiszen a reg\u00e9nyben sokszor el van kicsit magyar\u00e1zva a sorok k\u00f6z\u00f6tti t\u00e9r, p\u00e9ld\u00e1ul bels\u0151 monol\u00f3gokban, mik\u00f6zben egy sz\u00ednh\u00e1zi el\u0151ad\u00e1sban ezek t\u00f6bbnyire nem mond\u00f3dnak ki, hanem megt\u00f6rt\u00e9nnek, egy mozdulat, helyzet vagy \u00e9ppen cs\u00f6nd form\u00e1j\u00e1ban. \u00c9s persze nagyon intenz\u00edven kell s\u0171r\u00edteni. Bizonyos szempontb\u00f3l ut\u00f3bbit most gyakoroltam is kicsit, ugyanis most, hogy j\u00f6n az <em>\u00dcvegfal<\/em> harmadik kiad\u00e1sa az \u00faj kiad\u00f3mn\u00e1l (tavaly igazolt az Open Bookshoz, kor\u00e1bban a Scolarn\u00e1l jelentek meg a k\u00f6tetei <em>\u2013 a szerk.),<\/em> ez alkalomb\u00f3l el\u00e9g sokat h\u00faztam a sz\u00f6vegb\u0151l. Mondjuk \u00fagy, hogy meggy\u00f3gy\u00edtottam a gyerekbetegs\u00e9geit\u0151l. <em>(Nevet.)<\/em><\/p>\n<p>Ez volt az els\u0151 reg\u00e9nyem, \u00e9s olyankor el\u0151fordul, hogy a szerz\u0151 m\u00e9g nem igaz\u00e1n b\u00edzik sem mag\u00e1ban, sem az olvas\u00f3ban, ez\u00e9rt n\u00e9ha t\u00falmagyar\u00e1z. Nem hagyja eleget dolgozni, m\u0171k\u00f6dni az olvas\u00f3t. Amikor 2021-ben megjelent az <em>\u00dcvegfal<\/em>, t\u00f6bbeknek elk\u00fcldtem, t\u00f6bbek k\u00f6z\u00f6tt Szakonyi K\u00e1rolynak is, aki mindenf\u00e9le megtisztel\u0151 dics\u00e9ret mellett azt mondta: \u201eCsak m\u00e9g kicsit sok benne az \u00edr\u00f3i kisz\u00f3l\u00e1s, de azt \u00fagyis csiszolni fogja a j\u00f6v\u0151ben.\u201d<\/p>\n<blockquote class=\"wp-block-quote is-layout-flow wp-block-quote-is-layout-flow\">\n<p>A perfekcionizmuson k\u00edv\u00fcl am\u00fagy mindig durva imposztorszindr\u00f3m\u00e1val k\u00fczd\u00f6ttem, de mostan\u00e1ban n\u00e9ha m\u00e1r pironkod\u00e1s n\u00e9lk\u00fcl ki tudom mondani, hogy fontos dolgot hoztam l\u00e9tre, \u00e9s igenis \u00e9leteket ford\u00edtottak \u00e1t a reg\u00e9nyeim. \u00c9s h\u00e1t mit akarhat t\u00f6bbet, aki reg\u00e9nyt \u00edr, mint azt, hogy hasson \u00e9s v\u00e1ltoz\u00e1st hozzon?<\/p>\n<\/blockquote>\n<p><strong>Ahogy a tereget\u0151s sztori is mutatja, mik\u00f6zben a b\u00e1ntalmazottak m\u00e9g mindig alig rem\u00e9lhetnek seg\u00edts\u00e9get, kicsit mintha elkopott\u00e1 v\u00e1lt volna a b\u00e1ntalmaz\u00e1s kifejez\u00e9s. M\u00e9g sz\u00fcl\u0151-kamaszgyerek kapcsolatban is szinte mindennaposs\u00e1 v\u00e1lt.<\/strong><\/p>\n<p>Szerintem ez ennek az \u00e1tmeneti f\u00e1zisnak a saj\u00e1toss\u00e1ga \u00e9s neh\u00e9zs\u00e9ge. Iszony\u00fa sok\u00e1ig azt sem tudtuk, hogy l\u00e9tezik olyan b\u00e1ntalmaz\u00e1s, ami nem fizikai, most pedig n\u00e9ha akkor is \u00edgy nevezz\u00fck, amikor nem kellene. De val\u00f3sz\u00edn\u0171leg nem lehet m\u00e1sk\u00e9pp csin\u00e1lni: egy ideig t\u00fal hangosan kell besz\u00e9lni, hogy ezek a hangok egy\u00e1ltal\u00e1n elkezdjenek hallatsz\u00f3dni. Ahogy haladunk el\u0151re, rem\u00e9nyeim szerint \u00fagy fog be\u00e1llni egy \u00e1ltal\u00e1nos, norm\u00e1lis hangsz\u00edn \u00e9s hanger\u0151, amivel lehet err\u0151l besz\u00e9lni.<\/p>\n<blockquote class=\"wp-block-quote is-layout-flow wp-block-quote-is-layout-flow\">\n<p>\u00c9s k\u00f6zben nagyon fontos lenne, hogy megtanuljunk k\u00fcl\u00f6nbs\u00e9get tenni konfliktus \u00e9s b\u00e1ntalmaz\u00e1s k\u00f6z\u00f6tt.<\/p>\n<\/blockquote>\n<p>Ahogy egy p\u00e1rkapcsolatban, egy kamasz \u00e9s a sz\u00fcl\u0151je k\u00f6z\u00f6tt is teljesen term\u00e9szetes, hogy vannak \u00fctk\u00f6z\u00e9sek. Lehetnek nagy veszeked\u00e9sek, lehet d\u00fch, lehet ajt\u00f3csapkod\u00e1s is. Ett\u0151l m\u00e9g nem lesz valaki b\u00e1ntalmaz\u00f3 vagy b\u00e1ntalmazott. A mint\u00e1zatot kell n\u00e9zni: mi t\u00f6rt\u00e9nik \u00fajra \u00e9s \u00fajra, van-e f\u00e9lelem, kontroll, megal\u00e1z\u00e1s, kiszolg\u00e1ltatotts\u00e1g, \u00e9s marad-e a m\u00e1siknak val\u00f3di tere \u00f6nmag\u00e1nak lenni.<\/p>\n<p>Ugyanez a helyzet egy\u00e9bk\u00e9nt az elkergetett hatalommal kapcsolatban is. Sokan mondj\u00e1k, hogy mennyire sok az, ahogy \u00e1lland\u00f3an visszamutogat az \u00faj korm\u00e1ny, hogy \u00e1lland\u00f3an az el\u0151z\u0151 vezet\u0151k fej\u00e9re olvassa, hogy mit csin\u00e1ltak \u2013 m\u00e1s k\u00e9rd\u00e9s, hogy helyes-e, ha maga a minisztereln\u00f6k is olyan st\u00edlusban teszi ezt, amilyenben. De a b\u00e1ntalmaz\u00e1sb\u00f3l val\u00f3 gy\u00f3gyul\u00e1s hossz\u00fa folyamat\u00e1ban, amiben most ez a t\u00e1rsadalom is van, a d\u00fch igenis lehet eg\u00e9szs\u00e9ges reakci\u00f3. S\u0151t, sz\u00fcks\u00e9ges. Annak a kimond\u00e1sa, ak\u00e1r indulatosan, hogy ami vel\u00fcnk t\u00f6rt\u00e9nt, az nagyon nem ok\u00e9. Hogy \u00edme, ez a val\u00f3s\u00e1g, amit eddig elvettetek t\u0151l\u00fcnk. Hogy nem mi voltunk a bolondok.<\/p>\n<p>A gy\u00f3gyul\u00e1s egyik szakasza, hogy az ember kiengedheti \u00e9s megmutathatja \u2013 persze \u00e9szszer\u0171 keretek k\u00f6z\u00f6tt \u2013 a d\u00fch\u00e9t an\u00e9lk\u00fcl, hogy emiatt visszal\u00f6kn\u00e9k \u0151t a szakad\u00e9kba. Hogy kimondhatja, hogy ez rossz, ez nett\u00f3 b\u00e1ntalmaz\u00e1s, ezt t\u00f6bb\u00e9 nem hagyom. S\u0151t. \u00c9ppen az\u00e9rt, hogy ez soha t\u00f6bb\u00e9 ne t\u00f6rt\u00e9nhessen meg, gondoskodom r\u00f3la, hogy v\u00e9ge legyen az eddigi k\u00f6vetkezm\u00e9nyek n\u00e9lk\u00fclis\u00e9gnek. Most ennek van ideje, meg kell gy\u00f3gyulni, a gy\u00f3gyul\u00e1s minden furcsa, ambivalens f\u00e1zis\u00e1val egy\u00fctt, azt\u00e1n el lehet kezdeni norm\u00e1lisan \u00e9lni, \u00e9s viszonylag eg\u00e9szs\u00e9gesen, m\u00e1s sz\u00f3val \u00e1rnyaltan r\u00e1n\u00e9zni a probl\u00e9m\u00e1kra. Elviselni, hogy semmi<br \/>sem fekete vagy feh\u00e9r. <\/p>\n<blockquote class=\"wp-block-quote is-layout-flow wp-block-quote-is-layout-flow\">\n<p>Visszat\u00e9rve a mostani fiatalokra, a tin\u00e9dzserekre: nagyon sokan k\u00f6z\u00fcl\u00fck rettent\u0151 rossz \u00e1ltal\u00e1nos ment\u00e1lis \u00e1llapotban vannak. <\/p>\n<\/blockquote>\n<p>Nem csoda, hiszen kimutatt\u00e1k, hogy a feldolgozhatatlan mennyis\u00e9g\u0171 inform\u00e1ci\u00f3, ami r\u00e1juk z\u00fadul, az agy szerkezet\u00e9t is megv\u00e1ltoztathatja. \u00c9s \u0151k m\u00e1r ebbe sz\u00fclettek bele. De nyilv\u00e1n sok oka van a probl\u00e9m\u00e1nak. Semmik\u00e9pp sem j\u00f3, hogy sz\u00e9tt\u00f6redezetts\u00e9g jellemzi az \u0151 \u00e9let\u00fcket is, hogy alig van idej\u00fck igazi l\u00e9legzetv\u00e9telekre, ilyen k\u00f6r\u00fclm\u00e9nyek k\u00f6z\u00f6tt pedig neh\u00e9z megtanulni, mir\u0151l sz\u00f3l az igazi kapcsol\u00f3d\u00e1s. Hiszen m\u00e1r mi, feln\u0151ttek is b\u0151ven kezdj\u00fck elvesz\u00edteni a fonalat. De ett\u0151l \u0151k m\u00e9g egy\u00e1ltal\u00e1n nem h\u00fcly\u00e9k \u00e9s felel\u0151tlenek, ahogy sokan r\u00e1juk pr\u00f3b\u00e1lj\u00e1k s\u00fctni. Csak m\u00e1sok. A k\u00fczdelmeik mellett \u00e9n rengeteg b\u00f6lcsess\u00e9get, tiszt\u00e1nl\u00e1t\u00e1st \u00e9rzek benn\u00fck, \u00e9s nagy bizalommal vagyok fel\u00e9j\u00fck.<\/p>\n<figure class=\"wp-block-image size-large\">\n<div class=\"photo-credit-wrapper\"><img decoding=\"async\" loading=\"lazy\" src=\"https:\/\/cdn.forbes.hu\/uploads\/2026\/09\/SL0_2525-scaled.webp?r=eyJ3IjoxNTAwLCJxIjo5MCwicyI6ImpwZyJ9\" alt=\"\" class=\"wp-image-799769\" \/>\n<div class=\"photo-credit\">\n            <img decoding=\"async\" loading=\"lazy\" class=\"photo-credit__icon\" src=\"https:\/\/www.forbes.hu\/wp-content\/themes\/frontend\/atoms\/photo-credit\/icon-info.svg\" alt=\"info\" \/><br \/>\n            <span class=\"photo-credit__label\">Dobray Sarolta<\/span>\n        <\/div>\n<\/div><figcaption class=\"wp-element-caption\">Dobray Sarolta. Fot\u00f3: Sebesty\u00e9n L\u00e1szl\u00f3\/Forbes.hu<\/figcaption><\/figure>\n<p>Az ut\u00f3bbi tizenhat \u00e9v meg nyilv\u00e1n \u0151ket is \u00e9s a sz\u00fcleiket is megviselte, mik\u00f6zben nemcsak magyar, hanem vil\u00e1gjelens\u00e9g a megosztotts\u00e1g, az, hogy oldalakban gondolkodunk, holott meg kellene tanulnunk elfogadni a mieinkt\u0151l k\u00fcl\u00f6nb\u00f6z\u0151 n\u00e9z\u0151pontokat. Iszony\u00fa fontos lenne a k\u00f6z\u00f6ss\u00e9geinket \u00e9p\u00edteni \u00e9s er\u0151s\u00edteni, \u00fajra megtanulni az alapvet\u0151 embert\u00e1rsi szeretetet. Azt, hogy ne csak akkor vegy\u00fck \u00e9szre egym\u00e1st, amikor m\u00e1r nagy a baj. Sokkal t\u00f6bb k\u00f6z\u00f6s van benn\u00fcnk, mint hinn\u00e9nk.<\/p>\n<p><strong>A t\u00e1nc\u00f3r\u00e1iddal, amikre m\u00e1r hetente h\u00e1romszor is v\u00e1r\u00f3lista van, ez volt az eredeti sz\u00e1nd\u00e9kod? Nekem mindenesetre massz\u00edv izoml\u00e1zam lett, amikor az interj\u00fara k\u00e9sz\u00fcl\u00e9s aprop\u00f3j\u00e1n kipr\u00f3b\u00e1ltam, de legal\u00e1bb el tudom t\u00e1ncolni Heged\u0171s Zsolt miniszter koreogr\u00e1fi\u00e1j\u00e1t.<\/strong><\/p>\n<p>Akkor kezdtem t\u00e1ncot tan\u00edtani, amikor 2012 \u00e9s 2015 k\u00f6z\u00f6tt egy London melletti kisv\u00e1rosban \u00e9lt\u00fcnk, \u00e9s nagyr\u00e9szt otthon voltam k\u00e9t kisgyerekkel. Kor\u00e1bban itthon j\u00e1rtam t\u00e1ncolni, ott viszont nem tal\u00e1ltam nekem val\u00f3 \u00f3r\u00e1t, ez\u00e9rt elv\u00e9geztem Londonban egy edz\u0151i iskol\u00e1t, hogy akkor legal\u00e1bb oktathassam. Sz\u00e9pen lassan j\u00f6ttek is az emberek, mindenf\u00e9le n\u00e1ci\u00f3b\u00f3l, volt, aki hidzs\u00e1bban t\u00e1ncolt. Im\u00e1dtuk. Azt\u00e1n miut\u00e1n hazak\u00f6lt\u00f6zt\u00fcnk, p\u00e1r \u00e9v kihagy\u00e1s ut\u00e1n itthon is folytattam. Most ott tartok, hogy kellene keresnem egy nagyobb termet, mert aki egyszeri elj\u00f6n, \u00e1ltal\u00e1ban marad, \u00e9s el\u0151bb-ut\u00f3bb hoz mag\u00e1val m\u00e9g valakit.<\/p>\n<p>Sokan j\u00f6nnek, akik eredetileg mint \u00edr\u00f3t ismernek, olyanok is vannak k\u00f6zt\u00fck, akik b\u00e1ntalmaz\u00e1sban \u00e9rintettek. V\u00e9gtelen mennyis\u00e9g\u0171 endorfin szabadul fel ezeken az alkalmakon, \u00e9s maxim\u00e1lis sport\u00e9rt\u00e9ke van a dolognak.<\/p>\n<blockquote class=\"wp-block-quote is-layout-flow wp-block-quote-is-layout-flow\">\n<p>Emellett van ebben a k\u00f6z\u00f6s t\u00e1ncban egyfajta sisterhood \u00e9lm\u00e9ny is. A szabad t\u00e1nc valahol a fizikai lek\u00e9pez\u00e9se annak a lelki felszabadul\u00e1snak, amit a b\u00e1ntalmaz\u00e1sb\u00f3l kil\u00e9p\u0151k megtapasztalnak.<\/p>\n<\/blockquote>\n<p>Fantasztikus v\u00e9gigk\u00f6vetni, ahogy valaki el\u0151sz\u00f6r kicsit merev mozdulatokkal pr\u00f3b\u00e1lja ut\u00e1nam csin\u00e1lni a koreogr\u00e1fi\u00e1t, azt\u00e1n lassan, \u00f3r\u00e1r\u00f3l \u00f3r\u00e1ra felszabadul a cs\u00edp\u0151je \u00e9s minden mozdulata, elkezd ragyogni az arca, \u00e9s \u00e1tadja mag\u00e1t a zen\u00e9nek. Ahogy visszaveszi a kontrollt a teste, \u00e9s lassacsk\u00e1n az \u00e9lete f\u00f6l\u00f6tt.<\/p>\n<\/div>\n<div><\/div>\n<div class=\"premium-blocker premium-blocker--hu\" data-needed=\"authenticated\" data-current=\"[&quot;free&quot;]\">\n<div data-needed=\"authenticated\"><\/div>\n<\/div>\n<p>\t\t<!-- No email blocks found --><\/p>\n<p>The post <a href=\"https:\/\/www.forbes.hu\/legyel-jobb\/ertem-en-hogy-rengeteg-a-kormany-tennivaloja-de-ezen-eletek-mulnak-felnotteke-gyerekeke-van-iskola-ahol-mar-tananyag-dobray-sarolta-bantalmazasrol-szolo-regenye\/\">\u201e\u00c9rtem \u00e9n, hogy rengeteg a korm\u00e1ny tennival\u00f3ja, de ezen \u00e9letek m\u00falnak. Feln\u0151ttek\u00e9, gyerekek\u00e9\u201d \u2013 van iskola, ahol m\u00e1r tananyag Dobray Sarolta b\u00e1ntalmaz\u00e1sr\u00f3l sz\u00f3l\u00f3 reg\u00e9nye<\/a> appeared first on <a href=\"https:\/\/www.forbes.hu\/\">Forbes.hu<\/a>.<\/p><div id=\"friss-1367514693\" class=\"friss-etarget-cikk-vege friss-entity-placement\"><script type=\"text\/javascript\" id=\"etargetScript7a9b589f63cb072bef80df221f46a22b\">function etargetPostloadFunction7a9b589f63cb072bef80df221f46a22b(){var e=\"etargetPostload7a9b589f63cb072bef80df221f46a22b\",t=\"etargetScript7a9b589f63cb072bef80df221f46a22b\",o=document.getElementById(e);if(o){for(var n=o.offsetTop,d=o.offsetLeft,r=o.offsetWidth,a=o.offsetHeight;o.offsetParent;)o=o.offsetParent,n+=o.offsetTop,d+=o.offsetLeft;var i=(n<=window.pageYOffset+window.innerHeight&&d<window.pageXOffset+window.innerWidth&&n+a>window.pageYOffset&&d+r>window.pageXOffset);if(i&&etargetAllowOtherCheck){allowed=!1;var c=document.createElement(\"script\");return c.src=\"\/\/hu.search.etargetnet.com\/generic\/uni.php?g=ref:58661,area:700x210\",void(document.getElementById(t)&&document.getElementById(e)&&(document.getElementById(t).parentNode.appendChild(c),document.getElementById(t).parentNode.removeChild(document.getElementById(t)),document.getElementById(e).parentNode.removeChild(document.getElementById(e)),document.removeEventListener(\"scroll\",etargetPostloadFunction7a9b589f63cb072bef80df221f46a22b),document.removeEventListener(\"resize\",etargetPostloadFunction7a9b589f63cb072bef80df221f46a22b),document.removeEventListener(\"DOMContentLoaded\",etargetPostloadFunction7a9b589f63cb072bef80df221f46a22b)))}}}var etargetDivID=\"etargetPostload7a9b589f63cb072bef80df221f46a22b\",etargetScriptID=\"etargetScript7a9b589f63cb072bef80df221f46a22b\",etargetPostloadPoint=document.createElement(\"div\");etargetPostloadPoint.id=etargetDivID;var etargetCurScript=document.getElementById(etargetScriptID);etargetCurScript.parentNode.appendChild(etargetPostloadPoint),document.addEventListener(\"scroll\",etargetPostloadFunction7a9b589f63cb072bef80df221f46a22b),document.addEventListener(\"resize\",etargetPostloadFunction7a9b589f63cb072bef80df221f46a22b),document.addEventListener(\"DOMContentLoaded\",etargetPostloadFunction7a9b589f63cb072bef80df221f46a22b);var etargetAllowOtherCheck=!0;if(typeof(\"forceRunPostload\")==\"string\"){etargetPostloadFunction7a9b589f63cb072bef80df221f46a22b()}<\/script><\/div><div id=\"friss-1376630872\" class=\"friss-after-content friss-entity-placement\"><script type=\"text\/javascript\" id=\"etargetScript7a9b589f63cb072bef80df221f46a22b\">function etargetPostloadFunction7a9b589f63cb072bef80df221f46a22b(){var e=\"etargetPostload7a9b589f63cb072bef80df221f46a22b\",t=\"etargetScript7a9b589f63cb072bef80df221f46a22b\",o=document.getElementById(e);if(o){for(var n=o.offsetTop,d=o.offsetLeft,r=o.offsetWidth,a=o.offsetHeight;o.offsetParent;)o=o.offsetParent,n+=o.offsetTop,d+=o.offsetLeft;var i=(n<=window.pageYOffset+window.innerHeight&&d<window.pageXOffset+window.innerWidth&&n+a>window.pageYOffset&&d+r>window.pageXOffset);if(i&&etargetAllowOtherCheck){allowed=!1;var c=document.createElement(\"script\");return c.src=\"\/\/hu.search.etargetnet.com\/generic\/uni.php?g=ref:58661,area:700x210\",void(document.getElementById(t)&&document.getElementById(e)&&(document.getElementById(t).parentNode.appendChild(c),document.getElementById(t).parentNode.removeChild(document.getElementById(t)),document.getElementById(e).parentNode.removeChild(document.getElementById(e)),document.removeEventListener(\"scroll\",etargetPostloadFunction7a9b589f63cb072bef80df221f46a22b),document.removeEventListener(\"resize\",etargetPostloadFunction7a9b589f63cb072bef80df221f46a22b),document.removeEventListener(\"DOMContentLoaded\",etargetPostloadFunction7a9b589f63cb072bef80df221f46a22b)))}}}var etargetDivID=\"etargetPostload7a9b589f63cb072bef80df221f46a22b\",etargetScriptID=\"etargetScript7a9b589f63cb072bef80df221f46a22b\",etargetPostloadPoint=document.createElement(\"div\");etargetPostloadPoint.id=etargetDivID;var etargetCurScript=document.getElementById(etargetScriptID);etargetCurScript.parentNode.appendChild(etargetPostloadPoint),document.addEventListener(\"scroll\",etargetPostloadFunction7a9b589f63cb072bef80df221f46a22b),document.addEventListener(\"resize\",etargetPostloadFunction7a9b589f63cb072bef80df221f46a22b),document.addEventListener(\"DOMContentLoaded\",etargetPostloadFunction7a9b589f63cb072bef80df221f46a22b);var etargetAllowOtherCheck=!0;if(typeof(\"forceRunPostload\")==\"string\"){etargetPostloadFunction7a9b589f63cb072bef80df221f46a22b()}<\/script><\/div><div id=\"friss-4056300398\" class=\"friss-after-content_2 friss-entity-placement\" style=\"clear: both;\"><div class=\"wprss_ajax\" data-id=\"rss04fc8385a0\"><img loading=\"lazy\" decoding=\"async\" src=\"https:\/\/friss-hirek.hu\/wp-content\/plugins\/wp-rss-retriever\/inc\/imgs\/ajax-loader.gif\" alt=\"Loading RSS Feed\" width=\"16\" height=\"16\"><\/div><\/div><br style=\"clear: both; display: block; float: none;\"\/><div id=\"friss-4036924332\" class=\"friss-after-content_3 friss-entity-placement\">https:\/\/www.youtube.com\/watch?v=Pdnw4KiUWp0<\/div>","protected":false},"excerpt":{"rendered":"<p>\u201eAz utols\u00f3 ut\u00e1ni pillanatban vagyunk, hogy ez az eddig tot\u00e1lisan diszfunkcion\u00e1lisan, s\u0151t \u00e9letvesz\u00e9lyesen m\u0171k\u00f6d\u0151 rendszer megv\u00e1ltozzon, hogy v\u00e9gre val\u00f3ban meg tudja el\u0151zni a b\u00e1ntalmaz\u00e1st, vagy ha m\u00e1r zajlik, felismerje azt \u00e9s megv\u00e9dje az \u00e1ldozatokat\u201d \u2013 mondja Dobray Sarolta, aki az \u00dcvegfal ut\u00e1n a b\u00e1ntalmaz\u00f3 kapcsolatokr\u00f3l \u00edrta m\u00e1sodik reg\u00e9ny\u00e9t, a L\u00e9n\u00e1t is. Interj\u00fa a rejtett b\u00e1ntalmaz\u00e1s [&hellip;]<\/p>\n","protected":false},"author":1,"featured_media":0,"comment_status":"open","ping_status":"open","sticky":false,"template":"","format":"standard","meta":{"footnotes":""},"categories":[7],"tags":[],"class_list":["post-171169","post","type-post","status-publish","format-standard","hentry","category-uzlet"],"amp_enabled":true,"_links":{"self":[{"href":"https:\/\/friss-hirek.hu\/index.php\/wp-json\/wp\/v2\/posts\/171169","targetHints":{"allow":["GET"]}}],"collection":[{"href":"https:\/\/friss-hirek.hu\/index.php\/wp-json\/wp\/v2\/posts"}],"about":[{"href":"https:\/\/friss-hirek.hu\/index.php\/wp-json\/wp\/v2\/types\/post"}],"author":[{"embeddable":true,"href":"https:\/\/friss-hirek.hu\/index.php\/wp-json\/wp\/v2\/users\/1"}],"replies":[{"embeddable":true,"href":"https:\/\/friss-hirek.hu\/index.php\/wp-json\/wp\/v2\/comments?post=171169"}],"version-history":[{"count":0,"href":"https:\/\/friss-hirek.hu\/index.php\/wp-json\/wp\/v2\/posts\/171169\/revisions"}],"wp:attachment":[{"href":"https:\/\/friss-hirek.hu\/index.php\/wp-json\/wp\/v2\/media?parent=171169"}],"wp:term":[{"taxonomy":"category","embeddable":true,"href":"https:\/\/friss-hirek.hu\/index.php\/wp-json\/wp\/v2\/categories?post=171169"},{"taxonomy":"post_tag","embeddable":true,"href":"https:\/\/friss-hirek.hu\/index.php\/wp-json\/wp\/v2\/tags?post=171169"}],"curies":[{"name":"wp","href":"https:\/\/api.w.org\/{rel}","templated":true}]}}