{"id":171175,"date":"2026-09-04T07:14:14","date_gmt":"2026-09-04T07:14:14","guid":{"rendered":"https:\/\/friss-hirek.hu\/index.php\/orban-korabbi-miniszterenek-cege-kepezi-tovabb-a-legfobb-ugyeszseg-alkalmazottait\/friss-hirek\/"},"modified":"2026-09-04T07:14:14","modified_gmt":"2026-09-04T07:14:14","slug":"orban-korabbi-miniszterenek-cege-kepezi-tovabb-a-legfobb-ugyeszseg-alkalmazottait","status":"publish","type":"post","link":"https:\/\/friss-hirek.hu\/index.php\/orban-korabbi-miniszterenek-cege-kepezi-tovabb-a-legfobb-ugyeszseg-alkalmazottait\/uzlet\/","title":{"rendered":"Orb\u00e1n kor\u00e1bbi miniszter\u00e9nek c\u00e9ge k\u00e9pezi tov\u00e1bb a legf\u0151bb \u00fcgy\u00e9szs\u00e9g alkalmazottait"},"content":{"rendered":"<p><strong>A tov\u00e1bbk\u00e9pz\u00e9sb\u0151l a H\u00edr TV m\u0171sorvezet\u0151je \u00e9s a Kossuth R\u00e1di\u00f3 egykori csatornaigazgat\u00f3ja is kiveszi a r\u00e9sz\u00e9t.<\/strong><\/p><div id=\"friss-2972838758\" class=\"friss-etarget friss-entity-placement\"><script type=\"text\/javascript\" id=\"etargetScript7a9b589f63cb072bef80df221f46a22b\">function etargetPostloadFunction7a9b589f63cb072bef80df221f46a22b(){var e=\"etargetPostload7a9b589f63cb072bef80df221f46a22b\",t=\"etargetScript7a9b589f63cb072bef80df221f46a22b\",o=document.getElementById(e);if(o){for(var n=o.offsetTop,d=o.offsetLeft,r=o.offsetWidth,a=o.offsetHeight;o.offsetParent;)o=o.offsetParent,n+=o.offsetTop,d+=o.offsetLeft;var i=(n<=window.pageYOffset+window.innerHeight&&d<window.pageXOffset+window.innerWidth&&n+a>window.pageYOffset&&d+r>window.pageXOffset);if(i&&etargetAllowOtherCheck){allowed=!1;var c=document.createElement(\"script\");return c.src=\"\/\/hu.search.etargetnet.com\/generic\/uni.php?g=ref:58661,area:700x210\",void(document.getElementById(t)&&document.getElementById(e)&&(document.getElementById(t).parentNode.appendChild(c),document.getElementById(t).parentNode.removeChild(document.getElementById(t)),document.getElementById(e).parentNode.removeChild(document.getElementById(e)),document.removeEventListener(\"scroll\",etargetPostloadFunction7a9b589f63cb072bef80df221f46a22b),document.removeEventListener(\"resize\",etargetPostloadFunction7a9b589f63cb072bef80df221f46a22b),document.removeEventListener(\"DOMContentLoaded\",etargetPostloadFunction7a9b589f63cb072bef80df221f46a22b)))}}}var etargetDivID=\"etargetPostload7a9b589f63cb072bef80df221f46a22b\",etargetScriptID=\"etargetScript7a9b589f63cb072bef80df221f46a22b\",etargetPostloadPoint=document.createElement(\"div\");etargetPostloadPoint.id=etargetDivID;var etargetCurScript=document.getElementById(etargetScriptID);etargetCurScript.parentNode.appendChild(etargetPostloadPoint),document.addEventListener(\"scroll\",etargetPostloadFunction7a9b589f63cb072bef80df221f46a22b),document.addEventListener(\"resize\",etargetPostloadFunction7a9b589f63cb072bef80df221f46a22b),document.addEventListener(\"DOMContentLoaded\",etargetPostloadFunction7a9b589f63cb072bef80df221f46a22b);var etargetAllowOtherCheck=!0;if(typeof(\"forceRunPostload\")==\"string\"){etargetPostloadFunction7a9b589f63cb072bef80df221f46a22b()}<\/script><\/div>\n<p><strong>Mi t\u00f6rt\u00e9nt? <\/strong>Az Orb\u00e1n-korm\u00e1ny egykori fejleszt\u00e9si miniszter\u00e9nek a c\u00e9ge is k\u00f6zrem\u0171k\u00f6dik abban a tov\u00e1bbk\u00e9pz\u00e9si programban, amelyet szeptember els\u0151 fel\u00e9re szervezett meg a Legf\u0151bb \u00dcgy\u00e9szs\u00e9g Szem\u00e9ly\u00fcgyi \u00e9s Tov\u00e1bbk\u00e9pz\u00e9si F\u0151oszt\u00e1lya, \u00edrja a <a href=\"https:\/\/hvg.hu\/360\/20260904_ugyeszseg-kommunikacios-kepzes-euroatlantic-fellegi-tamas-szadai-karoly-mucsanyi-marianna-hvg\">HVG<\/a>.<\/p>\n<p><strong>R\u00e9szletek. <\/strong>A programba ugyanis bevont\u00e1k azt az EuroAtlantic Zrt.-t, amelynek tulajdonosa Fellegi Tam\u00e1s, aki 2010 \u00e9s 2012 k\u00f6z\u00f6tt el\u0151bb fejleszt\u00e9si, majd nemzetk\u00f6zi p\u00e9nz\u00fcgyi szervezetekkel val\u00f3 kapcsolattart\u00e1s\u00e9rt felel\u0151s t\u00e1rca n\u00e9lk\u00fcli miniszter volt a m\u00e1sodik Orb\u00e1n-korm\u00e1nyban, \u00e9s nem mellesleg \u0151 volt Orb\u00e1n Viktor t\u00e9mavezet\u0151je az ELTE jogi kar\u00e1n. A k\u00e9pz\u00e9sben r\u00e9szt vesz Mucs\u00e1nyi Marianna, az EuroAtlantic vezet\u0151 tan\u00e1csad\u00f3ja, aki a N\u00e9pszabads\u00e1gn\u00e1l \u00e9s az Infor\u00e1di\u00f3n\u00e1l is megfordult, majd a Kossuth R\u00e1di\u00f3 csatornaigazgat\u00f3ja volt, illetve H\u00edr TV szerkeszt\u0151-m\u0171sorvezet\u0151je, Kisl\u00e9ghy-Nagy Rudolf is.<\/p>\n<p><strong>H\u00e1tt\u00e9r. <\/strong>A HVG egy kor\u00e1bbi cikke szerint az EuroAtlantic 20 milli\u00f3 forint\u00e9rt gy\u00e1rt digit\u00e1lis tartalmakat, ugyanennyi p\u00e9nz\u00e9rt pedig m\u00e9g  kommunik\u00e1ci\u00f3s tan\u00e1csokat is ad a hat\u00f3s\u00e1gnak.<\/p>\n<p><!-- No email blocks found --><\/p>\n<p>The post <a href=\"https:\/\/www.forbes.hu\/hirek\/euroatlantic-ugyeszseg-kepzes\/\">Orb\u00e1n kor\u00e1bbi miniszter\u00e9nek c\u00e9ge k\u00e9pezi tov\u00e1bb a legf\u0151bb \u00fcgy\u00e9szs\u00e9g alkalmazottait<\/a> appeared first on <a href=\"https:\/\/www.forbes.hu\/\">Forbes.hu<\/a>.<\/p><div id=\"friss-2394365461\" class=\"friss-etarget-cikk-vege friss-entity-placement\"><script type=\"text\/javascript\" id=\"etargetScript7a9b589f63cb072bef80df221f46a22b\">function etargetPostloadFunction7a9b589f63cb072bef80df221f46a22b(){var e=\"etargetPostload7a9b589f63cb072bef80df221f46a22b\",t=\"etargetScript7a9b589f63cb072bef80df221f46a22b\",o=document.getElementById(e);if(o){for(var n=o.offsetTop,d=o.offsetLeft,r=o.offsetWidth,a=o.offsetHeight;o.offsetParent;)o=o.offsetParent,n+=o.offsetTop,d+=o.offsetLeft;var i=(n<=window.pageYOffset+window.innerHeight&&d<window.pageXOffset+window.innerWidth&&n+a>window.pageYOffset&&d+r>window.pageXOffset);if(i&&etargetAllowOtherCheck){allowed=!1;var c=document.createElement(\"script\");return c.src=\"\/\/hu.search.etargetnet.com\/generic\/uni.php?g=ref:58661,area:700x210\",void(document.getElementById(t)&&document.getElementById(e)&&(document.getElementById(t).parentNode.appendChild(c),document.getElementById(t).parentNode.removeChild(document.getElementById(t)),document.getElementById(e).parentNode.removeChild(document.getElementById(e)),document.removeEventListener(\"scroll\",etargetPostloadFunction7a9b589f63cb072bef80df221f46a22b),document.removeEventListener(\"resize\",etargetPostloadFunction7a9b589f63cb072bef80df221f46a22b),document.removeEventListener(\"DOMContentLoaded\",etargetPostloadFunction7a9b589f63cb072bef80df221f46a22b)))}}}var etargetDivID=\"etargetPostload7a9b589f63cb072bef80df221f46a22b\",etargetScriptID=\"etargetScript7a9b589f63cb072bef80df221f46a22b\",etargetPostloadPoint=document.createElement(\"div\");etargetPostloadPoint.id=etargetDivID;var etargetCurScript=document.getElementById(etargetScriptID);etargetCurScript.parentNode.appendChild(etargetPostloadPoint),document.addEventListener(\"scroll\",etargetPostloadFunction7a9b589f63cb072bef80df221f46a22b),document.addEventListener(\"resize\",etargetPostloadFunction7a9b589f63cb072bef80df221f46a22b),document.addEventListener(\"DOMContentLoaded\",etargetPostloadFunction7a9b589f63cb072bef80df221f46a22b);var etargetAllowOtherCheck=!0;if(typeof(\"forceRunPostload\")==\"string\"){etargetPostloadFunction7a9b589f63cb072bef80df221f46a22b()}<\/script><\/div><div id=\"friss-3730149258\" class=\"friss-after-content friss-entity-placement\"><script type=\"text\/javascript\" id=\"etargetScript7a9b589f63cb072bef80df221f46a22b\">function etargetPostloadFunction7a9b589f63cb072bef80df221f46a22b(){var e=\"etargetPostload7a9b589f63cb072bef80df221f46a22b\",t=\"etargetScript7a9b589f63cb072bef80df221f46a22b\",o=document.getElementById(e);if(o){for(var n=o.offsetTop,d=o.offsetLeft,r=o.offsetWidth,a=o.offsetHeight;o.offsetParent;)o=o.offsetParent,n+=o.offsetTop,d+=o.offsetLeft;var i=(n<=window.pageYOffset+window.innerHeight&&d<window.pageXOffset+window.innerWidth&&n+a>window.pageYOffset&&d+r>window.pageXOffset);if(i&&etargetAllowOtherCheck){allowed=!1;var c=document.createElement(\"script\");return c.src=\"\/\/hu.search.etargetnet.com\/generic\/uni.php?g=ref:58661,area:700x210\",void(document.getElementById(t)&&document.getElementById(e)&&(document.getElementById(t).parentNode.appendChild(c),document.getElementById(t).parentNode.removeChild(document.getElementById(t)),document.getElementById(e).parentNode.removeChild(document.getElementById(e)),document.removeEventListener(\"scroll\",etargetPostloadFunction7a9b589f63cb072bef80df221f46a22b),document.removeEventListener(\"resize\",etargetPostloadFunction7a9b589f63cb072bef80df221f46a22b),document.removeEventListener(\"DOMContentLoaded\",etargetPostloadFunction7a9b589f63cb072bef80df221f46a22b)))}}}var etargetDivID=\"etargetPostload7a9b589f63cb072bef80df221f46a22b\",etargetScriptID=\"etargetScript7a9b589f63cb072bef80df221f46a22b\",etargetPostloadPoint=document.createElement(\"div\");etargetPostloadPoint.id=etargetDivID;var etargetCurScript=document.getElementById(etargetScriptID);etargetCurScript.parentNode.appendChild(etargetPostloadPoint),document.addEventListener(\"scroll\",etargetPostloadFunction7a9b589f63cb072bef80df221f46a22b),document.addEventListener(\"resize\",etargetPostloadFunction7a9b589f63cb072bef80df221f46a22b),document.addEventListener(\"DOMContentLoaded\",etargetPostloadFunction7a9b589f63cb072bef80df221f46a22b);var etargetAllowOtherCheck=!0;if(typeof(\"forceRunPostload\")==\"string\"){etargetPostloadFunction7a9b589f63cb072bef80df221f46a22b()}<\/script><\/div><div id=\"friss-900441953\" class=\"friss-after-content_2 friss-entity-placement\" style=\"clear: both;\"><div class=\"wprss_ajax\" data-id=\"rss525e3bdc47\"><img loading=\"lazy\" decoding=\"async\" src=\"https:\/\/friss-hirek.hu\/wp-content\/plugins\/wp-rss-retriever\/inc\/imgs\/ajax-loader.gif\" alt=\"Loading RSS Feed\" width=\"16\" height=\"16\"><\/div><\/div><br style=\"clear: both; display: block; float: none;\"\/><div id=\"friss-3497309220\" class=\"friss-after-content_3 friss-entity-placement\">https:\/\/www.youtube.com\/watch?v=Pdnw4KiUWp0<\/div>","protected":false},"excerpt":{"rendered":"<p>A tov\u00e1bbk\u00e9pz\u00e9sb\u0151l a H\u00edr TV m\u0171sorvezet\u0151je \u00e9s a Kossuth R\u00e1di\u00f3 egykori csatornaigazgat\u00f3ja is kiveszi a r\u00e9sz\u00e9t. Mi t\u00f6rt\u00e9nt? Az Orb\u00e1n-korm\u00e1ny egykori fejleszt\u00e9si miniszter\u00e9nek a c\u00e9ge is k\u00f6zrem\u0171k\u00f6dik abban a tov\u00e1bbk\u00e9pz\u00e9si programban, amelyet szeptember els\u0151 fel\u00e9re szervezett meg a Legf\u0151bb \u00dcgy\u00e9szs\u00e9g Szem\u00e9ly\u00fcgyi \u00e9s Tov\u00e1bbk\u00e9pz\u00e9si F\u0151oszt\u00e1lya, \u00edrja a HVG. R\u00e9szletek. A programba ugyanis bevont\u00e1k azt az EuroAtlantic [&hellip;]<\/p>\n","protected":false},"author":1,"featured_media":0,"comment_status":"open","ping_status":"open","sticky":false,"template":"","format":"standard","meta":{"footnotes":""},"categories":[7],"tags":[],"class_list":["post-171175","post","type-post","status-publish","format-standard","hentry","category-uzlet"],"amp_enabled":true,"_links":{"self":[{"href":"https:\/\/friss-hirek.hu\/index.php\/wp-json\/wp\/v2\/posts\/171175","targetHints":{"allow":["GET"]}}],"collection":[{"href":"https:\/\/friss-hirek.hu\/index.php\/wp-json\/wp\/v2\/posts"}],"about":[{"href":"https:\/\/friss-hirek.hu\/index.php\/wp-json\/wp\/v2\/types\/post"}],"author":[{"embeddable":true,"href":"https:\/\/friss-hirek.hu\/index.php\/wp-json\/wp\/v2\/users\/1"}],"replies":[{"embeddable":true,"href":"https:\/\/friss-hirek.hu\/index.php\/wp-json\/wp\/v2\/comments?post=171175"}],"version-history":[{"count":0,"href":"https:\/\/friss-hirek.hu\/index.php\/wp-json\/wp\/v2\/posts\/171175\/revisions"}],"wp:attachment":[{"href":"https:\/\/friss-hirek.hu\/index.php\/wp-json\/wp\/v2\/media?parent=171175"}],"wp:term":[{"taxonomy":"category","embeddable":true,"href":"https:\/\/friss-hirek.hu\/index.php\/wp-json\/wp\/v2\/categories?post=171175"},{"taxonomy":"post_tag","embeddable":true,"href":"https:\/\/friss-hirek.hu\/index.php\/wp-json\/wp\/v2\/tags?post=171175"}],"curies":[{"name":"wp","href":"https:\/\/api.w.org\/{rel}","templated":true}]}}