{"id":171184,"date":"2026-09-04T09:16:08","date_gmt":"2026-09-04T09:16:08","guid":{"rendered":"https:\/\/friss-hirek.hu\/index.php\/igy-indul-ujra-az-erasmus-program-a-magyar-egyetemeken\/friss-hirek\/"},"modified":"2026-09-04T09:16:08","modified_gmt":"2026-09-04T09:16:08","slug":"igy-indul-ujra-az-erasmus-program-a-magyar-egyetemeken","status":"publish","type":"post","link":"https:\/\/friss-hirek.hu\/index.php\/igy-indul-ujra-az-erasmus-program-a-magyar-egyetemeken\/uzlet\/","title":{"rendered":"\u00cdgy indul \u00fajra az Erasmus-program a magyar egyetemeken"},"content":{"rendered":"<p><strong>Az oktat\u00e1si \u00e9s gyermek\u00fcgyi miniszter p\u00e9nteken osztotta meg a h\u00edrt.<\/strong><\/p><div id=\"friss-2614178685\" class=\"friss-etarget friss-entity-placement\"><script type=\"text\/javascript\" id=\"etargetScript7a9b589f63cb072bef80df221f46a22b\">function etargetPostloadFunction7a9b589f63cb072bef80df221f46a22b(){var e=\"etargetPostload7a9b589f63cb072bef80df221f46a22b\",t=\"etargetScript7a9b589f63cb072bef80df221f46a22b\",o=document.getElementById(e);if(o){for(var n=o.offsetTop,d=o.offsetLeft,r=o.offsetWidth,a=o.offsetHeight;o.offsetParent;)o=o.offsetParent,n+=o.offsetTop,d+=o.offsetLeft;var i=(n<=window.pageYOffset+window.innerHeight&&d<window.pageXOffset+window.innerWidth&&n+a>window.pageYOffset&&d+r>window.pageXOffset);if(i&&etargetAllowOtherCheck){allowed=!1;var c=document.createElement(\"script\");return c.src=\"\/\/hu.search.etargetnet.com\/generic\/uni.php?g=ref:58661,area:700x210\",void(document.getElementById(t)&&document.getElementById(e)&&(document.getElementById(t).parentNode.appendChild(c),document.getElementById(t).parentNode.removeChild(document.getElementById(t)),document.getElementById(e).parentNode.removeChild(document.getElementById(e)),document.removeEventListener(\"scroll\",etargetPostloadFunction7a9b589f63cb072bef80df221f46a22b),document.removeEventListener(\"resize\",etargetPostloadFunction7a9b589f63cb072bef80df221f46a22b),document.removeEventListener(\"DOMContentLoaded\",etargetPostloadFunction7a9b589f63cb072bef80df221f46a22b)))}}}var etargetDivID=\"etargetPostload7a9b589f63cb072bef80df221f46a22b\",etargetScriptID=\"etargetScript7a9b589f63cb072bef80df221f46a22b\",etargetPostloadPoint=document.createElement(\"div\");etargetPostloadPoint.id=etargetDivID;var etargetCurScript=document.getElementById(etargetScriptID);etargetCurScript.parentNode.appendChild(etargetPostloadPoint),document.addEventListener(\"scroll\",etargetPostloadFunction7a9b589f63cb072bef80df221f46a22b),document.addEventListener(\"resize\",etargetPostloadFunction7a9b589f63cb072bef80df221f46a22b),document.addEventListener(\"DOMContentLoaded\",etargetPostloadFunction7a9b589f63cb072bef80df221f46a22b);var etargetAllowOtherCheck=!0;if(typeof(\"forceRunPostload\")==\"string\"){etargetPostloadFunction7a9b589f63cb072bef80df221f46a22b()}<\/script><\/div>\n<p><strong>Mi t\u00f6rt\u00e9nt? <\/strong>\u201eA magyar korm\u00e1ny augusztus v\u00e9g\u00e9ig minden sz\u00fcks\u00e9ges l\u00e9p\u00e9st megtett az\u00e9rt, hogy az Erasmus program \u00fajra el\u00e9rhet\u0151 legyen a magyar egyetemist\u00e1k sz\u00e1m\u00e1ra. Az Erasmus visszat\u00e9r minden magyar egyetemre!\u201d, <a href=\"https:\/\/www.facebook.com\/permalink.php?story_fbid=pfbid032HKvXpJuJidXM4Lmc1aaxsv3Cfn91bjgYwjcjqJ1FVYFvzje5a9WRWg7VmveFQeDl&amp;id=61589397058487\">k\u00f6z\u00f6lte<\/a> Facebook oldal\u00e1n Lanner Judit oktat\u00e1si \u00e9s gyermek\u00fcgyi miniszter.<\/p>\n<p><strong>R\u00e9szletek. <\/strong>A t\u00e1rcavezet\u0151 k\u00f6z\u00f6lte, a korl\u00e1toz\u00e1ssal \u00e9rintett 21 egyetem m\u00e1r rendelkezik \u00e9rv\u00e9nyes Erasmus mobilit\u00e1si p\u00e1ly\u00e1zattal a 2026\/2027-es tan\u00e9vre, az Erasmus \u00edgy visszat\u00e9rhet ezekre a magyar egyetemekre is, \u00e9s ism\u00e9t megny\u00edlnak a nemzetk\u00f6zi mobilit\u00e1s lehet\u0151s\u00e9gei a hallgat\u00f3k el\u0151tt. \u201eA magyar fiatalok \u00e9s kutat\u00f3k helye az eur\u00f3pai tudom\u00e1nyos \u00e9s fels\u0151oktat\u00e1si v\u00e9rkering\u00e9sben van. A magyar hallgat\u00f3k nemzetk\u00f6zi mobilit\u00e1sa nem lehet m\u00e9g egyszer p\u00e1rtpolitikai \u00e9rdekek \u00e1ldozata\u201d, tette hozz\u00e1.<\/p>\n<p><strong>Kontextus. <\/strong>A magyar hallgat\u00f3k a kekva-rendszer miatt estek el a legismertebb nemzetk\u00f6zi mobilit\u00e1si lehet\u0151s\u00e9gt\u0151l, miut\u00e1n az EU 2022-ben szinte egyhang\u00falag \u00fagy d\u00f6nt\u00f6tt, hogy az Orb\u00e1n-korm\u00e1ny \u00e1ltal l\u00e9trehozott modell sz\u00e1mtalan \u00e1tl\u00e1that\u00f3s\u00e1gi \u00e9s \u00f6sszef\u00e9rhetetlens\u00e9gi agg\u00e1lyt vet fel.<\/p>\n<p><!-- No email blocks found --><\/p>\n<p>The post <a href=\"https:\/\/www.forbes.hu\/hirek\/erasmus-ujraindul\/\">\u00cdgy indul \u00fajra az Erasmus-program a magyar egyetemeken<\/a> appeared first on <a href=\"https:\/\/www.forbes.hu\/\">Forbes.hu<\/a>.<\/p><div id=\"friss-3024705290\" class=\"friss-etarget-cikk-vege friss-entity-placement\"><script type=\"text\/javascript\" id=\"etargetScript7a9b589f63cb072bef80df221f46a22b\">function etargetPostloadFunction7a9b589f63cb072bef80df221f46a22b(){var e=\"etargetPostload7a9b589f63cb072bef80df221f46a22b\",t=\"etargetScript7a9b589f63cb072bef80df221f46a22b\",o=document.getElementById(e);if(o){for(var n=o.offsetTop,d=o.offsetLeft,r=o.offsetWidth,a=o.offsetHeight;o.offsetParent;)o=o.offsetParent,n+=o.offsetTop,d+=o.offsetLeft;var i=(n<=window.pageYOffset+window.innerHeight&&d<window.pageXOffset+window.innerWidth&&n+a>window.pageYOffset&&d+r>window.pageXOffset);if(i&&etargetAllowOtherCheck){allowed=!1;var c=document.createElement(\"script\");return c.src=\"\/\/hu.search.etargetnet.com\/generic\/uni.php?g=ref:58661,area:700x210\",void(document.getElementById(t)&&document.getElementById(e)&&(document.getElementById(t).parentNode.appendChild(c),document.getElementById(t).parentNode.removeChild(document.getElementById(t)),document.getElementById(e).parentNode.removeChild(document.getElementById(e)),document.removeEventListener(\"scroll\",etargetPostloadFunction7a9b589f63cb072bef80df221f46a22b),document.removeEventListener(\"resize\",etargetPostloadFunction7a9b589f63cb072bef80df221f46a22b),document.removeEventListener(\"DOMContentLoaded\",etargetPostloadFunction7a9b589f63cb072bef80df221f46a22b)))}}}var etargetDivID=\"etargetPostload7a9b589f63cb072bef80df221f46a22b\",etargetScriptID=\"etargetScript7a9b589f63cb072bef80df221f46a22b\",etargetPostloadPoint=document.createElement(\"div\");etargetPostloadPoint.id=etargetDivID;var etargetCurScript=document.getElementById(etargetScriptID);etargetCurScript.parentNode.appendChild(etargetPostloadPoint),document.addEventListener(\"scroll\",etargetPostloadFunction7a9b589f63cb072bef80df221f46a22b),document.addEventListener(\"resize\",etargetPostloadFunction7a9b589f63cb072bef80df221f46a22b),document.addEventListener(\"DOMContentLoaded\",etargetPostloadFunction7a9b589f63cb072bef80df221f46a22b);var etargetAllowOtherCheck=!0;if(typeof(\"forceRunPostload\")==\"string\"){etargetPostloadFunction7a9b589f63cb072bef80df221f46a22b()}<\/script><\/div><div id=\"friss-345037135\" class=\"friss-after-content friss-entity-placement\"><script type=\"text\/javascript\" id=\"etargetScript7a9b589f63cb072bef80df221f46a22b\">function etargetPostloadFunction7a9b589f63cb072bef80df221f46a22b(){var e=\"etargetPostload7a9b589f63cb072bef80df221f46a22b\",t=\"etargetScript7a9b589f63cb072bef80df221f46a22b\",o=document.getElementById(e);if(o){for(var n=o.offsetTop,d=o.offsetLeft,r=o.offsetWidth,a=o.offsetHeight;o.offsetParent;)o=o.offsetParent,n+=o.offsetTop,d+=o.offsetLeft;var i=(n<=window.pageYOffset+window.innerHeight&&d<window.pageXOffset+window.innerWidth&&n+a>window.pageYOffset&&d+r>window.pageXOffset);if(i&&etargetAllowOtherCheck){allowed=!1;var c=document.createElement(\"script\");return c.src=\"\/\/hu.search.etargetnet.com\/generic\/uni.php?g=ref:58661,area:700x210\",void(document.getElementById(t)&&document.getElementById(e)&&(document.getElementById(t).parentNode.appendChild(c),document.getElementById(t).parentNode.removeChild(document.getElementById(t)),document.getElementById(e).parentNode.removeChild(document.getElementById(e)),document.removeEventListener(\"scroll\",etargetPostloadFunction7a9b589f63cb072bef80df221f46a22b),document.removeEventListener(\"resize\",etargetPostloadFunction7a9b589f63cb072bef80df221f46a22b),document.removeEventListener(\"DOMContentLoaded\",etargetPostloadFunction7a9b589f63cb072bef80df221f46a22b)))}}}var etargetDivID=\"etargetPostload7a9b589f63cb072bef80df221f46a22b\",etargetScriptID=\"etargetScript7a9b589f63cb072bef80df221f46a22b\",etargetPostloadPoint=document.createElement(\"div\");etargetPostloadPoint.id=etargetDivID;var etargetCurScript=document.getElementById(etargetScriptID);etargetCurScript.parentNode.appendChild(etargetPostloadPoint),document.addEventListener(\"scroll\",etargetPostloadFunction7a9b589f63cb072bef80df221f46a22b),document.addEventListener(\"resize\",etargetPostloadFunction7a9b589f63cb072bef80df221f46a22b),document.addEventListener(\"DOMContentLoaded\",etargetPostloadFunction7a9b589f63cb072bef80df221f46a22b);var etargetAllowOtherCheck=!0;if(typeof(\"forceRunPostload\")==\"string\"){etargetPostloadFunction7a9b589f63cb072bef80df221f46a22b()}<\/script><\/div><div id=\"friss-3256934987\" class=\"friss-after-content_2 friss-entity-placement\" style=\"clear: both;\"><div class=\"wprss_ajax\" data-id=\"rss4117184367\"><img loading=\"lazy\" decoding=\"async\" src=\"https:\/\/friss-hirek.hu\/wp-content\/plugins\/wp-rss-retriever\/inc\/imgs\/ajax-loader.gif\" alt=\"Loading RSS Feed\" width=\"16\" height=\"16\"><\/div><\/div><br style=\"clear: both; display: block; float: none;\"\/><div id=\"friss-4034775058\" class=\"friss-after-content_3 friss-entity-placement\">https:\/\/www.youtube.com\/watch?v=Pdnw4KiUWp0<\/div>","protected":false},"excerpt":{"rendered":"<p>Az oktat\u00e1si \u00e9s gyermek\u00fcgyi miniszter p\u00e9nteken osztotta meg a h\u00edrt. Mi t\u00f6rt\u00e9nt? \u201eA magyar korm\u00e1ny augusztus v\u00e9g\u00e9ig minden sz\u00fcks\u00e9ges l\u00e9p\u00e9st megtett az\u00e9rt, hogy az Erasmus program \u00fajra el\u00e9rhet\u0151 legyen a magyar egyetemist\u00e1k sz\u00e1m\u00e1ra. Az Erasmus visszat\u00e9r minden magyar egyetemre!\u201d, k\u00f6z\u00f6lte Facebook oldal\u00e1n Lanner Judit oktat\u00e1si \u00e9s gyermek\u00fcgyi miniszter. R\u00e9szletek. A t\u00e1rcavezet\u0151 k\u00f6z\u00f6lte, a korl\u00e1toz\u00e1ssal \u00e9rintett [&hellip;]<\/p>\n","protected":false},"author":1,"featured_media":0,"comment_status":"open","ping_status":"open","sticky":false,"template":"","format":"standard","meta":{"footnotes":""},"categories":[7],"tags":[],"class_list":["post-171184","post","type-post","status-publish","format-standard","hentry","category-uzlet"],"amp_enabled":true,"_links":{"self":[{"href":"https:\/\/friss-hirek.hu\/index.php\/wp-json\/wp\/v2\/posts\/171184","targetHints":{"allow":["GET"]}}],"collection":[{"href":"https:\/\/friss-hirek.hu\/index.php\/wp-json\/wp\/v2\/posts"}],"about":[{"href":"https:\/\/friss-hirek.hu\/index.php\/wp-json\/wp\/v2\/types\/post"}],"author":[{"embeddable":true,"href":"https:\/\/friss-hirek.hu\/index.php\/wp-json\/wp\/v2\/users\/1"}],"replies":[{"embeddable":true,"href":"https:\/\/friss-hirek.hu\/index.php\/wp-json\/wp\/v2\/comments?post=171184"}],"version-history":[{"count":0,"href":"https:\/\/friss-hirek.hu\/index.php\/wp-json\/wp\/v2\/posts\/171184\/revisions"}],"wp:attachment":[{"href":"https:\/\/friss-hirek.hu\/index.php\/wp-json\/wp\/v2\/media?parent=171184"}],"wp:term":[{"taxonomy":"category","embeddable":true,"href":"https:\/\/friss-hirek.hu\/index.php\/wp-json\/wp\/v2\/categories?post=171184"},{"taxonomy":"post_tag","embeddable":true,"href":"https:\/\/friss-hirek.hu\/index.php\/wp-json\/wp\/v2\/tags?post=171184"}],"curies":[{"name":"wp","href":"https:\/\/api.w.org\/{rel}","templated":true}]}}