{"id":171197,"date":"2026-09-04T13:18:33","date_gmt":"2026-09-04T13:18:33","guid":{"rendered":"https:\/\/friss-hirek.hu\/index.php\/bemutatjuk-a-hipa-uj-kabinetfonoket-akit-az-ikea-vezetosegebol-igazoltak-le\/friss-hirek\/"},"modified":"2026-09-04T13:18:33","modified_gmt":"2026-09-04T13:18:33","slug":"bemutatjuk-a-hipa-uj-kabinetfonoket-akit-az-ikea-vezetosegebol-igazoltak-le","status":"publish","type":"post","link":"https:\/\/friss-hirek.hu\/index.php\/bemutatjuk-a-hipa-uj-kabinetfonoket-akit-az-ikea-vezetosegebol-igazoltak-le\/uzlet\/","title":{"rendered":"Bemutatjuk a HIPA \u00faj kabinetf\u0151n\u00f6k\u00e9t, akit az IKEA vezet\u0151s\u00e9g\u00e9b\u0151l igazoltak le"},"content":{"rendered":"<p><strong>Majdanics Bernadatt 31 \u00e9vesen m\u00e1r az IKEA legmagasabb szintj\u00e9n is szerepet v\u00e1llalt.<\/strong><\/p><div id=\"friss-844134659\" class=\"friss-etarget friss-entity-placement\"><script type=\"text\/javascript\" id=\"etargetScript7a9b589f63cb072bef80df221f46a22b\">function etargetPostloadFunction7a9b589f63cb072bef80df221f46a22b(){var e=\"etargetPostload7a9b589f63cb072bef80df221f46a22b\",t=\"etargetScript7a9b589f63cb072bef80df221f46a22b\",o=document.getElementById(e);if(o){for(var n=o.offsetTop,d=o.offsetLeft,r=o.offsetWidth,a=o.offsetHeight;o.offsetParent;)o=o.offsetParent,n+=o.offsetTop,d+=o.offsetLeft;var i=(n<=window.pageYOffset+window.innerHeight&&d<window.pageXOffset+window.innerWidth&&n+a>window.pageYOffset&&d+r>window.pageXOffset);if(i&&etargetAllowOtherCheck){allowed=!1;var c=document.createElement(\"script\");return c.src=\"\/\/hu.search.etargetnet.com\/generic\/uni.php?g=ref:58661,area:700x210\",void(document.getElementById(t)&&document.getElementById(e)&&(document.getElementById(t).parentNode.appendChild(c),document.getElementById(t).parentNode.removeChild(document.getElementById(t)),document.getElementById(e).parentNode.removeChild(document.getElementById(e)),document.removeEventListener(\"scroll\",etargetPostloadFunction7a9b589f63cb072bef80df221f46a22b),document.removeEventListener(\"resize\",etargetPostloadFunction7a9b589f63cb072bef80df221f46a22b),document.removeEventListener(\"DOMContentLoaded\",etargetPostloadFunction7a9b589f63cb072bef80df221f46a22b)))}}}var etargetDivID=\"etargetPostload7a9b589f63cb072bef80df221f46a22b\",etargetScriptID=\"etargetScript7a9b589f63cb072bef80df221f46a22b\",etargetPostloadPoint=document.createElement(\"div\");etargetPostloadPoint.id=etargetDivID;var etargetCurScript=document.getElementById(etargetScriptID);etargetCurScript.parentNode.appendChild(etargetPostloadPoint),document.addEventListener(\"scroll\",etargetPostloadFunction7a9b589f63cb072bef80df221f46a22b),document.addEventListener(\"resize\",etargetPostloadFunction7a9b589f63cb072bef80df221f46a22b),document.addEventListener(\"DOMContentLoaded\",etargetPostloadFunction7a9b589f63cb072bef80df221f46a22b);var etargetAllowOtherCheck=!0;if(typeof(\"forceRunPostload\")==\"string\"){etargetPostloadFunction7a9b589f63cb072bef80df221f46a22b()}<\/script><\/div>\n<hr class=\"wp-block-separator has-alpha-channel-opacity\" \/>\n<div class=\"related-post-links\">\n<p>\t\t<span class=\"related-post-links__title minititle\">T\u00f6bb ebb\u0151l<\/span><\/p>\n<div class=\"related-post-links__link-wrapper\">\n\t\t\t\t<a href=\"https:\/\/www.forbes.hu\/uzlet\/hipa-kapitany-istvan-buday-bence-vezerigazgato-kinevezes\/\" class=\"related-post-links__link\">Kapit\u00e1ny Istv\u00e1n \u00faj vez\u00e9rigazgat\u00f3t nevezett ki, mutatjuk, mit kell tudni r\u00f3la<\/a>\n\t\t\t<\/div>\n<div class=\"related-post-links__link-wrapper\">\n\t\t\t\t<a href=\"https:\/\/www.forbes.hu\/uzlet\/majdanincs-bernadett-ikea-karrier-tanulsagok\/\" class=\"related-post-links__link\">Er\u0151t kov\u00e1csolt abb\u00f3l is, hogy elvesztett\u00e9k az otthonukat. Ma 31 \u00e9vesen \u0151 az IKEA egyik legmagasabb nemzetk\u00f6zi poz\u00edci\u00f3ban l\u00e9v\u0151 magyar vezet\u0151je<\/a>\n\t\t\t<\/div>\n<\/div>\n<p><strong>Mi t\u00f6rt\u00e9nt?<\/strong> Majdanics Bernadett lett a Nemzeti Befektet\u00e9si \u00dcgyn\u00f6ks\u00e9g (HIPA) kabinetf\u0151n\u00f6ke \u2013 \u00e9rtes\u00fclt a Forbes.hu.<\/p>\n<blockquote class=\"wp-block-quote is-layout-flow wp-block-quote-is-layout-flow\">\n<p>M\u00e9ly h\u00e1l\u00e1val \u00e9s al\u00e1zattal osztom meg, hogy szeptember 1-j\u00e9t\u0151l \u00e1tvettem a Nemzeti Befektet\u00e9si \u00dcgyn\u00f6ks\u00e9g (HIPA) kabinetf\u0151n\u00f6ki posztj\u00e1t<\/p>\n<\/blockquote>\n<p>\u2013 \u00edrta Majdanics a LinkedIn oldal\u00e1n.<\/p>\n<p><strong>Kicsoda Majdanics Bernadett?<\/strong> A szegedi sz\u00e1rmaz\u00e1s\u00fa Majdanics Bernadett Madridban tanult \u00f6szt\u00f6nd\u00edjask\u00e9nt. K\u00e9s\u0151bb a magyarorsz\u00e1gi IKEA-n\u00e1l lett csapatvezet\u0151, ahonnan Pr\u00e1g\u00e1ba vezetett az \u00fatja, ahol a c\u00e9g cseh\u2013szlov\u00e1k\u2013magyar r\u00e9gi\u00f3 logisztikai \u00e9s fenntarthat\u00f3s\u00e1gi projektj\u00e9nek egyik vezet\u0151je lett.<\/p>\n<p>31 \u00e9vesen az IKEA egyik legmagasabb nemzetk\u00f6zi poz\u00edci\u00f3j\u00e1ig jutott: glob\u00e1lis projektmenedzserk\u00e9nt\u00a031 orsz\u00e1got \u00e9rint\u0151 projekteket vezetett, D\u00e9l-Kore\u00e1t\u00f3l Kanad\u00e1ig. Majdanics Bernadett karrierj\u00e9vel <a href=\"https:\/\/www.forbes.hu\/uzlet\/majdanincs-bernadett-ikea-karrier-tanulsagok\/\">\u00e1tfog\u00f3 cikk\u00fcnkben foglalkoztunk<\/a>.<\/p>\n<p><strong>A HIPA: <\/strong>A Nemzeti Befektet\u00e9si \u00dcgyn\u00f6ks\u00e9g\u00a0a magyar \u00e1llam\u00a0befektet\u00e9s\u00f6szt\u00f6nz\u00e9si szervezete, amelynek f\u0151 feladata, hogy k\u00fclf\u00f6ldi \u00e9s hazai v\u00e1llalatok magyarorsz\u00e1gi beruh\u00e1z\u00e1sait seg\u00edtse \u00e9s \u00f6szt\u00f6n\u00f6zze. Egyr\u00e9szt seg\u00edti a magyar c\u00e9geket a k\u00fclf\u00f6ldi piacra l\u00e9p\u00e9sben, illetve befektet\u00e9sekben, valamint nemzetk\u00f6zi c\u00e9gek beruh\u00e1z\u00e1sait cs\u00e1b\u00edtja Magyarorsz\u00e1gra.<\/p>\n<p>Tev\u00e9kenys\u00e9g\u00e9ben kiemelt szerepet kapnak a nagy munkahelyteremt\u0151l, \u00e9s technol\u00f3giai projektek.<\/p>\n<p><!-- No email blocks found --><\/p>\n<p>The post <a href=\"https:\/\/www.forbes.hu\/hirek\/hipa-ikea-kabinetfonok-majdanics-bernadett-kinevezes\/\">Bemutatjuk a HIPA \u00faj kabinetf\u0151n\u00f6k\u00e9t, akit az IKEA vezet\u0151s\u00e9g\u00e9b\u0151l igazoltak le<\/a> appeared first on <a href=\"https:\/\/www.forbes.hu\/\">Forbes.hu<\/a>.<\/p><div id=\"friss-3100447855\" class=\"friss-etarget-cikk-vege friss-entity-placement\"><script type=\"text\/javascript\" id=\"etargetScript7a9b589f63cb072bef80df221f46a22b\">function etargetPostloadFunction7a9b589f63cb072bef80df221f46a22b(){var e=\"etargetPostload7a9b589f63cb072bef80df221f46a22b\",t=\"etargetScript7a9b589f63cb072bef80df221f46a22b\",o=document.getElementById(e);if(o){for(var n=o.offsetTop,d=o.offsetLeft,r=o.offsetWidth,a=o.offsetHeight;o.offsetParent;)o=o.offsetParent,n+=o.offsetTop,d+=o.offsetLeft;var i=(n<=window.pageYOffset+window.innerHeight&&d<window.pageXOffset+window.innerWidth&&n+a>window.pageYOffset&&d+r>window.pageXOffset);if(i&&etargetAllowOtherCheck){allowed=!1;var c=document.createElement(\"script\");return c.src=\"\/\/hu.search.etargetnet.com\/generic\/uni.php?g=ref:58661,area:700x210\",void(document.getElementById(t)&&document.getElementById(e)&&(document.getElementById(t).parentNode.appendChild(c),document.getElementById(t).parentNode.removeChild(document.getElementById(t)),document.getElementById(e).parentNode.removeChild(document.getElementById(e)),document.removeEventListener(\"scroll\",etargetPostloadFunction7a9b589f63cb072bef80df221f46a22b),document.removeEventListener(\"resize\",etargetPostloadFunction7a9b589f63cb072bef80df221f46a22b),document.removeEventListener(\"DOMContentLoaded\",etargetPostloadFunction7a9b589f63cb072bef80df221f46a22b)))}}}var etargetDivID=\"etargetPostload7a9b589f63cb072bef80df221f46a22b\",etargetScriptID=\"etargetScript7a9b589f63cb072bef80df221f46a22b\",etargetPostloadPoint=document.createElement(\"div\");etargetPostloadPoint.id=etargetDivID;var etargetCurScript=document.getElementById(etargetScriptID);etargetCurScript.parentNode.appendChild(etargetPostloadPoint),document.addEventListener(\"scroll\",etargetPostloadFunction7a9b589f63cb072bef80df221f46a22b),document.addEventListener(\"resize\",etargetPostloadFunction7a9b589f63cb072bef80df221f46a22b),document.addEventListener(\"DOMContentLoaded\",etargetPostloadFunction7a9b589f63cb072bef80df221f46a22b);var etargetAllowOtherCheck=!0;if(typeof(\"forceRunPostload\")==\"string\"){etargetPostloadFunction7a9b589f63cb072bef80df221f46a22b()}<\/script><\/div><div id=\"friss-285311341\" class=\"friss-after-content friss-entity-placement\"><script type=\"text\/javascript\" id=\"etargetScript7a9b589f63cb072bef80df221f46a22b\">function etargetPostloadFunction7a9b589f63cb072bef80df221f46a22b(){var e=\"etargetPostload7a9b589f63cb072bef80df221f46a22b\",t=\"etargetScript7a9b589f63cb072bef80df221f46a22b\",o=document.getElementById(e);if(o){for(var n=o.offsetTop,d=o.offsetLeft,r=o.offsetWidth,a=o.offsetHeight;o.offsetParent;)o=o.offsetParent,n+=o.offsetTop,d+=o.offsetLeft;var i=(n<=window.pageYOffset+window.innerHeight&&d<window.pageXOffset+window.innerWidth&&n+a>window.pageYOffset&&d+r>window.pageXOffset);if(i&&etargetAllowOtherCheck){allowed=!1;var c=document.createElement(\"script\");return c.src=\"\/\/hu.search.etargetnet.com\/generic\/uni.php?g=ref:58661,area:700x210\",void(document.getElementById(t)&&document.getElementById(e)&&(document.getElementById(t).parentNode.appendChild(c),document.getElementById(t).parentNode.removeChild(document.getElementById(t)),document.getElementById(e).parentNode.removeChild(document.getElementById(e)),document.removeEventListener(\"scroll\",etargetPostloadFunction7a9b589f63cb072bef80df221f46a22b),document.removeEventListener(\"resize\",etargetPostloadFunction7a9b589f63cb072bef80df221f46a22b),document.removeEventListener(\"DOMContentLoaded\",etargetPostloadFunction7a9b589f63cb072bef80df221f46a22b)))}}}var etargetDivID=\"etargetPostload7a9b589f63cb072bef80df221f46a22b\",etargetScriptID=\"etargetScript7a9b589f63cb072bef80df221f46a22b\",etargetPostloadPoint=document.createElement(\"div\");etargetPostloadPoint.id=etargetDivID;var etargetCurScript=document.getElementById(etargetScriptID);etargetCurScript.parentNode.appendChild(etargetPostloadPoint),document.addEventListener(\"scroll\",etargetPostloadFunction7a9b589f63cb072bef80df221f46a22b),document.addEventListener(\"resize\",etargetPostloadFunction7a9b589f63cb072bef80df221f46a22b),document.addEventListener(\"DOMContentLoaded\",etargetPostloadFunction7a9b589f63cb072bef80df221f46a22b);var etargetAllowOtherCheck=!0;if(typeof(\"forceRunPostload\")==\"string\"){etargetPostloadFunction7a9b589f63cb072bef80df221f46a22b()}<\/script><\/div><div id=\"friss-3942002666\" class=\"friss-after-content_2 friss-entity-placement\" style=\"clear: both;\"><div class=\"wprss_ajax\" data-id=\"rss7597c07d68\"><img loading=\"lazy\" decoding=\"async\" src=\"https:\/\/friss-hirek.hu\/wp-content\/plugins\/wp-rss-retriever\/inc\/imgs\/ajax-loader.gif\" alt=\"Loading RSS Feed\" width=\"16\" height=\"16\"><\/div><\/div><br style=\"clear: both; display: block; float: none;\"\/><div id=\"friss-309348631\" class=\"friss-after-content_3 friss-entity-placement\">https:\/\/www.youtube.com\/watch?v=Pdnw4KiUWp0<\/div>","protected":false},"excerpt":{"rendered":"<p>Majdanics Bernadatt 31 \u00e9vesen m\u00e1r az IKEA legmagasabb szintj\u00e9n is szerepet v\u00e1llalt. T\u00f6bb ebb\u0151l Kapit\u00e1ny Istv\u00e1n \u00faj vez\u00e9rigazgat\u00f3t nevezett ki, mutatjuk, mit kell tudni r\u00f3la Er\u0151t kov\u00e1csolt abb\u00f3l is, hogy elvesztett\u00e9k az otthonukat. Ma 31 \u00e9vesen \u0151 az IKEA egyik legmagasabb nemzetk\u00f6zi poz\u00edci\u00f3ban l\u00e9v\u0151 magyar vezet\u0151je Mi t\u00f6rt\u00e9nt? Majdanics Bernadett lett a Nemzeti Befektet\u00e9si \u00dcgyn\u00f6ks\u00e9g [&hellip;]<\/p>\n","protected":false},"author":1,"featured_media":0,"comment_status":"open","ping_status":"open","sticky":false,"template":"","format":"standard","meta":{"footnotes":""},"categories":[7],"tags":[],"class_list":["post-171197","post","type-post","status-publish","format-standard","hentry","category-uzlet"],"amp_enabled":true,"_links":{"self":[{"href":"https:\/\/friss-hirek.hu\/index.php\/wp-json\/wp\/v2\/posts\/171197","targetHints":{"allow":["GET"]}}],"collection":[{"href":"https:\/\/friss-hirek.hu\/index.php\/wp-json\/wp\/v2\/posts"}],"about":[{"href":"https:\/\/friss-hirek.hu\/index.php\/wp-json\/wp\/v2\/types\/post"}],"author":[{"embeddable":true,"href":"https:\/\/friss-hirek.hu\/index.php\/wp-json\/wp\/v2\/users\/1"}],"replies":[{"embeddable":true,"href":"https:\/\/friss-hirek.hu\/index.php\/wp-json\/wp\/v2\/comments?post=171197"}],"version-history":[{"count":0,"href":"https:\/\/friss-hirek.hu\/index.php\/wp-json\/wp\/v2\/posts\/171197\/revisions"}],"wp:attachment":[{"href":"https:\/\/friss-hirek.hu\/index.php\/wp-json\/wp\/v2\/media?parent=171197"}],"wp:term":[{"taxonomy":"category","embeddable":true,"href":"https:\/\/friss-hirek.hu\/index.php\/wp-json\/wp\/v2\/categories?post=171197"},{"taxonomy":"post_tag","embeddable":true,"href":"https:\/\/friss-hirek.hu\/index.php\/wp-json\/wp\/v2\/tags?post=171197"}],"curies":[{"name":"wp","href":"https:\/\/api.w.org\/{rel}","templated":true}]}}