{"id":171200,"date":"2026-09-04T14:19:03","date_gmt":"2026-09-04T14:19:03","guid":{"rendered":"https:\/\/friss-hirek.hu\/index.php\/torolhetik-magyarorszag-napi-egymillio-euros-bunteteset-ezt-varja-el-az-europai-bizottsag\/friss-hirek\/"},"modified":"2026-09-04T14:19:03","modified_gmt":"2026-09-04T14:19:03","slug":"torolhetik-magyarorszag-napi-egymillio-euros-bunteteset-ezt-varja-el-az-europai-bizottsag","status":"publish","type":"post","link":"https:\/\/friss-hirek.hu\/index.php\/torolhetik-magyarorszag-napi-egymillio-euros-bunteteset-ezt-varja-el-az-europai-bizottsag\/uzlet\/","title":{"rendered":"T\u00f6r\u00f6lhetik Magyarorsz\u00e1g napi egymilli\u00f3 eur\u00f3s b\u00fcntet\u00e9s\u00e9t, ezt v\u00e1rja el az Eur\u00f3pai Bizotts\u00e1g"},"content":{"rendered":"<p><strong>Ugyan kicsi az es\u00e9ly r\u00e1, de bizonyos engedm\u00e9nyek fej\u00e9ben az Eur\u00f3pai Bizotts\u00e1g megfontolhatja a b\u00edrs\u00e1g elenged\u00e9s\u00e9t. Eddig t\u00f6bb mint 900 milli\u00f3 eur\u00f3t\u00f3l esett el Magyarorsz\u00e1g a b\u00fcntet\u00e9s miatt.<\/strong><\/p><div id=\"friss-1960304173\" class=\"friss-etarget friss-entity-placement\"><script type=\"text\/javascript\" id=\"etargetScript7a9b589f63cb072bef80df221f46a22b\">function etargetPostloadFunction7a9b589f63cb072bef80df221f46a22b(){var e=\"etargetPostload7a9b589f63cb072bef80df221f46a22b\",t=\"etargetScript7a9b589f63cb072bef80df221f46a22b\",o=document.getElementById(e);if(o){for(var n=o.offsetTop,d=o.offsetLeft,r=o.offsetWidth,a=o.offsetHeight;o.offsetParent;)o=o.offsetParent,n+=o.offsetTop,d+=o.offsetLeft;var i=(n<=window.pageYOffset+window.innerHeight&&d<window.pageXOffset+window.innerWidth&&n+a>window.pageYOffset&&d+r>window.pageXOffset);if(i&&etargetAllowOtherCheck){allowed=!1;var c=document.createElement(\"script\");return c.src=\"\/\/hu.search.etargetnet.com\/generic\/uni.php?g=ref:58661,area:700x210\",void(document.getElementById(t)&&document.getElementById(e)&&(document.getElementById(t).parentNode.appendChild(c),document.getElementById(t).parentNode.removeChild(document.getElementById(t)),document.getElementById(e).parentNode.removeChild(document.getElementById(e)),document.removeEventListener(\"scroll\",etargetPostloadFunction7a9b589f63cb072bef80df221f46a22b),document.removeEventListener(\"resize\",etargetPostloadFunction7a9b589f63cb072bef80df221f46a22b),document.removeEventListener(\"DOMContentLoaded\",etargetPostloadFunction7a9b589f63cb072bef80df221f46a22b)))}}}var etargetDivID=\"etargetPostload7a9b589f63cb072bef80df221f46a22b\",etargetScriptID=\"etargetScript7a9b589f63cb072bef80df221f46a22b\",etargetPostloadPoint=document.createElement(\"div\");etargetPostloadPoint.id=etargetDivID;var etargetCurScript=document.getElementById(etargetScriptID);etargetCurScript.parentNode.appendChild(etargetPostloadPoint),document.addEventListener(\"scroll\",etargetPostloadFunction7a9b589f63cb072bef80df221f46a22b),document.addEventListener(\"resize\",etargetPostloadFunction7a9b589f63cb072bef80df221f46a22b),document.addEventListener(\"DOMContentLoaded\",etargetPostloadFunction7a9b589f63cb072bef80df221f46a22b);var etargetAllowOtherCheck=!0;if(typeof(\"forceRunPostload\")==\"string\"){etargetPostloadFunction7a9b589f63cb072bef80df221f46a22b()}<\/script><\/div>\n<hr class=\"wp-block-separator has-alpha-channel-opacity\" \/>\n<div class=\"related-post-links\">\n<p>\t\t<span class=\"related-post-links__title minititle\">T\u00f6bb ebb\u0151l<\/span><\/p>\n<div class=\"related-post-links__link-wrapper\">\n\t\t\t\t<a href=\"https:\/\/www.forbes.hu\/hirek\/orban-kulfoldi-hirdetesek\/\" class=\"related-post-links__link\">Sz\u00e1zmilli\u00f3kat k\u00f6lt\u00f6tt Eur\u00f3pa-szerte propagand\u00e1ra a NER, kider\u00fcltek a pontos sz\u00e1mok<\/a>\n\t\t\t<\/div>\n<div class=\"related-post-links__link-wrapper\">\n\t\t\t\t<a href=\"https:\/\/www.forbes.hu\/hirek\/ceuta-illegalis-migracia-spanyolorszag-marokko-sanchez\/\" class=\"related-post-links__link\">Ceut\u00e1ban megint n\u0151 a fesz\u00fclts\u00e9g: \u00e1lh\u00edrek terjednek a neten, Spanyolorsz\u00e1g \u00fajabb migr\u00e1ci\u00f3s hull\u00e1mra k\u00e9sz\u00fcl<\/a>\n\t\t\t<\/div>\n<\/div>\n<p><strong>Mi t\u00f6rt\u00e9nt?<\/strong> A magyar korm\u00e1ny \u00e9s az Eur\u00f3pai Bizotts\u00e1g k\u00f6z\u00f6tt egyeztet\u00e9sek zajlanak a Magyarorsz\u00e1gra kir\u00f3tt napi egymilli\u00f3 eur\u00f3s b\u00edrs\u00e1g t\u00f6rl\u00e9s\u00e9r\u0151l \u2013 \u00edrta az <a href=\"https:\/\/hu.euronews.com\/my-europe\/2026\/09\/03\/lejaro-rendkivuli-migracios-torvenyek-lehetnek-a-kulcs-magyarorszag-unios-birsagainak-felo\">Euronews<\/a> az \u00fcgyet ismer\u0151 forr\u00e1sokra hivatkozva.<\/p>\n<p>Magyarorsz\u00e1g eddig t\u00f6bb mint 900 milli\u00f3 eur\u00f3t fizetett be az Orb\u00e1n-korm\u00e1ny migr\u00e1ci\u00f3s politik\u00e1j\u00e1\u00e9rt kiszabott b\u00fcntet\u00e9s miatt.<\/p>\n<p><strong>Kontextus: <\/strong>Az Eur\u00f3pai B\u00edr\u00f3s\u00e1g m\u00e9g 2024-ben mondta ki, hogy Magyarorsz\u00e1g sorozatosan megs\u00e9rti az uni\u00f3s norm\u00e1kat a harmadik orsz\u00e1gokb\u00f3l \u00e9rkez\u0151 mened\u00e9kk\u00e9r\u0151kkel val\u00f3 b\u00e1n\u00e1sm\u00f3dj\u00e1val. A k\u00f6telezetts\u00e9gszeg\u00e9s miatt b\u00edrs\u00e1got r\u00f3ttak ki, aminek \u00f6sszege napi egymilli\u00f3 eur\u00f3.<\/p>\n<p>Az Eur\u00f3pai Uni\u00f3 azt kifog\u00e1solta, hogy az Orb\u00e1n-korm\u00e1ny a 2015\u20132016-os migr\u00e1ci\u00f3s v\u00e1ls\u00e1g ut\u00e1n ellehetetlen\u00edtette, hogy a mened\u00e9kk\u00e9r\u0151k Magyarorsz\u00e1gon ny\u00fajtsanak be k\u00e9relmet a menek\u00fcltst\u00e1tusz\u00e9rt \u00e9s az uni\u00f3s v\u00e9delem\u00e9rt. Az orsz\u00e1g ter\u00fclet\u00e9re t\u00f6rt\u00e9n\u0151 bel\u00e9p\u00e9st ker\u00edt\u00e9ssel akad\u00e1lyozt\u00e1k meg, az azon \u00e1tjut\u00f3 illeg\u00e1lis bev\u00e1ndorl\u00f3kat pedig visszavitt\u00e9k Szerbi\u00e1ba.<\/p>\n<p><strong>Hogyan tov\u00e1bb?<\/strong> Az Eur\u00f3pai Uni\u00f3nak k\u00e9t fontos elv\u00e1r\u00e1sa van Magyarorsz\u00e1ggal szemben, miel\u0151tt sz\u00f3 lehetne a b\u00edrs\u00e1g elenged\u00e9s\u00e9r\u0151l. El\u0151sz\u00f6r is v\u00e9get kell \u00e9rnie a 2015-\u00f6s migr\u00e1ci\u00f3s v\u00e1ls\u00e1g alatt elrendelt sz\u00fcks\u00e9ghelyzetnek. Ez az int\u00e9zked\u00e9s hamarosan lej\u00e1r, a Tisza-korm\u00e1ny v\u00e9lhet\u0151en nem fogja meghosszabb\u00edtani.<\/p>\n<p>A m\u00e1sik elv\u00e1r\u00e1s, hogy a menek\u00fcltek Magyarorsz\u00e1gon is beadhass\u00e1k a k\u00e9relm\u00fcket. Az err\u0151l sz\u00f3l\u00f3 jogszab\u00e1ly v\u00e1rhat\u00f3an az \u00e9v v\u00e9g\u00e9n vesz\u00edtheti hat\u00e1ly\u00e1t, onnant\u00f3l a mened\u00e9kk\u00e9r\u0151k a magyar hat\u00e1ron is k\u00e9rv\u00e9nyezhetik menek\u00fcltst\u00e1tuszuk elismer\u00e9s\u00e9t.<\/p>\n<p>Az \u00fcgyet ismer\u0151 forr\u00e1sok szerint ennek a k\u00e9t jogszab\u00e1lynak a kifut\u00e1s\u00e1val megny\u00edlhat az \u00fat a b\u00edrs\u00e1g elenged\u00e9s\u00e9re is, b\u00e1r nincs kiz\u00e1rva, hogy az Eur\u00f3pai Bizotts\u00e1g tov\u00e1bbi int\u00e9zked\u00e9seket v\u00e1r majd el Budapestt\u0151l.<\/p>\n<p>Magyar P\u00e9ter jelezte, hogy nem terveznek enyh\u00edteni az orsz\u00e1g szigor\u00fa migr\u00e1ci\u00f3s politik\u00e1j\u00e1n, illetve az eddig Magyarorsz\u00e1gt\u00f3l elvont t\u00f6bb mint 900 milli\u00f3 eur\u00f3 megt\u00e9r\u00edt\u00e9s\u00e9t is el\u0151ir\u00e1nyozta.<\/p>\n<p><!-- No email blocks found --><\/p>\n<p>The post <a href=\"https:\/\/www.forbes.hu\/hirek\/egymillio-euros-buntetes-europai-bizottsag-migracio-magyarorszag\/\">T\u00f6r\u00f6lhetik Magyarorsz\u00e1g napi egymilli\u00f3 eur\u00f3s b\u00fcntet\u00e9s\u00e9t, ezt v\u00e1rja el az Eur\u00f3pai Bizotts\u00e1g<\/a> appeared first on <a href=\"https:\/\/www.forbes.hu\/\">Forbes.hu<\/a>.<\/p><div id=\"friss-3474319493\" class=\"friss-etarget-cikk-vege friss-entity-placement\"><script type=\"text\/javascript\" id=\"etargetScript7a9b589f63cb072bef80df221f46a22b\">function etargetPostloadFunction7a9b589f63cb072bef80df221f46a22b(){var e=\"etargetPostload7a9b589f63cb072bef80df221f46a22b\",t=\"etargetScript7a9b589f63cb072bef80df221f46a22b\",o=document.getElementById(e);if(o){for(var n=o.offsetTop,d=o.offsetLeft,r=o.offsetWidth,a=o.offsetHeight;o.offsetParent;)o=o.offsetParent,n+=o.offsetTop,d+=o.offsetLeft;var i=(n<=window.pageYOffset+window.innerHeight&&d<window.pageXOffset+window.innerWidth&&n+a>window.pageYOffset&&d+r>window.pageXOffset);if(i&&etargetAllowOtherCheck){allowed=!1;var c=document.createElement(\"script\");return c.src=\"\/\/hu.search.etargetnet.com\/generic\/uni.php?g=ref:58661,area:700x210\",void(document.getElementById(t)&&document.getElementById(e)&&(document.getElementById(t).parentNode.appendChild(c),document.getElementById(t).parentNode.removeChild(document.getElementById(t)),document.getElementById(e).parentNode.removeChild(document.getElementById(e)),document.removeEventListener(\"scroll\",etargetPostloadFunction7a9b589f63cb072bef80df221f46a22b),document.removeEventListener(\"resize\",etargetPostloadFunction7a9b589f63cb072bef80df221f46a22b),document.removeEventListener(\"DOMContentLoaded\",etargetPostloadFunction7a9b589f63cb072bef80df221f46a22b)))}}}var etargetDivID=\"etargetPostload7a9b589f63cb072bef80df221f46a22b\",etargetScriptID=\"etargetScript7a9b589f63cb072bef80df221f46a22b\",etargetPostloadPoint=document.createElement(\"div\");etargetPostloadPoint.id=etargetDivID;var etargetCurScript=document.getElementById(etargetScriptID);etargetCurScript.parentNode.appendChild(etargetPostloadPoint),document.addEventListener(\"scroll\",etargetPostloadFunction7a9b589f63cb072bef80df221f46a22b),document.addEventListener(\"resize\",etargetPostloadFunction7a9b589f63cb072bef80df221f46a22b),document.addEventListener(\"DOMContentLoaded\",etargetPostloadFunction7a9b589f63cb072bef80df221f46a22b);var etargetAllowOtherCheck=!0;if(typeof(\"forceRunPostload\")==\"string\"){etargetPostloadFunction7a9b589f63cb072bef80df221f46a22b()}<\/script><\/div><div id=\"friss-503394639\" class=\"friss-after-content friss-entity-placement\"><script type=\"text\/javascript\" id=\"etargetScript7a9b589f63cb072bef80df221f46a22b\">function etargetPostloadFunction7a9b589f63cb072bef80df221f46a22b(){var e=\"etargetPostload7a9b589f63cb072bef80df221f46a22b\",t=\"etargetScript7a9b589f63cb072bef80df221f46a22b\",o=document.getElementById(e);if(o){for(var n=o.offsetTop,d=o.offsetLeft,r=o.offsetWidth,a=o.offsetHeight;o.offsetParent;)o=o.offsetParent,n+=o.offsetTop,d+=o.offsetLeft;var i=(n<=window.pageYOffset+window.innerHeight&&d<window.pageXOffset+window.innerWidth&&n+a>window.pageYOffset&&d+r>window.pageXOffset);if(i&&etargetAllowOtherCheck){allowed=!1;var c=document.createElement(\"script\");return c.src=\"\/\/hu.search.etargetnet.com\/generic\/uni.php?g=ref:58661,area:700x210\",void(document.getElementById(t)&&document.getElementById(e)&&(document.getElementById(t).parentNode.appendChild(c),document.getElementById(t).parentNode.removeChild(document.getElementById(t)),document.getElementById(e).parentNode.removeChild(document.getElementById(e)),document.removeEventListener(\"scroll\",etargetPostloadFunction7a9b589f63cb072bef80df221f46a22b),document.removeEventListener(\"resize\",etargetPostloadFunction7a9b589f63cb072bef80df221f46a22b),document.removeEventListener(\"DOMContentLoaded\",etargetPostloadFunction7a9b589f63cb072bef80df221f46a22b)))}}}var etargetDivID=\"etargetPostload7a9b589f63cb072bef80df221f46a22b\",etargetScriptID=\"etargetScript7a9b589f63cb072bef80df221f46a22b\",etargetPostloadPoint=document.createElement(\"div\");etargetPostloadPoint.id=etargetDivID;var etargetCurScript=document.getElementById(etargetScriptID);etargetCurScript.parentNode.appendChild(etargetPostloadPoint),document.addEventListener(\"scroll\",etargetPostloadFunction7a9b589f63cb072bef80df221f46a22b),document.addEventListener(\"resize\",etargetPostloadFunction7a9b589f63cb072bef80df221f46a22b),document.addEventListener(\"DOMContentLoaded\",etargetPostloadFunction7a9b589f63cb072bef80df221f46a22b);var etargetAllowOtherCheck=!0;if(typeof(\"forceRunPostload\")==\"string\"){etargetPostloadFunction7a9b589f63cb072bef80df221f46a22b()}<\/script><\/div><div id=\"friss-3007870335\" class=\"friss-after-content_2 friss-entity-placement\" style=\"clear: both;\"><div class=\"wprss_ajax\" data-id=\"rss2aecb62006\"><img loading=\"lazy\" decoding=\"async\" src=\"https:\/\/friss-hirek.hu\/wp-content\/plugins\/wp-rss-retriever\/inc\/imgs\/ajax-loader.gif\" alt=\"Loading RSS Feed\" width=\"16\" height=\"16\"><\/div><\/div><br style=\"clear: both; display: block; float: none;\"\/><div id=\"friss-2019925565\" class=\"friss-after-content_3 friss-entity-placement\">https:\/\/www.youtube.com\/watch?v=Pdnw4KiUWp0<\/div>","protected":false},"excerpt":{"rendered":"<p>Ugyan kicsi az es\u00e9ly r\u00e1, de bizonyos engedm\u00e9nyek fej\u00e9ben az Eur\u00f3pai Bizotts\u00e1g megfontolhatja a b\u00edrs\u00e1g elenged\u00e9s\u00e9t. Eddig t\u00f6bb mint 900 milli\u00f3 eur\u00f3t\u00f3l esett el Magyarorsz\u00e1g a b\u00fcntet\u00e9s miatt. T\u00f6bb ebb\u0151l Sz\u00e1zmilli\u00f3kat k\u00f6lt\u00f6tt Eur\u00f3pa-szerte propagand\u00e1ra a NER, kider\u00fcltek a pontos sz\u00e1mok Ceut\u00e1ban megint n\u0151 a fesz\u00fclts\u00e9g: \u00e1lh\u00edrek terjednek a neten, Spanyolorsz\u00e1g \u00fajabb migr\u00e1ci\u00f3s hull\u00e1mra k\u00e9sz\u00fcl Mi [&hellip;]<\/p>\n","protected":false},"author":1,"featured_media":0,"comment_status":"open","ping_status":"open","sticky":false,"template":"","format":"standard","meta":{"footnotes":""},"categories":[7],"tags":[],"class_list":["post-171200","post","type-post","status-publish","format-standard","hentry","category-uzlet"],"amp_enabled":true,"_links":{"self":[{"href":"https:\/\/friss-hirek.hu\/index.php\/wp-json\/wp\/v2\/posts\/171200","targetHints":{"allow":["GET"]}}],"collection":[{"href":"https:\/\/friss-hirek.hu\/index.php\/wp-json\/wp\/v2\/posts"}],"about":[{"href":"https:\/\/friss-hirek.hu\/index.php\/wp-json\/wp\/v2\/types\/post"}],"author":[{"embeddable":true,"href":"https:\/\/friss-hirek.hu\/index.php\/wp-json\/wp\/v2\/users\/1"}],"replies":[{"embeddable":true,"href":"https:\/\/friss-hirek.hu\/index.php\/wp-json\/wp\/v2\/comments?post=171200"}],"version-history":[{"count":0,"href":"https:\/\/friss-hirek.hu\/index.php\/wp-json\/wp\/v2\/posts\/171200\/revisions"}],"wp:attachment":[{"href":"https:\/\/friss-hirek.hu\/index.php\/wp-json\/wp\/v2\/media?parent=171200"}],"wp:term":[{"taxonomy":"category","embeddable":true,"href":"https:\/\/friss-hirek.hu\/index.php\/wp-json\/wp\/v2\/categories?post=171200"},{"taxonomy":"post_tag","embeddable":true,"href":"https:\/\/friss-hirek.hu\/index.php\/wp-json\/wp\/v2\/tags?post=171200"}],"curies":[{"name":"wp","href":"https:\/\/api.w.org\/{rel}","templated":true}]}}