{"id":171201,"date":"2026-09-04T14:19:04","date_gmt":"2026-09-04T14:19:04","guid":{"rendered":"https:\/\/friss-hirek.hu\/index.php\/megjelent-a-telepulesek-rangsora-mindenki-megnezheti-hol-all-lakohelye-a-listan\/friss-hirek\/"},"modified":"2026-09-04T14:19:04","modified_gmt":"2026-09-04T14:19:04","slug":"megjelent-a-telepulesek-rangsora-mindenki-megnezheti-hol-all-lakohelye-a-listan","status":"publish","type":"post","link":"https:\/\/friss-hirek.hu\/index.php\/megjelent-a-telepulesek-rangsora-mindenki-megnezheti-hol-all-lakohelye-a-listan\/videk\/","title":{"rendered":"Megjelent a telep\u00fcl\u00e9sek rangsora: mindenki megn\u00e9zheti, hol \u00e1ll lak\u00f3helye a list\u00e1n"},"content":{"rendered":"<p>Szinte minden magyarorsz\u00e1gi telep\u00fcl\u00e9s fejl\u0151d\u00f6tt 2014 \u00f3ta, \u00e1m az oll\u00f3 egyre ny\u00edlik a kistelep\u00fcl\u00e9sek k\u00f6z\u00f6tt \u2013 der\u00fcl ki a 2026-os adatokb\u00f3l. A Telep\u00fcl\u00e9sindex 2026 t\u00f6bb mint 360 ezer statisztikai adat alapj\u00e1n k\u00e9sz\u00fclt el, az elemz\u00e9sb\u0151l pedig kider\u00fcl, hogy a legfejlettebb kistelep\u00fcl\u00e9s Felcs\u00fat, m\u00edg a legszeg\u00e9nyebb Cseny\u00e9te lett, \u00edrta a <a href=\"https:\/\/www.beol.hu\/helyi-kozelet\/2026\/09\/telepulesindex-2026-rangsor-bekes-megye?utm_source=facebook&amp;utm_medium=social&amp;utm_campaign=beol&amp;fbclid=IwY2xjawUHLONwZG9mBWV4dG4DYWVtAjExAHNydGMGYXBwX2lkEDIyMjAzOTE3ODgyMDA4OTIAAR7C8p4TGCvysZsmp9X0koVsNIFrjWdw2fiUc7OCu_LVkGZGs6-MRlt1GuWoVA_aem_Oo2-4IVYqIrRMOthc3RNVQ\" target=\"_blank\" rel=\"noopener\">B\u00e9k\u00e9s v\u00e1rmegyei h\u00edrport\u00e1l<\/a>.<\/p><div id=\"friss-353338313\" class=\"friss-etarget friss-entity-placement\"><script type=\"text\/javascript\" id=\"etargetScript7a9b589f63cb072bef80df221f46a22b\">function etargetPostloadFunction7a9b589f63cb072bef80df221f46a22b(){var e=\"etargetPostload7a9b589f63cb072bef80df221f46a22b\",t=\"etargetScript7a9b589f63cb072bef80df221f46a22b\",o=document.getElementById(e);if(o){for(var n=o.offsetTop,d=o.offsetLeft,r=o.offsetWidth,a=o.offsetHeight;o.offsetParent;)o=o.offsetParent,n+=o.offsetTop,d+=o.offsetLeft;var i=(n<=window.pageYOffset+window.innerHeight&&d<window.pageXOffset+window.innerWidth&&n+a>window.pageYOffset&&d+r>window.pageXOffset);if(i&&etargetAllowOtherCheck){allowed=!1;var c=document.createElement(\"script\");return c.src=\"\/\/hu.search.etargetnet.com\/generic\/uni.php?g=ref:58661,area:700x210\",void(document.getElementById(t)&&document.getElementById(e)&&(document.getElementById(t).parentNode.appendChild(c),document.getElementById(t).parentNode.removeChild(document.getElementById(t)),document.getElementById(e).parentNode.removeChild(document.getElementById(e)),document.removeEventListener(\"scroll\",etargetPostloadFunction7a9b589f63cb072bef80df221f46a22b),document.removeEventListener(\"resize\",etargetPostloadFunction7a9b589f63cb072bef80df221f46a22b),document.removeEventListener(\"DOMContentLoaded\",etargetPostloadFunction7a9b589f63cb072bef80df221f46a22b)))}}}var etargetDivID=\"etargetPostload7a9b589f63cb072bef80df221f46a22b\",etargetScriptID=\"etargetScript7a9b589f63cb072bef80df221f46a22b\",etargetPostloadPoint=document.createElement(\"div\");etargetPostloadPoint.id=etargetDivID;var etargetCurScript=document.getElementById(etargetScriptID);etargetCurScript.parentNode.appendChild(etargetPostloadPoint),document.addEventListener(\"scroll\",etargetPostloadFunction7a9b589f63cb072bef80df221f46a22b),document.addEventListener(\"resize\",etargetPostloadFunction7a9b589f63cb072bef80df221f46a22b),document.addEventListener(\"DOMContentLoaded\",etargetPostloadFunction7a9b589f63cb072bef80df221f46a22b);var etargetAllowOtherCheck=!0;if(typeof(\"forceRunPostload\")==\"string\"){etargetPostloadFunction7a9b589f63cb072bef80df221f46a22b()}<\/script><\/div>\n<h2>Felcs\u00fat lett a leggazdagabb, Cseny\u00e9te pedig a legszeg\u00e9nyebb magyar kistelep\u00fcl\u00e9s<\/h2>\n<p>Az Egyens\u00faly Int\u00e9zet 2026-os Telep\u00fcl\u00e9sindexe szerint szinte minden magyarorsz\u00e1gi telep\u00fcl\u00e9s fejl\u0151d\u00f6tt 2014 \u00f3ta, \u00e1m a fejl\u0151d\u00e9s \u00fcteme er\u0151sen elt\u00e9r\u0151: mik\u00f6zben a nagyobb v\u00e1rosok k\u00f6z\u00f6tt cs\u00f6kkentek a fejletts\u00e9gbeli k\u00fcl\u00f6nbs\u00e9gek, a kisebb telep\u00fcl\u00e9sek mez\u0151nye egyre ink\u00e1bb sz\u00e9tszakad. Az agytr\u00f6szt adatai alapj\u00e1n egy-egy telep\u00fcl\u00e9s hossz\u00fa t\u00e1v\u00fa fejl\u0151d\u00e9s\u00e9nek kulcsa a diplom\u00e1sok helyben tart\u00e1sa \u00e9s odavonz\u00e1sa.<\/p>\n<h2>A megyesz\u00e9khelyek k\u00f6z\u00f6tt Sz\u00e9kesfeh\u00e9rv\u00e1r vezet<\/h2>\n<p>A 2024-ben l\u00e9trehozott Telep\u00fcl\u00e9sindex 3154 magyar telep\u00fcl\u00e9s \u00e9s 23 budapesti ker\u00fclet fejletts\u00e9g\u00e9t hasonl\u00edtja \u00f6ssze \u00e9s \u00e1ll\u00edtja sorrendbe, t\u00f6bb mint 360 ezer nyilv\u00e1nosan hozz\u00e1f\u00e9rhet\u0151 statisztikai adat \u00e9s 53 indik\u00e1tor alapj\u00e1n.<\/p>\n<h2>Az \u00e9lmez\u0151nyben v\u00e9geztek<\/h2>\n<p>A kutat\u00e1sban <strong>a budapesti ker\u00fcletek k\u00f6z\u00f6tt<\/strong> az V. ker\u00fclet (Belv\u00e1ros-Lip\u00f3tv\u00e1ros) v\u00e9gzett az els\u0151 helyen, \u00e9s egyben ez volt a legdinamikusabban fejl\u0151d\u0151 ker\u00fclet is 2014 \u00f3ta; a Belv\u00e1rost a fejletts\u00e9gi rangsorban a VI. \u00e9s az I. ker\u00fclet k\u00f6veti.<\/p>\n<p><strong>A megyesz\u00e9khelyek k\u00f6z\u00f6tt<\/strong> Sz\u00e9kesfeh\u00e9rv\u00e1r \u0151rzi els\u0151 hely\u00e9t Veszpr\u00e9m \u00e9s Eger el\u0151tt. A fejl\u0151d\u00e9si dinamika legszembet\u0171n\u0151bb eredm\u00e9nye Miskolc el\u0151ret\u00f6r\u00e9se: a v\u00e1ros 2014 \u00f3ta 18,3 indexponttal jav\u00edtott, ezzel P\u00e9cset \u00e9s Debrecent is megel\u0151zve a legdinamikusabban fejl\u0151d\u0151 megyesz\u00e9khely lett. Miskolc n\u00e9gy helyet jav\u00edtva \u00edgy jelenleg a tizedik a fejletts\u00e9gi rangsorban.<\/p>\n<p><strong>A 15 ezer f\u0151 feletti v\u00e1rosok k\u00f6z\u00f6tt<\/strong> Sz\u00e1zhalombatta, Buda\u00f6rs \u00e9s Paks alkotja a dobog\u00f3t, m\u00edg a fejl\u0151d\u00e9s \u00fctem\u00e9ben Biatorb\u00e1gy bizonyult a kateg\u00f3ria rekorder\u00e9nek, amely 2014 \u00f3ta a 37. helyr\u0151l az \u00f6t\u00f6dikre l\u00e9pett el\u0151re.<\/p>\n<p><strong>Az 5000-15 000 f\u0151s telep\u00fcl\u00e9sek k\u00f6z\u00f6tt<\/strong> Balatonf\u00fcred nemcsak a legfejlettebb, hanem a legdinamikusabban fejl\u0151d\u0151 is, m\u00f6g\u00f6tte Tisza\u00fajv\u00e1ros \u00e9s T\u00f6r\u00f6kb\u00e1lint \u00e1ll a fejletts\u00e9gi rangsorban.<\/p>\n<p><strong>Az 5000 f\u0151 alatti kistelep\u00fcl\u00e9sek<\/strong> \u00e9l\u00e9re Felcs\u00fat ker\u00fclt, H\u00e9v\u00edz \u00e9s Tihany el\u0151tt, \u00e9s ugyancsak Felcs\u00fat vezeti a fejl\u0151d\u00e9si dinamika rangsor\u00e1t. A telep\u00fcl\u00e9s 2014 \u00f3ta 58 helyet jav\u00edtott, \u00e9s ker\u00fclt a rangsor \u00e9lre egy b\u0151 \u00e9vtized alatt.<\/p>\n<h2>A legelmaradottabb 15 kistelep\u00fcl\u00e9s<\/h2>\n<p>Els\u0151sorban Borsod-Aba\u00faj-Zempl\u00e9nben, Barany\u00e1ban \u00e9s a zalai apr\u00f3falvas t\u00e9rs\u00e9gben tal\u00e1lhat\u00f3. Az orsz\u00e1g legkev\u00e9sb\u00e9 fejlett telep\u00fcl\u00e9se jelenleg Cseny\u00e9te, melyet Szak\u00e1csi, B\u00f3dvalenke \u00e9s Gadna k\u00f6vet.<\/p>\n<p>Ahogy az az Egyens\u00faly Int\u00e9zet felm\u00e9r\u00e9s\u00e9b\u0151l kider\u00fcl, az eg\u00e9sz orsz\u00e1gban mind\u00f6ssze n\u00e9h\u00e1ny kistelep\u00fcl\u00e9s indult el \u00e9rdemben lefel\u00e9 a lejt\u0151n 2014 \u00f3ta. A visszafejl\u0151d\u00e9s jellemz\u0151en a kor\u00e1bban kedvez\u0151bb helyzet\u0171 telep\u00fcl\u00e9sek poz\u00edci\u00f3veszt\u00e9s\u00e9t mutatja meg, nem pedig a perif\u00e9ri\u00e1k tov\u00e1bbi gyeng\u00fcl\u00e9s\u00e9t. A szolidarit\u00e1si hozz\u00e1j\u00e1rul\u00e1s azonban t\u00f6bb telep\u00fcl\u00e9s eset\u00e9ben is relat\u00edv visszaes\u00e9st eredm\u00e9nyezett: Buda\u00f6rs ez\u00e9rt vesztette el kor\u00e1bbi els\u0151 helyez\u00e9s\u00e9t, tov\u00e1bb\u00e1 Tiszak\u00e9cske 14, Bugyi 12, Kazincbarcika pedig 8 helyet cs\u00faszott vissza.<\/p>\n<h2>Az elemz\u00e9s r\u00e1vil\u00e1g\u00edt<\/h2>\n<p>Az agglomer\u00e1ci\u00f3s telep\u00fcl\u00e9sek egyik legs\u00falyosabb \u00e1rnyoldala: a n\u00e9pess\u00e9grobban\u00e1st a helyi infrastrukt\u00fara sokszor k\u00e9ptelen lek\u00f6vetni. A j\u00f3m\u00f3d\u00fa agglomer\u00e1ci\u00f3s telep\u00fcl\u00e9sek hi\u00e1ba vonzz\u00e1k be a magas j\u00f6vedelm\u0171 \u00e9s k\u00e9pzett lakoss\u00e1got, a helyi szolg\u00e1ltat\u00e1sok hamar t\u00falterheltt\u00e9 v\u00e1lnak.<\/p>\n<p>A teljes lista <a rel=\"nofollow\" href=\"https:\/\/telepulesindex.hu\/\" target=\"_blank\">ide kattintva<\/a> \u00e9rhet\u0151 el, ahol mindenki r\u00e1kereshet saj\u00e1t lakhely\u00e9re is.<\/p>\n<p>Mint arr\u00f3l besz\u00e1moltunk, <a href=\"https:\/\/sokszinuvidek.24.hu\/viragzo-videkunk\/2025\/09\/03\/leggazdagabb-telepules-falu-varos-lista\/\" target=\"_blank\" rel=\"noopener\">ezek haz\u00e1nk leggazdagabb telep\u00fcl\u00e9sei<\/a>, valamint arr\u00f3l is \u00edrtunk, hogy <a href=\"https:\/\/sokszinuvidek.24.hu\/viragzo-videkunk\/2026\/04\/11\/kihirdettek-az-orszag-legszebb-telepulesneveit\/\" target=\"_blank\" rel=\"noopener\">kihirdett\u00e9k az orsz\u00e1g legszebb telep\u00fcl\u00e9sneveit<\/a>.<\/p>\n<div class=\"o-post__articRecommend m-articRecommend -hasImg cf article-recommendation-container cf _ce_measure_widget\" data-ce-measure-widget=\"Cikkaj\u00e1nl\u00f3 widget\">\n<div class=\"m-articRecommend__widgetTitle\">Kapcsol\u00f3d\u00f3<\/div>\n<div class=\"m-articRecommend__imgWrap image-container\"><a href=\"https:\/\/sokszinuvidek.24.hu\/viragzo-videkunk\/2026\/07\/03\/balaton-ingatlan-telepules\/\" target=\"_self\"><img loading=\"lazy\" decoding=\"async\" width=\"480\" height=\"270\" src=\"https:\/\/s.24.hu\/app\/uploads\/sites\/11\/2026\/07\/gettyimages-520517678-e1782910626805-480x270.jpg\" class=\"img-responsive wp-post-image\" alt=\"\" \/><\/a><\/div>\n<div class=\"m-articRecommend__cntWrap content-container \">\n\t\t\t<a href=\"https:\/\/sokszinuvidek.24.hu\/viragzo-videkunk\/2026\/07\/03\/balaton-ingatlan-telepules\/\" target=\"_self\" class=\"m-articRecommend__title ar-title\">Ezek a Balaton legdr\u00e1g\u00e1bb telep\u00fcl\u00e9sei, meglep\u0151en alakult a sorrend<\/a>\n<div class=\"m-articRecommend__lead ar-lead\">Mutatjuk a h\u00e1rom legdr\u00e1g\u00e1bb telep\u00fcl\u00e9st.<\/div>\n<\/div>\n<\/div>\n<p>The post <a href=\"https:\/\/sokszinuvidek.24.hu\/viragzo-videkunk\/2026\/09\/04\/telepulesindex-lakohely-statisztika\/\" target=\"_blank\">Megjelent a telep\u00fcl\u00e9sek rangsora: mindenki megn\u00e9zheti, hol \u00e1ll lak\u00f3helye a list\u00e1n<\/a> first appeared on <a href=\"https:\/\/sokszinuvidek.24.hu\/\" target=\"_blank\">Soksz\u00edn\u0171 vid\u00e9k<\/a>.<\/p><div id=\"friss-1340725689\" class=\"friss-etarget-cikk-vege friss-entity-placement\"><script type=\"text\/javascript\" id=\"etargetScript7a9b589f63cb072bef80df221f46a22b\">function etargetPostloadFunction7a9b589f63cb072bef80df221f46a22b(){var e=\"etargetPostload7a9b589f63cb072bef80df221f46a22b\",t=\"etargetScript7a9b589f63cb072bef80df221f46a22b\",o=document.getElementById(e);if(o){for(var n=o.offsetTop,d=o.offsetLeft,r=o.offsetWidth,a=o.offsetHeight;o.offsetParent;)o=o.offsetParent,n+=o.offsetTop,d+=o.offsetLeft;var i=(n<=window.pageYOffset+window.innerHeight&&d<window.pageXOffset+window.innerWidth&&n+a>window.pageYOffset&&d+r>window.pageXOffset);if(i&&etargetAllowOtherCheck){allowed=!1;var c=document.createElement(\"script\");return c.src=\"\/\/hu.search.etargetnet.com\/generic\/uni.php?g=ref:58661,area:700x210\",void(document.getElementById(t)&&document.getElementById(e)&&(document.getElementById(t).parentNode.appendChild(c),document.getElementById(t).parentNode.removeChild(document.getElementById(t)),document.getElementById(e).parentNode.removeChild(document.getElementById(e)),document.removeEventListener(\"scroll\",etargetPostloadFunction7a9b589f63cb072bef80df221f46a22b),document.removeEventListener(\"resize\",etargetPostloadFunction7a9b589f63cb072bef80df221f46a22b),document.removeEventListener(\"DOMContentLoaded\",etargetPostloadFunction7a9b589f63cb072bef80df221f46a22b)))}}}var etargetDivID=\"etargetPostload7a9b589f63cb072bef80df221f46a22b\",etargetScriptID=\"etargetScript7a9b589f63cb072bef80df221f46a22b\",etargetPostloadPoint=document.createElement(\"div\");etargetPostloadPoint.id=etargetDivID;var etargetCurScript=document.getElementById(etargetScriptID);etargetCurScript.parentNode.appendChild(etargetPostloadPoint),document.addEventListener(\"scroll\",etargetPostloadFunction7a9b589f63cb072bef80df221f46a22b),document.addEventListener(\"resize\",etargetPostloadFunction7a9b589f63cb072bef80df221f46a22b),document.addEventListener(\"DOMContentLoaded\",etargetPostloadFunction7a9b589f63cb072bef80df221f46a22b);var etargetAllowOtherCheck=!0;if(typeof(\"forceRunPostload\")==\"string\"){etargetPostloadFunction7a9b589f63cb072bef80df221f46a22b()}<\/script><\/div><div id=\"friss-2120836390\" class=\"friss-after-content friss-entity-placement\"><script type=\"text\/javascript\" id=\"etargetScript7a9b589f63cb072bef80df221f46a22b\">function etargetPostloadFunction7a9b589f63cb072bef80df221f46a22b(){var e=\"etargetPostload7a9b589f63cb072bef80df221f46a22b\",t=\"etargetScript7a9b589f63cb072bef80df221f46a22b\",o=document.getElementById(e);if(o){for(var n=o.offsetTop,d=o.offsetLeft,r=o.offsetWidth,a=o.offsetHeight;o.offsetParent;)o=o.offsetParent,n+=o.offsetTop,d+=o.offsetLeft;var i=(n<=window.pageYOffset+window.innerHeight&&d<window.pageXOffset+window.innerWidth&&n+a>window.pageYOffset&&d+r>window.pageXOffset);if(i&&etargetAllowOtherCheck){allowed=!1;var c=document.createElement(\"script\");return c.src=\"\/\/hu.search.etargetnet.com\/generic\/uni.php?g=ref:58661,area:700x210\",void(document.getElementById(t)&&document.getElementById(e)&&(document.getElementById(t).parentNode.appendChild(c),document.getElementById(t).parentNode.removeChild(document.getElementById(t)),document.getElementById(e).parentNode.removeChild(document.getElementById(e)),document.removeEventListener(\"scroll\",etargetPostloadFunction7a9b589f63cb072bef80df221f46a22b),document.removeEventListener(\"resize\",etargetPostloadFunction7a9b589f63cb072bef80df221f46a22b),document.removeEventListener(\"DOMContentLoaded\",etargetPostloadFunction7a9b589f63cb072bef80df221f46a22b)))}}}var etargetDivID=\"etargetPostload7a9b589f63cb072bef80df221f46a22b\",etargetScriptID=\"etargetScript7a9b589f63cb072bef80df221f46a22b\",etargetPostloadPoint=document.createElement(\"div\");etargetPostloadPoint.id=etargetDivID;var etargetCurScript=document.getElementById(etargetScriptID);etargetCurScript.parentNode.appendChild(etargetPostloadPoint),document.addEventListener(\"scroll\",etargetPostloadFunction7a9b589f63cb072bef80df221f46a22b),document.addEventListener(\"resize\",etargetPostloadFunction7a9b589f63cb072bef80df221f46a22b),document.addEventListener(\"DOMContentLoaded\",etargetPostloadFunction7a9b589f63cb072bef80df221f46a22b);var etargetAllowOtherCheck=!0;if(typeof(\"forceRunPostload\")==\"string\"){etargetPostloadFunction7a9b589f63cb072bef80df221f46a22b()}<\/script><\/div><div id=\"friss-700237200\" class=\"friss-after-content_2 friss-entity-placement\" style=\"clear: both;\"><div class=\"wprss_ajax\" data-id=\"rss1cd9d51f4a\"><img loading=\"lazy\" decoding=\"async\" src=\"https:\/\/friss-hirek.hu\/wp-content\/plugins\/wp-rss-retriever\/inc\/imgs\/ajax-loader.gif\" alt=\"Loading RSS Feed\" width=\"16\" height=\"16\"><\/div><\/div><br style=\"clear: both; display: block; float: none;\"\/><div id=\"friss-579198578\" class=\"friss-after-content_3 friss-entity-placement\">https:\/\/www.youtube.com\/watch?v=Pdnw4KiUWp0<\/div>","protected":false},"excerpt":{"rendered":"<p>Szinte minden magyarorsz\u00e1gi telep\u00fcl\u00e9s fejl\u0151d\u00f6tt 2014 \u00f3ta, \u00e1m az oll\u00f3 egyre ny\u00edlik a kistelep\u00fcl\u00e9sek k\u00f6z\u00f6tt \u2013 der\u00fcl ki a 2026-os adatokb\u00f3l. A Telep\u00fcl\u00e9sindex 2026 t\u00f6bb mint 360 ezer statisztikai adat alapj\u00e1n k\u00e9sz\u00fclt el, az elemz\u00e9sb\u0151l pedig kider\u00fcl, hogy a legfejlettebb kistelep\u00fcl\u00e9s Felcs\u00fat, m\u00edg a legszeg\u00e9nyebb Cseny\u00e9te lett, \u00edrta a B\u00e9k\u00e9s v\u00e1rmegyei h\u00edrport\u00e1l. Felcs\u00fat lett a [&hellip;]<\/p>\n","protected":false},"author":1,"featured_media":0,"comment_status":"open","ping_status":"open","sticky":false,"template":"","format":"standard","meta":{"footnotes":""},"categories":[6],"tags":[],"class_list":["post-171201","post","type-post","status-publish","format-standard","hentry","category-videk"],"amp_enabled":true,"_links":{"self":[{"href":"https:\/\/friss-hirek.hu\/index.php\/wp-json\/wp\/v2\/posts\/171201","targetHints":{"allow":["GET"]}}],"collection":[{"href":"https:\/\/friss-hirek.hu\/index.php\/wp-json\/wp\/v2\/posts"}],"about":[{"href":"https:\/\/friss-hirek.hu\/index.php\/wp-json\/wp\/v2\/types\/post"}],"author":[{"embeddable":true,"href":"https:\/\/friss-hirek.hu\/index.php\/wp-json\/wp\/v2\/users\/1"}],"replies":[{"embeddable":true,"href":"https:\/\/friss-hirek.hu\/index.php\/wp-json\/wp\/v2\/comments?post=171201"}],"version-history":[{"count":0,"href":"https:\/\/friss-hirek.hu\/index.php\/wp-json\/wp\/v2\/posts\/171201\/revisions"}],"wp:attachment":[{"href":"https:\/\/friss-hirek.hu\/index.php\/wp-json\/wp\/v2\/media?parent=171201"}],"wp:term":[{"taxonomy":"category","embeddable":true,"href":"https:\/\/friss-hirek.hu\/index.php\/wp-json\/wp\/v2\/categories?post=171201"},{"taxonomy":"post_tag","embeddable":true,"href":"https:\/\/friss-hirek.hu\/index.php\/wp-json\/wp\/v2\/tags?post=171201"}],"curies":[{"name":"wp","href":"https:\/\/api.w.org\/{rel}","templated":true}]}}