{"id":171208,"date":"2026-09-04T16:20:19","date_gmt":"2026-09-04T16:20:19","guid":{"rendered":"https:\/\/friss-hirek.hu\/index.php\/fergeteges-programokat-kinal-a-tanchazak-ejszakaja\/friss-hirek\/"},"modified":"2026-09-04T16:20:19","modified_gmt":"2026-09-04T16:20:19","slug":"fergeteges-programokat-kinal-a-tanchazak-ejszakaja","status":"publish","type":"post","link":"https:\/\/friss-hirek.hu\/index.php\/fergeteges-programokat-kinal-a-tanchazak-ejszakaja\/videk\/","title":{"rendered":"Fergeteges programokat k\u00edn\u00e1l a T\u00e1nch\u00e1zak \u00e9jszak\u00e1ja"},"content":{"rendered":"<p>Szeptember 12-\u00e9n rendezi meg a T\u00e1nch\u00e1zak \u00e9jszak\u00e1j\u00e1t a Fon\u00f3 Budai Zeneh\u00e1z, ahol a ny\u00e1ri sz\u00fcnet ut\u00e1n indulnak a Fon\u00f3 Session \u00f6r\u00f6mzen\u00e9s alkalmai, a csal\u00e1di programok, a Fon\u00f3 Szerd\u00e1k \u00e9s a t\u00e1ncos alkalmak is.<\/p><div id=\"friss-150989650\" class=\"friss-etarget friss-entity-placement\"><script type=\"text\/javascript\" id=\"etargetScript7a9b589f63cb072bef80df221f46a22b\">function etargetPostloadFunction7a9b589f63cb072bef80df221f46a22b(){var e=\"etargetPostload7a9b589f63cb072bef80df221f46a22b\",t=\"etargetScript7a9b589f63cb072bef80df221f46a22b\",o=document.getElementById(e);if(o){for(var n=o.offsetTop,d=o.offsetLeft,r=o.offsetWidth,a=o.offsetHeight;o.offsetParent;)o=o.offsetParent,n+=o.offsetTop,d+=o.offsetLeft;var i=(n<=window.pageYOffset+window.innerHeight&&d<window.pageXOffset+window.innerWidth&&n+a>window.pageYOffset&&d+r>window.pageXOffset);if(i&&etargetAllowOtherCheck){allowed=!1;var c=document.createElement(\"script\");return c.src=\"\/\/hu.search.etargetnet.com\/generic\/uni.php?g=ref:58661,area:700x210\",void(document.getElementById(t)&&document.getElementById(e)&&(document.getElementById(t).parentNode.appendChild(c),document.getElementById(t).parentNode.removeChild(document.getElementById(t)),document.getElementById(e).parentNode.removeChild(document.getElementById(e)),document.removeEventListener(\"scroll\",etargetPostloadFunction7a9b589f63cb072bef80df221f46a22b),document.removeEventListener(\"resize\",etargetPostloadFunction7a9b589f63cb072bef80df221f46a22b),document.removeEventListener(\"DOMContentLoaded\",etargetPostloadFunction7a9b589f63cb072bef80df221f46a22b)))}}}var etargetDivID=\"etargetPostload7a9b589f63cb072bef80df221f46a22b\",etargetScriptID=\"etargetScript7a9b589f63cb072bef80df221f46a22b\",etargetPostloadPoint=document.createElement(\"div\");etargetPostloadPoint.id=etargetDivID;var etargetCurScript=document.getElementById(etargetScriptID);etargetCurScript.parentNode.appendChild(etargetPostloadPoint),document.addEventListener(\"scroll\",etargetPostloadFunction7a9b589f63cb072bef80df221f46a22b),document.addEventListener(\"resize\",etargetPostloadFunction7a9b589f63cb072bef80df221f46a22b),document.addEventListener(\"DOMContentLoaded\",etargetPostloadFunction7a9b589f63cb072bef80df221f46a22b);var etargetAllowOtherCheck=!0;if(typeof(\"forceRunPostload\")==\"string\"){etargetPostloadFunction7a9b589f63cb072bef80df221f46a22b()}<\/script><\/div>\n<h2>Szeptember 4-\u00e9re h\u00e1rom t\u00e1nch\u00e1zat is szerveznek<\/h2>\n<p>A Martenica bolg\u00e1r t\u00e1nch\u00e1z a rendk\u00edv\u00fcl gazdag bolg\u00e1r n\u00e9pzene \u00e9s n\u00e9pt\u00e1nc vil\u00e1g\u00e1ba kalauzol, a Berka Egy\u00fcttes moldvai t\u00e1nch\u00e1za ugyanezen az est\u00e9n f\u00e9l 9-t\u0151l kezd\u0151dik, a von\u00f3s zen\u00e9ket a Borza Banda h\u00fazza.<\/p>\n<p>A Fon\u00f3 Session k\u00f6z\u00f6ss\u00e9gi zen\u00e9l\u0151s alkalmai szeptember 8-\u00e1n kezd\u0151dnek, ezeken a k\u00f6z\u00f6ns\u00e9g nem csup\u00e1n hallgat\u00f3ja, hanem akt\u00edv r\u00e9sztvev\u0151je is lehet a zen\u00e9l\u00e9snek.<\/p>\n<p>Az \u00faj \u00e9vadban is v\u00e1rja a r\u00e9sztvev\u0151ket a Fon\u00f3 Szerda. Els\u0151k\u00e9nt szeptember 9-t\u0151l Bukovina gazdag t\u00e1ncos \u00e9s zenei hagyom\u00e1nya lesz ter\u00edt\u00e9ken.<\/p>\n<p>A Fon\u00f3 a legkisebbeket \u00e9s csal\u00e1djaikat is v\u00e1rja a Ringat\u00f3 alkalmaira, melyek szeptember 10-t\u0151l hetente lesznek.<\/p>\n<h2>Az \u00e9vadkezd\u00e9s cs\u00facspontj\u00e1nak szeptember 12-\u00e9n a T\u00e1nch\u00e1zak \u00c9jszak\u00e1j\u00e1t, a 37. Orsz\u00e1gos Szezonnyit\u00f3 T\u00e1nch\u00e1zat sz\u00e1nj\u00e1k<\/h2>\n<p>A T\u00e1nch\u00e1z Egyes\u00fclettel k\u00f6z\u00f6s szervez\u00e9sben megval\u00f3sul\u00f3 est\u00e9n k\u00fcl\u00f6nb\u00f6z\u0151 t\u00e1jegys\u00e9gek t\u00e1ncai, t\u00e1ncoktat\u00e1sok, gyerek- \u00e9s kamaszprogramok, k\u00e9zm\u0171ves foglalkoz\u00e1sok \u00e9s mes\u00e9s n\u00e9prajzi programok v\u00e1rj\u00e1k a kicsiket \u00e9s nagyokat hajnalig. A k\u00fcl\u00f6nb\u00f6z\u0151 vid\u00e9kek t\u00e1ncai \u00f3r\u00e1r\u00f3l \u00f3r\u00e1ra v\u00e1ltj\u00e1k egym\u00e1st, ahogy a t\u00e1jegys\u00e9geket megeleven\u00edt\u0151 oktat\u00f3k \u00e9s t\u00e1ncegy\u00fcttesek is, akik seg\u00edtik a t\u00e1ncl\u00e9p\u00e9sekben val\u00f3 elm\u00e9lyed\u00e9st. A hangulatot v\u00e9gig \u00e9l\u0151 n\u00e9pzene biztos\u00edtja.<\/p>\n<p>Az est\u00e9re t\u00f6bbek k\u00f6z\u00f6tt a MeseSz\u00f3 Egyes\u00fclet interakt\u00edv, mes\u00e9s foglalkoz\u00e1ssal k\u00e9sz\u00fcl, az \u00d6r\u00f6ks\u00e9g Nemzeti Gyermek \u00e9s Ifj\u00fas\u00e1gi N\u00e9pm\u0171v\u00e9szeti Egyes\u00fclet pedig gyermek sz\u00f3list\u00e1inak k\u00f6zrem\u0171k\u00f6d\u00e9s\u00e9vel \u00e9s Sikent\u00e1ncz Szilveszter vezet\u00e9s\u00e9vel rendhagy\u00f3 n\u00e9prajz\u00f3r\u00e1t tart. (MTI)<\/p>\n<p>Id\u00e9n ny\u00e1ron tehets\u00e9ges gyermekek mutatt\u00e1k meg a <a href=\"https:\/\/sokszinuvidek.24.hu\/viragzo-videkunk\/2026\/06\/09\/neptanctalalkozo-nograd-varmegye-somoskoujfalu\/\" target=\"_blank\" rel=\"noopener\">n\u00e9pt\u00e1nc sz\u00e9ps\u00e9g\u00e9t<\/a> Somosk\u0151\u00fajfaluban, n\u00e9h\u00e1ny \u00e9ve pedig <a href=\"https:\/\/sokszinuvidek.24.hu\/mozaik\/2022\/05\/12\/kalotaszegi-tanc-tanchazak-napja\/\" target=\"_blank\" rel=\"noopener\">kalotaszegi t\u00e1ncot j\u00e1rt<\/a> a f\u00e9l vil\u00e1g.<\/p>\n<div class=\"o-post__articRecommend m-articRecommend -hasImg cf article-recommendation-container cf _ce_measure_widget\" data-ce-measure-widget=\"Cikkaj\u00e1nl\u00f3 widget\">\n<div class=\"m-articRecommend__widgetTitle\">Kapcsol\u00f3d\u00f3<\/div>\n<div class=\"m-articRecommend__imgWrap image-container\"><a href=\"https:\/\/sokszinuvidek.24.hu\/mozaik\/2024\/12\/05\/unesco-vilagoroksegi-listara-kerult-a-csardas\/\" target=\"_self\"><img loading=\"lazy\" decoding=\"async\" width=\"480\" height=\"270\" src=\"https:\/\/s.24.hu\/app\/uploads\/sites\/11\/2024\/12\/mti-koszticsak-szilard-480x270.jpg\" class=\"img-responsive wp-post-image\" alt=\"\" \/><\/a><\/div>\n<div class=\"m-articRecommend__cntWrap content-container \">\n\t\t\t<a href=\"https:\/\/sokszinuvidek.24.hu\/mozaik\/2024\/12\/05\/unesco-vilagoroksegi-listara-kerult-a-csardas\/\" target=\"_self\" class=\"m-articRecommend__title ar-title\">UNESCO vil\u00e1g\u00f6r\u00f6ks\u00e9gi list\u00e1ra ker\u00fclt a cs\u00e1rd\u00e1s<\/a>\n<div class=\"m-articRecommend__lead ar-lead\">A cs\u00e1rd\u00e1shagyom\u00e1ny orsz\u00e1gszerte k\u00fcl\u00f6nleges helyet foglal el a k\u00f6z\u00f6ss\u00e9gi alkalmakon \u00e9s a t\u00e1ncegy\u00fcttesek reperto\u00e1rj\u00e1ban.<\/div>\n<\/div>\n<\/div>\n<p>The post <a href=\"https:\/\/sokszinuvidek.24.hu\/eletmod\/2026\/09\/04\/tanchazak-ejszakaja-fono-budai-zenehaz\/\" target=\"_blank\">Fergeteges programokat k\u00edn\u00e1l a T\u00e1nch\u00e1zak \u00e9jszak\u00e1ja<\/a> first appeared on <a href=\"https:\/\/sokszinuvidek.24.hu\/\" target=\"_blank\">Soksz\u00edn\u0171 vid\u00e9k<\/a>.<\/p><div id=\"friss-4053798498\" class=\"friss-etarget-cikk-vege friss-entity-placement\"><script type=\"text\/javascript\" id=\"etargetScript7a9b589f63cb072bef80df221f46a22b\">function etargetPostloadFunction7a9b589f63cb072bef80df221f46a22b(){var e=\"etargetPostload7a9b589f63cb072bef80df221f46a22b\",t=\"etargetScript7a9b589f63cb072bef80df221f46a22b\",o=document.getElementById(e);if(o){for(var n=o.offsetTop,d=o.offsetLeft,r=o.offsetWidth,a=o.offsetHeight;o.offsetParent;)o=o.offsetParent,n+=o.offsetTop,d+=o.offsetLeft;var i=(n<=window.pageYOffset+window.innerHeight&&d<window.pageXOffset+window.innerWidth&&n+a>window.pageYOffset&&d+r>window.pageXOffset);if(i&&etargetAllowOtherCheck){allowed=!1;var c=document.createElement(\"script\");return c.src=\"\/\/hu.search.etargetnet.com\/generic\/uni.php?g=ref:58661,area:700x210\",void(document.getElementById(t)&&document.getElementById(e)&&(document.getElementById(t).parentNode.appendChild(c),document.getElementById(t).parentNode.removeChild(document.getElementById(t)),document.getElementById(e).parentNode.removeChild(document.getElementById(e)),document.removeEventListener(\"scroll\",etargetPostloadFunction7a9b589f63cb072bef80df221f46a22b),document.removeEventListener(\"resize\",etargetPostloadFunction7a9b589f63cb072bef80df221f46a22b),document.removeEventListener(\"DOMContentLoaded\",etargetPostloadFunction7a9b589f63cb072bef80df221f46a22b)))}}}var etargetDivID=\"etargetPostload7a9b589f63cb072bef80df221f46a22b\",etargetScriptID=\"etargetScript7a9b589f63cb072bef80df221f46a22b\",etargetPostloadPoint=document.createElement(\"div\");etargetPostloadPoint.id=etargetDivID;var etargetCurScript=document.getElementById(etargetScriptID);etargetCurScript.parentNode.appendChild(etargetPostloadPoint),document.addEventListener(\"scroll\",etargetPostloadFunction7a9b589f63cb072bef80df221f46a22b),document.addEventListener(\"resize\",etargetPostloadFunction7a9b589f63cb072bef80df221f46a22b),document.addEventListener(\"DOMContentLoaded\",etargetPostloadFunction7a9b589f63cb072bef80df221f46a22b);var etargetAllowOtherCheck=!0;if(typeof(\"forceRunPostload\")==\"string\"){etargetPostloadFunction7a9b589f63cb072bef80df221f46a22b()}<\/script><\/div><div id=\"friss-1863004232\" class=\"friss-after-content friss-entity-placement\"><script type=\"text\/javascript\" id=\"etargetScript7a9b589f63cb072bef80df221f46a22b\">function etargetPostloadFunction7a9b589f63cb072bef80df221f46a22b(){var e=\"etargetPostload7a9b589f63cb072bef80df221f46a22b\",t=\"etargetScript7a9b589f63cb072bef80df221f46a22b\",o=document.getElementById(e);if(o){for(var n=o.offsetTop,d=o.offsetLeft,r=o.offsetWidth,a=o.offsetHeight;o.offsetParent;)o=o.offsetParent,n+=o.offsetTop,d+=o.offsetLeft;var i=(n<=window.pageYOffset+window.innerHeight&&d<window.pageXOffset+window.innerWidth&&n+a>window.pageYOffset&&d+r>window.pageXOffset);if(i&&etargetAllowOtherCheck){allowed=!1;var c=document.createElement(\"script\");return c.src=\"\/\/hu.search.etargetnet.com\/generic\/uni.php?g=ref:58661,area:700x210\",void(document.getElementById(t)&&document.getElementById(e)&&(document.getElementById(t).parentNode.appendChild(c),document.getElementById(t).parentNode.removeChild(document.getElementById(t)),document.getElementById(e).parentNode.removeChild(document.getElementById(e)),document.removeEventListener(\"scroll\",etargetPostloadFunction7a9b589f63cb072bef80df221f46a22b),document.removeEventListener(\"resize\",etargetPostloadFunction7a9b589f63cb072bef80df221f46a22b),document.removeEventListener(\"DOMContentLoaded\",etargetPostloadFunction7a9b589f63cb072bef80df221f46a22b)))}}}var etargetDivID=\"etargetPostload7a9b589f63cb072bef80df221f46a22b\",etargetScriptID=\"etargetScript7a9b589f63cb072bef80df221f46a22b\",etargetPostloadPoint=document.createElement(\"div\");etargetPostloadPoint.id=etargetDivID;var etargetCurScript=document.getElementById(etargetScriptID);etargetCurScript.parentNode.appendChild(etargetPostloadPoint),document.addEventListener(\"scroll\",etargetPostloadFunction7a9b589f63cb072bef80df221f46a22b),document.addEventListener(\"resize\",etargetPostloadFunction7a9b589f63cb072bef80df221f46a22b),document.addEventListener(\"DOMContentLoaded\",etargetPostloadFunction7a9b589f63cb072bef80df221f46a22b);var etargetAllowOtherCheck=!0;if(typeof(\"forceRunPostload\")==\"string\"){etargetPostloadFunction7a9b589f63cb072bef80df221f46a22b()}<\/script><\/div><div id=\"friss-2775580439\" class=\"friss-after-content_2 friss-entity-placement\" style=\"clear: both;\"><div class=\"wprss_ajax\" data-id=\"rssa6350c3a2f\"><img loading=\"lazy\" decoding=\"async\" src=\"https:\/\/friss-hirek.hu\/wp-content\/plugins\/wp-rss-retriever\/inc\/imgs\/ajax-loader.gif\" alt=\"Loading RSS Feed\" width=\"16\" height=\"16\"><\/div><\/div><br style=\"clear: both; display: block; float: none;\"\/><div id=\"friss-612965404\" class=\"friss-after-content_3 friss-entity-placement\">https:\/\/www.youtube.com\/watch?v=Pdnw4KiUWp0<\/div>","protected":false},"excerpt":{"rendered":"<p>Szeptember 12-\u00e9n rendezi meg a T\u00e1nch\u00e1zak \u00e9jszak\u00e1j\u00e1t a Fon\u00f3 Budai Zeneh\u00e1z, ahol a ny\u00e1ri sz\u00fcnet ut\u00e1n indulnak a Fon\u00f3 Session \u00f6r\u00f6mzen\u00e9s alkalmai, a csal\u00e1di programok, a Fon\u00f3 Szerd\u00e1k \u00e9s a t\u00e1ncos alkalmak is. Szeptember 4-\u00e9re h\u00e1rom t\u00e1nch\u00e1zat is szerveznek A Martenica bolg\u00e1r t\u00e1nch\u00e1z a rendk\u00edv\u00fcl gazdag bolg\u00e1r n\u00e9pzene \u00e9s n\u00e9pt\u00e1nc vil\u00e1g\u00e1ba kalauzol, a Berka Egy\u00fcttes [&hellip;]<\/p>\n","protected":false},"author":1,"featured_media":0,"comment_status":"open","ping_status":"open","sticky":false,"template":"","format":"standard","meta":{"footnotes":""},"categories":[6],"tags":[],"class_list":["post-171208","post","type-post","status-publish","format-standard","hentry","category-videk"],"amp_enabled":true,"_links":{"self":[{"href":"https:\/\/friss-hirek.hu\/index.php\/wp-json\/wp\/v2\/posts\/171208","targetHints":{"allow":["GET"]}}],"collection":[{"href":"https:\/\/friss-hirek.hu\/index.php\/wp-json\/wp\/v2\/posts"}],"about":[{"href":"https:\/\/friss-hirek.hu\/index.php\/wp-json\/wp\/v2\/types\/post"}],"author":[{"embeddable":true,"href":"https:\/\/friss-hirek.hu\/index.php\/wp-json\/wp\/v2\/users\/1"}],"replies":[{"embeddable":true,"href":"https:\/\/friss-hirek.hu\/index.php\/wp-json\/wp\/v2\/comments?post=171208"}],"version-history":[{"count":0,"href":"https:\/\/friss-hirek.hu\/index.php\/wp-json\/wp\/v2\/posts\/171208\/revisions"}],"wp:attachment":[{"href":"https:\/\/friss-hirek.hu\/index.php\/wp-json\/wp\/v2\/media?parent=171208"}],"wp:term":[{"taxonomy":"category","embeddable":true,"href":"https:\/\/friss-hirek.hu\/index.php\/wp-json\/wp\/v2\/categories?post=171208"},{"taxonomy":"post_tag","embeddable":true,"href":"https:\/\/friss-hirek.hu\/index.php\/wp-json\/wp\/v2\/tags?post=171208"}],"curies":[{"name":"wp","href":"https:\/\/api.w.org\/{rel}","templated":true}]}}