{"id":171210,"date":"2026-09-04T17:21:06","date_gmt":"2026-09-04T17:21:06","guid":{"rendered":"https:\/\/friss-hirek.hu\/index.php\/jo-hir-a-furdozoknek-tobb-termalfurdo-is-olcsobb-jegyarakkal-varja-a-latogatokat\/friss-hirek\/"},"modified":"2026-09-04T17:21:06","modified_gmt":"2026-09-04T17:21:06","slug":"jo-hir-a-furdozoknek-tobb-termalfurdo-is-olcsobb-jegyarakkal-varja-a-latogatokat","status":"publish","type":"post","link":"https:\/\/friss-hirek.hu\/index.php\/jo-hir-a-furdozoknek-tobb-termalfurdo-is-olcsobb-jegyarakkal-varja-a-latogatokat\/videk\/","title":{"rendered":"J\u00f3 h\u00edr a f\u00fcrd\u0151z\u0151knek: t\u00f6bb term\u00e1lf\u00fcrd\u0151 is olcs\u00f3bb jegy\u00e1rakkal v\u00e1rja a l\u00e1togat\u00f3kat"},"content":{"rendered":"<p>A ny\u00e1r v\u00e9g\u00e9vel lez\u00e1rult a hivatalos strandszezon, \u00edgy fokozatosan v\u00e1ltozik az orsz\u00e1gban a f\u00fcrd\u0151k nyitvatart\u00e1sa is. B\u00e1r n\u00e9h\u00e1ny helyen a kedvez\u0151 id\u0151j\u00e1r\u00e1s miatt m\u00e9g m\u0171k\u00f6dik n\u00e9h\u00e1ny k\u00fclt\u00e9ri medence, \u00e9s a f\u0151szezoni \u00e1raz\u00e1s a legt\u00f6bb esetben szeptember k\u00f6zep\u00e9ig tart, a f\u00fcrd\u0151k egy r\u00e9sze m\u00e1r h\u00f3 elej\u00e9t\u0151l kedvez\u0151bb \u00e1rakkal v\u00e1rja a vend\u00e9geket. Van ahol t\u00f6bb sz\u00e1z, m\u00e1shol ezer forinttal is cs\u00f6kkentek a jegy\u00e1rak, \u00edrta meg a <a href=\"https:\/\/termalonline.hu\/termal-hirek\/tobb-termalfurdoben-is-olcsobb-lesz-a-belepo-szeptembertol?fbclid=IwY2xjawUE81xwZG9mBWV4dG4DYWVtAjEwAHNydGMGYXBwX2lkEDIyMjAzOTE3ODgyMDA4OTIAAR7NwCgxl5LflMIVoXBg0rLf_9w_4ILmDVZnuDOCSBs-Tzh0nfXFx911KGsJBA_aem_Ak8vf6tKsJXgNihNTZ9cyg\" target=\"_blank\" rel=\"noopener\">termalonline.hu<\/a>.<\/p><div id=\"friss-2340534054\" class=\"friss-etarget friss-entity-placement\"><script type=\"text\/javascript\" id=\"etargetScript7a9b589f63cb072bef80df221f46a22b\">function etargetPostloadFunction7a9b589f63cb072bef80df221f46a22b(){var e=\"etargetPostload7a9b589f63cb072bef80df221f46a22b\",t=\"etargetScript7a9b589f63cb072bef80df221f46a22b\",o=document.getElementById(e);if(o){for(var n=o.offsetTop,d=o.offsetLeft,r=o.offsetWidth,a=o.offsetHeight;o.offsetParent;)o=o.offsetParent,n+=o.offsetTop,d+=o.offsetLeft;var i=(n<=window.pageYOffset+window.innerHeight&&d<window.pageXOffset+window.innerWidth&&n+a>window.pageYOffset&&d+r>window.pageXOffset);if(i&&etargetAllowOtherCheck){allowed=!1;var c=document.createElement(\"script\");return c.src=\"\/\/hu.search.etargetnet.com\/generic\/uni.php?g=ref:58661,area:700x210\",void(document.getElementById(t)&&document.getElementById(e)&&(document.getElementById(t).parentNode.appendChild(c),document.getElementById(t).parentNode.removeChild(document.getElementById(t)),document.getElementById(e).parentNode.removeChild(document.getElementById(e)),document.removeEventListener(\"scroll\",etargetPostloadFunction7a9b589f63cb072bef80df221f46a22b),document.removeEventListener(\"resize\",etargetPostloadFunction7a9b589f63cb072bef80df221f46a22b),document.removeEventListener(\"DOMContentLoaded\",etargetPostloadFunction7a9b589f63cb072bef80df221f46a22b)))}}}var etargetDivID=\"etargetPostload7a9b589f63cb072bef80df221f46a22b\",etargetScriptID=\"etargetScript7a9b589f63cb072bef80df221f46a22b\",etargetPostloadPoint=document.createElement(\"div\");etargetPostloadPoint.id=etargetDivID;var etargetCurScript=document.getElementById(etargetScriptID);etargetCurScript.parentNode.appendChild(etargetPostloadPoint),document.addEventListener(\"scroll\",etargetPostloadFunction7a9b589f63cb072bef80df221f46a22b),document.addEventListener(\"resize\",etargetPostloadFunction7a9b589f63cb072bef80df221f46a22b),document.addEventListener(\"DOMContentLoaded\",etargetPostloadFunction7a9b589f63cb072bef80df221f46a22b);var etargetAllowOtherCheck=!0;if(typeof(\"forceRunPostload\")==\"string\"){etargetPostloadFunction7a9b589f63cb072bef80df221f46a22b()}<\/script><\/div>\n<p><strong>A Berekf\u00fcrd\u0151i Gy\u00f3gy- \u00e9s Strandf\u00fcrd\u0151ben<\/strong> szeptemberben 200 forinttal olcs\u00f3bbak a jegyek. A feln\u0151tt napijegy h\u00e9tk\u00f6znap 3800, h\u00e9tv\u00e9g\u00e9n 4000 forint. A di\u00e1k \u00e9s nyugd\u00edjas bel\u00e9p\u0151 h\u00e9tk\u00f6znap 3300, p\u00e9ntekt\u0151l 3500 forint lesz.<\/p>\n<p><strong>A cserkesz\u0151l\u0151i f\u00fcrd\u0151ben:<\/strong> a feln\u0151tt napijegy 5000-r\u0151l 4600, a di\u00e1k- \u00e9s nyugd\u00edjas jegy 4200-r\u00f3l 3800 forintra cs\u00f6kkent.<\/p>\n<p>A <strong>Bog\u00e1csi Gy\u00f3gyf\u00fcrd\u0151ben<\/strong> is cs\u00f6kkentek az \u00e1rak: a feln\u0151tt napijegy\u00e9rt 4800 helyett 4400, az ifj\u00fas\u00e1gi \u00e9s nyugd\u00edjas jegy\u00e9rt 4200 helyett 3900 forintot kell fizetni. A fedett \u00e9lm\u00e9nymedenc\u00e9s kieg\u00e9sz\u00edt\u0151 jegy \u00e1ra nem v\u00e1ltozik.<\/p>\n<p>A <strong>hajd\u00faszoboszl\u00f3i Hungarospa f\u00fcrd\u0151komplexumba<\/strong> is kedvezm\u00e9nyesebb \u00e1ron lehet bejutni: a gy\u00f3gyf\u00fcrd\u0151 \u00e9s a strand mellett h\u00e9tk\u00f6znap az Aqua-Palace is olcs\u00f3bban l\u00e1togathat\u00f3. Egy strand bel\u00e9p\u0151 a feln\u0151tteknek 5500, m\u00edg a nyugd\u00edjasoknak 4800 forintba ker\u00fcl. A gyerekek enn\u00e9l is kedvez\u0151bb \u00e1ron, 4600 forint\u00e9rt l\u00e9phetnek be.<\/p>\n<p><strong>A B\u00fckf\u00fcrd\u0151 Thermal &amp;Spa<\/strong> h\u00e9tf\u0151t\u0151l cs\u00fct\u00f6rt\u00f6kig a feln\u0151tteknek 6550, a di\u00e1koknak- \u00e9s nyugd\u00edjasoknak 4500 forint\u00e9rt k\u00edn\u00e1lja a jegyet.<\/p>\n<p><strong>A S\u00e1rv\u00e1ri Gy\u00f3gy- \u00e9s Wellnessf\u00fcrd\u0151ben<\/strong> h\u00e9tk\u00f6znap megsz\u0171nt a kiemelt id\u0151szaki tarifa, \u00edgy a feln\u0151tt napijegy 6600, a di\u00e1k- \u00e9s nyugd\u00edjas jegy 4000 forint.<\/p>\n<p>A <strong>celld\u00f6m\u00f6lki Vulk\u00e1n Gy\u00f3gy- \u00e9s \u00c9lm\u00e9nyf\u00fcrd\u0151ben<\/strong> a feln\u0151tt h\u00e9tk\u00f6znapi bel\u00e9p\u0151 \u00e1ra 1000 forinttal lett kevesebb, \u00edgy 1950 forintra cs\u00f6kkent, a nyugd\u00edjas jegy pedig 1300 forintba ker\u00fcl.<\/p>\n<p>A <strong>Lip\u00f3ti Term\u00e1lf\u00fcrd\u0151ben<\/strong> is cs\u00f6kkentek az \u00e1rak. A feln\u0151tt napijegy 7000 forint helyett 6400, m\u00edg a csal\u00e1di jegy 17000 helyett 14300 forintba ker\u00fcl.<\/p>\n<p>A <strong>mez\u0151k\u00f6vesdi Zs\u00f3ry Gy\u00f3gy- \u00e9s Strandf\u00fcrd\u0151ben<\/strong> az alap jegy\u00e1rak ugyan nem v\u00e1ltoztak, de az uszoda \u00e9s az \u00e9lm\u00e9nyf\u00fcrd\u0151 r\u00e9sz fel\u00e1r n\u00e9lk\u00fcl l\u00e1togathat\u00f3.<\/p>\n<p>Kor\u00e1bban meg\u00edrtuk: Visszat\u00e9rt az \u00e9let Miskolctapolc\u00e1ra: <a href=\"https:\/\/sokszinuvidek.24.hu\/viragzo-videkunk\/2026\/08\/20\/leegett-miskolctapolcai-barlangfurdo-ujranyitasa\/\" target=\"_blank\" rel=\"noopener\">\u00fajranyitott a k\u00e9t \u00e9ve le\u00e9gett barlangf\u00fcrd\u0151<\/a>. Valamint: <a href=\"https:\/\/sokszinuvidek.24.hu\/viragzo-videkunk\/2026\/09\/03\/koros-torok-strand-bezaras-alacsony-vizallas\/\" target=\"_blank\" rel=\"noopener\">Nincs el\u00e9g v\u00edz, bez\u00e1rt az Alf\u00f6ld homokos tengerpartja<\/a>.<\/p>\n<div class=\"o-post__articRecommend m-articRecommend -hasImg cf article-recommendation-container cf _ce_measure_widget\" data-ce-measure-widget=\"Cikkaj\u00e1nl\u00f3 widget\">\n<div class=\"m-articRecommend__widgetTitle\">Kapcsol\u00f3d\u00f3<\/div>\n<div class=\"m-articRecommend__imgWrap image-container\"><a href=\"https:\/\/sokszinuvidek.24.hu\/eletmod\/2026\/07\/01\/fortepan-idoutazas-strand-furdo-kepsorozat\/\" target=\"_self\"><img loading=\"lazy\" decoding=\"async\" width=\"480\" height=\"270\" src=\"https:\/\/s.24.hu\/app\/uploads\/sites\/11\/2026\/06\/leanyfalu_fortepan_bordacs-ferenc-1-e1782764203544-480x270.jpg\" class=\"img-responsive wp-post-image\" alt=\"\" \/><\/a><\/div>\n<div class=\"m-articRecommend__cntWrap content-container \">\n\t\t\t<a href=\"https:\/\/sokszinuvidek.24.hu\/eletmod\/2026\/07\/01\/fortepan-idoutazas-strand-furdo-kepsorozat\/\" target=\"_self\" class=\"m-articRecommend__title ar-title\">\u00cdgy strandoltak eleink: r\u00e9gi f\u00fcrd\u0151z\u0151s k\u00e9pek sokas\u00e1ga a Fortepan gy\u0171jtem\u00e9ny\u00e9ben<\/a>\n<div class=\"m-articRecommend__lead ar-lead\">Ma kiss\u00e9 mer\u00e9szebbek a f\u00fcrd\u0151ruh\u00e1k, modernebb a k\u00f6rnyezet, de a f\u00fcrd\u0151z\u00e9s ugyanazt az \u00e9lm\u00e9nyt adta 100 \u00e9vvel ezel\u0151tt is, mint napjainkban. Ez a vid\u00e1ms\u00e1g t\u00fckr\u00f6z\u0151dik a Fortepan strandol\u00f3s k\u00e9pgy\u0171jtem\u00e9ny\u00e9ben is.<\/div>\n<\/div>\n<\/div>\n<p>The post <a href=\"https:\/\/sokszinuvidek.24.hu\/mozaik\/2026\/09\/04\/termalfurdo\/\" target=\"_blank\">J\u00f3 h\u00edr a f\u00fcrd\u0151z\u0151knek: t\u00f6bb term\u00e1lf\u00fcrd\u0151 is olcs\u00f3bb jegy\u00e1rakkal v\u00e1rja a l\u00e1togat\u00f3kat<\/a> first appeared on <a href=\"https:\/\/sokszinuvidek.24.hu\/\" target=\"_blank\">Soksz\u00edn\u0171 vid\u00e9k<\/a>.<\/p><div id=\"friss-1024731783\" class=\"friss-etarget-cikk-vege friss-entity-placement\"><script type=\"text\/javascript\" id=\"etargetScript7a9b589f63cb072bef80df221f46a22b\">function etargetPostloadFunction7a9b589f63cb072bef80df221f46a22b(){var e=\"etargetPostload7a9b589f63cb072bef80df221f46a22b\",t=\"etargetScript7a9b589f63cb072bef80df221f46a22b\",o=document.getElementById(e);if(o){for(var n=o.offsetTop,d=o.offsetLeft,r=o.offsetWidth,a=o.offsetHeight;o.offsetParent;)o=o.offsetParent,n+=o.offsetTop,d+=o.offsetLeft;var i=(n<=window.pageYOffset+window.innerHeight&&d<window.pageXOffset+window.innerWidth&&n+a>window.pageYOffset&&d+r>window.pageXOffset);if(i&&etargetAllowOtherCheck){allowed=!1;var c=document.createElement(\"script\");return c.src=\"\/\/hu.search.etargetnet.com\/generic\/uni.php?g=ref:58661,area:700x210\",void(document.getElementById(t)&&document.getElementById(e)&&(document.getElementById(t).parentNode.appendChild(c),document.getElementById(t).parentNode.removeChild(document.getElementById(t)),document.getElementById(e).parentNode.removeChild(document.getElementById(e)),document.removeEventListener(\"scroll\",etargetPostloadFunction7a9b589f63cb072bef80df221f46a22b),document.removeEventListener(\"resize\",etargetPostloadFunction7a9b589f63cb072bef80df221f46a22b),document.removeEventListener(\"DOMContentLoaded\",etargetPostloadFunction7a9b589f63cb072bef80df221f46a22b)))}}}var etargetDivID=\"etargetPostload7a9b589f63cb072bef80df221f46a22b\",etargetScriptID=\"etargetScript7a9b589f63cb072bef80df221f46a22b\",etargetPostloadPoint=document.createElement(\"div\");etargetPostloadPoint.id=etargetDivID;var etargetCurScript=document.getElementById(etargetScriptID);etargetCurScript.parentNode.appendChild(etargetPostloadPoint),document.addEventListener(\"scroll\",etargetPostloadFunction7a9b589f63cb072bef80df221f46a22b),document.addEventListener(\"resize\",etargetPostloadFunction7a9b589f63cb072bef80df221f46a22b),document.addEventListener(\"DOMContentLoaded\",etargetPostloadFunction7a9b589f63cb072bef80df221f46a22b);var etargetAllowOtherCheck=!0;if(typeof(\"forceRunPostload\")==\"string\"){etargetPostloadFunction7a9b589f63cb072bef80df221f46a22b()}<\/script><\/div><div id=\"friss-4277114415\" class=\"friss-after-content friss-entity-placement\"><script type=\"text\/javascript\" id=\"etargetScript7a9b589f63cb072bef80df221f46a22b\">function etargetPostloadFunction7a9b589f63cb072bef80df221f46a22b(){var e=\"etargetPostload7a9b589f63cb072bef80df221f46a22b\",t=\"etargetScript7a9b589f63cb072bef80df221f46a22b\",o=document.getElementById(e);if(o){for(var n=o.offsetTop,d=o.offsetLeft,r=o.offsetWidth,a=o.offsetHeight;o.offsetParent;)o=o.offsetParent,n+=o.offsetTop,d+=o.offsetLeft;var i=(n<=window.pageYOffset+window.innerHeight&&d<window.pageXOffset+window.innerWidth&&n+a>window.pageYOffset&&d+r>window.pageXOffset);if(i&&etargetAllowOtherCheck){allowed=!1;var c=document.createElement(\"script\");return c.src=\"\/\/hu.search.etargetnet.com\/generic\/uni.php?g=ref:58661,area:700x210\",void(document.getElementById(t)&&document.getElementById(e)&&(document.getElementById(t).parentNode.appendChild(c),document.getElementById(t).parentNode.removeChild(document.getElementById(t)),document.getElementById(e).parentNode.removeChild(document.getElementById(e)),document.removeEventListener(\"scroll\",etargetPostloadFunction7a9b589f63cb072bef80df221f46a22b),document.removeEventListener(\"resize\",etargetPostloadFunction7a9b589f63cb072bef80df221f46a22b),document.removeEventListener(\"DOMContentLoaded\",etargetPostloadFunction7a9b589f63cb072bef80df221f46a22b)))}}}var etargetDivID=\"etargetPostload7a9b589f63cb072bef80df221f46a22b\",etargetScriptID=\"etargetScript7a9b589f63cb072bef80df221f46a22b\",etargetPostloadPoint=document.createElement(\"div\");etargetPostloadPoint.id=etargetDivID;var etargetCurScript=document.getElementById(etargetScriptID);etargetCurScript.parentNode.appendChild(etargetPostloadPoint),document.addEventListener(\"scroll\",etargetPostloadFunction7a9b589f63cb072bef80df221f46a22b),document.addEventListener(\"resize\",etargetPostloadFunction7a9b589f63cb072bef80df221f46a22b),document.addEventListener(\"DOMContentLoaded\",etargetPostloadFunction7a9b589f63cb072bef80df221f46a22b);var etargetAllowOtherCheck=!0;if(typeof(\"forceRunPostload\")==\"string\"){etargetPostloadFunction7a9b589f63cb072bef80df221f46a22b()}<\/script><\/div><div id=\"friss-3585004853\" class=\"friss-after-content_2 friss-entity-placement\" style=\"clear: both;\"><div class=\"wprss_ajax\" data-id=\"rss528f44e99f\"><img loading=\"lazy\" decoding=\"async\" src=\"https:\/\/friss-hirek.hu\/wp-content\/plugins\/wp-rss-retriever\/inc\/imgs\/ajax-loader.gif\" alt=\"Loading RSS Feed\" width=\"16\" height=\"16\"><\/div><\/div><br style=\"clear: both; display: block; float: none;\"\/><div id=\"friss-986279922\" class=\"friss-after-content_3 friss-entity-placement\">https:\/\/www.youtube.com\/watch?v=Pdnw4KiUWp0<\/div>","protected":false},"excerpt":{"rendered":"<p>A ny\u00e1r v\u00e9g\u00e9vel lez\u00e1rult a hivatalos strandszezon, \u00edgy fokozatosan v\u00e1ltozik az orsz\u00e1gban a f\u00fcrd\u0151k nyitvatart\u00e1sa is. B\u00e1r n\u00e9h\u00e1ny helyen a kedvez\u0151 id\u0151j\u00e1r\u00e1s miatt m\u00e9g m\u0171k\u00f6dik n\u00e9h\u00e1ny k\u00fclt\u00e9ri medence, \u00e9s a f\u0151szezoni \u00e1raz\u00e1s a legt\u00f6bb esetben szeptember k\u00f6zep\u00e9ig tart, a f\u00fcrd\u0151k egy r\u00e9sze m\u00e1r h\u00f3 elej\u00e9t\u0151l kedvez\u0151bb \u00e1rakkal v\u00e1rja a vend\u00e9geket. Van ahol t\u00f6bb sz\u00e1z, m\u00e1shol [&hellip;]<\/p>\n","protected":false},"author":1,"featured_media":0,"comment_status":"open","ping_status":"open","sticky":false,"template":"","format":"standard","meta":{"footnotes":""},"categories":[6],"tags":[],"class_list":["post-171210","post","type-post","status-publish","format-standard","hentry","category-videk"],"amp_enabled":true,"_links":{"self":[{"href":"https:\/\/friss-hirek.hu\/index.php\/wp-json\/wp\/v2\/posts\/171210","targetHints":{"allow":["GET"]}}],"collection":[{"href":"https:\/\/friss-hirek.hu\/index.php\/wp-json\/wp\/v2\/posts"}],"about":[{"href":"https:\/\/friss-hirek.hu\/index.php\/wp-json\/wp\/v2\/types\/post"}],"author":[{"embeddable":true,"href":"https:\/\/friss-hirek.hu\/index.php\/wp-json\/wp\/v2\/users\/1"}],"replies":[{"embeddable":true,"href":"https:\/\/friss-hirek.hu\/index.php\/wp-json\/wp\/v2\/comments?post=171210"}],"version-history":[{"count":0,"href":"https:\/\/friss-hirek.hu\/index.php\/wp-json\/wp\/v2\/posts\/171210\/revisions"}],"wp:attachment":[{"href":"https:\/\/friss-hirek.hu\/index.php\/wp-json\/wp\/v2\/media?parent=171210"}],"wp:term":[{"taxonomy":"category","embeddable":true,"href":"https:\/\/friss-hirek.hu\/index.php\/wp-json\/wp\/v2\/categories?post=171210"},{"taxonomy":"post_tag","embeddable":true,"href":"https:\/\/friss-hirek.hu\/index.php\/wp-json\/wp\/v2\/tags?post=171210"}],"curies":[{"name":"wp","href":"https:\/\/api.w.org\/{rel}","templated":true}]}}