{"id":171218,"date":"2026-09-05T07:31:03","date_gmt":"2026-09-05T07:31:03","guid":{"rendered":"https:\/\/friss-hirek.hu\/index.php\/egyszer-magyar-vilagsiker-lesz-dorina-es-lidia-szerint-megeri-napi-tizenhat-orat-beletenni-egy-capa-is-ugy-erezte-hogy-azonnal-be-kell-szallnia-a-marokbababa\/friss-hirek\/"},"modified":"2026-09-05T07:31:03","modified_gmt":"2026-09-05T07:31:03","slug":"egyszer-magyar-vilagsiker-lesz-dorina-es-lidia-szerint-megeri-napi-tizenhat-orat-beletenni-egy-capa-is-ugy-erezte-hogy-azonnal-be-kell-szallnia-a-marokbababa","status":"publish","type":"post","link":"https:\/\/friss-hirek.hu\/index.php\/egyszer-magyar-vilagsiker-lesz-dorina-es-lidia-szerint-megeri-napi-tizenhat-orat-beletenni-egy-capa-is-ugy-erezte-hogy-azonnal-be-kell-szallnia-a-marokbababa\/uzlet\/","title":{"rendered":"\u201eEgyszer magyar vil\u00e1gsiker lesz\u201d \u2013\u00a0Dorina \u00e9s L\u00eddia szerint meg\u00e9ri napi tizenhat \u00f3r\u00e1t beletenni, egy c\u00e1pa is \u00fagy \u00e9rezte, hogy azonnal be kell sz\u00e1llnia a Marokbab\u00e1ba"},"content":{"rendered":"<p><strong>M\u00e1r minden \u00f6t\u00f6dik magyar \u00f3vod\u00e1ban \u00e9s b\u00f6lcs\u0151d\u00e9ben haszn\u00e1lj\u00e1k a\u00a0marokbab\u00e1kat. A\u00a0komplex idegrendszer-fejleszt\u0151 eszk\u00f6z\u00f6ket Kincses-K\u00e1d\u00e1r L\u00eddia \u00e9s B\u00e1rdi Dorina alkotta meg, \u00e9s kezdetben maguk sem gondolt\u00e1k, hogy ilyen sz\u00e9les k\u00f6rben tudnak majd seg\u00edteni vele a\u00a0gyerekeknek.\u00a0<\/strong><\/p><div id=\"friss-1572195000\" class=\"friss-etarget friss-entity-placement\"><script type=\"text\/javascript\" id=\"etargetScript7a9b589f63cb072bef80df221f46a22b\">function etargetPostloadFunction7a9b589f63cb072bef80df221f46a22b(){var e=\"etargetPostload7a9b589f63cb072bef80df221f46a22b\",t=\"etargetScript7a9b589f63cb072bef80df221f46a22b\",o=document.getElementById(e);if(o){for(var n=o.offsetTop,d=o.offsetLeft,r=o.offsetWidth,a=o.offsetHeight;o.offsetParent;)o=o.offsetParent,n+=o.offsetTop,d+=o.offsetLeft;var i=(n<=window.pageYOffset+window.innerHeight&&d<window.pageXOffset+window.innerWidth&&n+a>window.pageYOffset&&d+r>window.pageXOffset);if(i&&etargetAllowOtherCheck){allowed=!1;var c=document.createElement(\"script\");return c.src=\"\/\/hu.search.etargetnet.com\/generic\/uni.php?g=ref:58661,area:700x210\",void(document.getElementById(t)&&document.getElementById(e)&&(document.getElementById(t).parentNode.appendChild(c),document.getElementById(t).parentNode.removeChild(document.getElementById(t)),document.getElementById(e).parentNode.removeChild(document.getElementById(e)),document.removeEventListener(\"scroll\",etargetPostloadFunction7a9b589f63cb072bef80df221f46a22b),document.removeEventListener(\"resize\",etargetPostloadFunction7a9b589f63cb072bef80df221f46a22b),document.removeEventListener(\"DOMContentLoaded\",etargetPostloadFunction7a9b589f63cb072bef80df221f46a22b)))}}}var etargetDivID=\"etargetPostload7a9b589f63cb072bef80df221f46a22b\",etargetScriptID=\"etargetScript7a9b589f63cb072bef80df221f46a22b\",etargetPostloadPoint=document.createElement(\"div\");etargetPostloadPoint.id=etargetDivID;var etargetCurScript=document.getElementById(etargetScriptID);etargetCurScript.parentNode.appendChild(etargetPostloadPoint),document.addEventListener(\"scroll\",etargetPostloadFunction7a9b589f63cb072bef80df221f46a22b),document.addEventListener(\"resize\",etargetPostloadFunction7a9b589f63cb072bef80df221f46a22b),document.addEventListener(\"DOMContentLoaded\",etargetPostloadFunction7a9b589f63cb072bef80df221f46a22b);var etargetAllowOtherCheck=!0;if(typeof(\"forceRunPostload\")==\"string\"){etargetPostloadFunction7a9b589f63cb072bef80df221f46a22b()}<\/script><\/div>\n<p class=\"has-drop-cap\">\u201eSzeret\u00fcnk Titeket! Al\u00e1\u00edr\u00e1s: Lidus\u00a0\u00e9s Dorcsi\u201d \u2013 z\u00e1rja rendszeresen Facebook-posztjait a\u00a0Marokbaba. Az idegrendszer-fejleszt\u0151 j\u00e1t\u00e9kot megalkot\u00f3 Kincses-K\u00e1d\u00e1r L\u00eddia \u00e9s unokatestv\u00e9re, B\u00e1rdi Dorina szem\u00e9lyesen is aff\u00e9le szeretetbomba, sz\u00e9les mosollyal, vil\u00e1gmegv\u00e1lt\u00f3 tervekkel. Tavaly ny\u00e1ron startoltak, temp\u00f3juk az\u00f3ta sz\u00e9d\u00fcletes.\u00a0<\/p>\n<div class=\"related-post-links\">\n<p>\t\t<span class=\"related-post-links__title minititle\">T\u00f6bb ebb\u0151l<\/span><\/p>\n<div class=\"related-post-links__link-wrapper\">\n\t\t\t\t<a href=\"https:\/\/www.forbes.hu\/uzlet\/hol-a-delej-ket-gyori-srac-harom-ora-alatt-dobta-ossze-az-energiakrizist-elmagyarazo-oldalt\/\" class=\"related-post-links__link\">Hol a delej? K\u00e9t gy\u0151ri sr\u00e1c h\u00e1rom \u00f3ra alatt dobta \u00f6ssze az energiakr\u00edzist elmagyar\u00e1z\u00f3 oldalt<\/a>\n\t\t\t<\/div>\n<div class=\"related-post-links__link-wrapper\">\n\t\t\t\t<a href=\"https:\/\/www.forbes.hu\/penz\/mesterseges-intelligencia-napfogyatkozas-szemuveg-mi-tech-cloude\/\" class=\"related-post-links__link\">N\u00e9gy nap, egy \u00f6tlet \u00e9s a mesters\u00e9ges intelligencia: 40 milli\u00f3 forintot kerestek a napfogyatkoz\u00e1son. Mutatjuk, hogyan<\/a>\n\t\t\t<\/div>\n<\/div>\n<p>\u201eNapi tizenhat \u00f3r\u00e1kat dolgozunk egy \u00e9ve, sokszor s\u00edrunk a\u00a0f\u00e1radts\u00e1gt\u00f3l \u2013 mondja L\u00eddia. \u2013 Felkel\u00fcnk, sminkeletlen\u00fcl \u00fcl\u00fcnk a\u00a0meetingen, azt sem nagyon tudjuk, hol vagyunk. Azt\u00e1n mondja az \u00d6kumenikus Seg\u00e9lyszervezet, hogy a\u00a0b\u00e1ntalmazott gyermekek rehabilit\u00e1ci\u00f3j\u00e1ban haszn\u00e1ln\u00e1k a\u00a0marokbab\u00e1kat. Az\u00f3ta szakmai m\u00f3dszertan is sz\u00fcletett hozz\u00e1.<\/p>\n<blockquote class=\"wp-block-quote is-layout-flow wp-block-quote-is-layout-flow\">\n<p>Ezek olyan hihetetlen t\u00f6rt\u00e9netek, ami\u00e9rt meg\u00e9ri csin\u00e1lni.\u201d\u00a0<\/p>\n<\/blockquote>\n<p>A marokbab\u00e1kat eredetileg tipikus fejl\u0151d\u00e9s\u0171 gyermekeknek \u00e9s sz\u00fcleiknek sz\u00e1nt\u00e1k az \u00f3vodai \u00e9s iskolai felk\u00e9sz\u00fcl\u00e9sre, mostanra viszont t\u00f6bb sz\u00e1z magyar gy\u00f3gypedag\u00f3gus \u00e9s fejleszt\u0151 szakember is be\u00e9p\u00edtette a\u00a0m\u00f3dszertan\u00e1ba, mert atipikus fejl\u0151d\u00e9s\u0171 gyermekekn\u00e9l is sz\u00e1mos ter\u00fcleten seg\u00edt.<\/p>\n<div class=\"highlighted-text\">\n<p>\t\t<span class=\"highlighted-text__title minititle\">Err\u0151l sz\u00f3l m\u00e9g a cikk<\/span><\/p>\n<div class=\"highlighted-text__content\">\n<ul>\n<li>Mit fejlesztenek a marokbab\u00e1k?<\/li>\n<li>Hogyan zajlott a k\u00eds\u00e9rletez\u00e9si f\u00e1zis?<\/li>\n<li>Hogyan t\u00e1mogatja az \u00fczletfejleszt\u00e9st harmadik tulajdonost\u00e1rsuk, Bojinka Mikl\u00f3s?<\/li>\n<\/ul><\/div>\n<\/div>\n<div class=\"post-content-soft-paywall\">\n<h2 class=\"wp-block-heading\">Toboz, kavics, csigah\u00e1z<\/h2>\n<p>\u201eNem tal\u00e1ltam olyan eszk\u00f6zt a\u00a0piacon, ami komplexen seg\u00edten\u00e9 a\u00a0gyerekek \u00e9rzelmi, mozg\u00e1sos \u00e9s \u00e9rtelmi fejl\u0151d\u00e9s\u00e9t\u201d \u2013 mondja L\u00eddia. \u0150\u00a0f\u00e9rj\u00e9vel, a\u00a0v\u00e1llalkoz\u00e1sban szint\u00e9n r\u00e9szt vev\u0151 K\u00e1d\u00e1r Krist\u00f3ffal egy h\u00e1rom\u00e9ves kisl\u00e1nyt nevel. L\u00eddia \u00e9desanyja, Kincsesn\u00e9 Horv\u00e1th Katinka alapoz\u00f3 mozg\u00e1sterapeuta, negyven \u00e9v \u00f3vodapedag\u00f3giai tapasztalattal, \u00edgy sokszor fordultak hozz\u00e1 tan\u00e1cs\u00e9rt. Amikor viszont komplexebb j\u00e1t\u00e9kot kerestek kisl\u00e1nyuknak, elakadtak, \u00e9s meg is sz\u00fcletett a\u00a0marokbaba \u00f6tlete.\u00a0<\/p>\n<figure class=\"wp-block-gallery has-nested-images columns-1 is-cropped wp-block-gallery-1 is-layout-flex wp-block-gallery-is-layout-flex\">\n<figure class=\"wp-block-image size-large\">\n<div class=\"photo-credit-wrapper\"><img decoding=\"async\" loading=\"lazy\" data-id=\"800113\" src=\"https:\/\/cdn.forbes.hu\/uploads\/2026\/09\/Marokbaba_20260814_FORBES_RD_005-scaled.webp?r=eyJ3IjoxNTAwLCJxIjo5MCwicyI6ImpwZyJ9\" alt=\"\" class=\"wp-image-800113\" \/><\/div>\n<\/figure>\n<figure class=\"wp-block-image size-large\">\n<div class=\"photo-credit-wrapper\"><img decoding=\"async\" loading=\"lazy\" data-id=\"800111\" src=\"https:\/\/cdn.forbes.hu\/uploads\/2026\/09\/Marokbaba_20260814_FORBES_RD_001-scaled.webp?r=eyJ3IjoxNTAwLCJxIjo5MCwicyI6ImpwZyJ9\" alt=\"\" class=\"wp-image-800111\" \/><\/div>\n<\/figure><figcaption class=\"blocks-gallery-caption wp-element-caption\">Fot\u00f3k: R\u00e1nki D\u00e1niel\/Forbes<\/figcaption><\/figure>\n<p>Katinka dolgozta ki a\u00a0m\u00f3dszertant, l\u00e1nya pedig \u2013 mint frissen v\u00e9gzett \u00e9p\u00edt\u00e9szm\u00e9rn\u00f6k \u2013 el\u0151sz\u00f6r egy \u00e9p\u00edt\u00e9szszoftverben kezdett rajzolgatni, majd diz\u00e1jnert keresett. T\u00f6bb sikertelen k\u00f6r ut\u00e1n r\u00e1j\u00f6tt, hogy csak ezzel foglalkoz\u00f3 (\u00e9s jelenleg formatervez\u0151 mesterszakos) unokatestv\u00e9r\u00e9ig, Dorin\u00e1ig kell mennie. \u0150\u00a0r\u00f6gt\u00f6n \u00e9rtette a\u00a0koncepci\u00f3t, \u00e9s form\u00e1t adott neki. \u00cdgy sz\u00fclettek meg Geremic, T\u00e1pli, Csuri \u00e9s a\u00a0t\u00f6bbiek \u2013 mind a\u00a0nyolc marokbab\u00e1t r\u00e9gi magyar szavakkal nevezt\u00e9k el.\u00a0<\/p>\n<p>\u201eMindegy, hol \u00e1llsz a\u00a0fejl\u0151d\u00e9sben, egy l\u00e9p\u00e9ssel seg\u00edtenek feljebb l\u00e9pni\u201d \u2013 jellemzi L\u00eddia a\u00a0gyerekekkel egy\u00fctt n\u00f6v\u0151 marokbab\u00e1kat, amik j\u00e1t\u00e9k k\u00f6zben stimul\u00e1lj\u00e1k a tapint\u00e1st \u00e9s a finommotorik\u00e1t. Ez hozz\u00e1j\u00e1rul az idegrendszer \u00e9r\u00e9s\u00e9hez, \u00e9s cs\u00f6kkentheti az idegi \u00e9retlens\u00e9gb\u0151l fakad\u00f3 lemarad\u00e1sokat.<\/p>\n<p>A\u00a0bab\u00e1k mell\u00e9 fejleszt\u00e9si seg\u00e9dletet \u00e9s haszn\u00e1lati \u00fatmutat\u00f3t is k\u00e9sz\u00edtettek \u00e9letkor szerinti gyakorlatokkal m\u00e1r t\u00edz h\u00f3napos kort\u00f3l. A feladatok seg\u00edtenek p\u00e9ld\u00e1ul a ceruzafog\u00e1s, a t\u00e9r\u00e9rz\u00e9kel\u00e9s, a ritmus\u00e9rz\u00e9k \u00e9s az \u00edr\u00e1sk\u00e9szs\u00e9g fejleszt\u00e9s\u00e9ben, \u00e9s a bab\u00e1k haszn\u00e1lhat\u00f3k sz\u00e1mol\u00e1sra, izomer\u0151s\u00edt\u00e9sre, s\u0151t t\u00f6rt\u00e9netmes\u00e9l\u00e9sre vagy szerepj\u00e1t\u00e9kokra is.<\/p>\n<p>Az idegrendszert az \u00e9vmilli\u00f3k sor\u00e1n adapt\u00e1l\u00f3dott form\u00e1k, ingerek, text\u00far\u00e1k fejlesztik legink\u00e1bb. Emiatt L\u00eddi\u00e1\u00e9k term\u00e9szetes form\u00e1kat \u2013 p\u00e9ld\u00e1ul tobozt, kavicsot, csigah\u00e1zat \u2013 haszn\u00e1ltak. Azt mondj\u00e1k, a\u00a0marokbab\u00e1kkal el\u00e9rhet\u0151 ingerek a\u00a0gyerekekn\u00e9l m\u00e1sodpercenk\u00e9nt ak\u00e1r k\u00e9tmilli\u00f3 idegi kapcsolatot is l\u00e9tre tudnak hozni.<\/p>\n<p>A bab\u00e1k als\u00f3 r\u00e9sz\u00e9t sz\u00ednezett kukoricakem\u00e9ny\u00edt\u0151b\u0151l 3D\u00a0nyomtatj\u00e1k, a\u00a0fels\u0151 r\u00e9sz \u00e9tkez\u00e9si szilikonb\u00f3l k\u00e9sz\u00fcl. Az anyagokra \u00e9s a\u00a0form\u00e1kra is megszerezt\u00e9k a\u00a0legszigor\u00fabb, T\u00dcV-tan\u00fas\u00edt\u00e1st. Egy v\u00e9gleges modellhez t\u00edz\u2013h\u00fasz k\u00eds\u00e9rleti darabot k\u00e9sz\u00edtettek, Dorina nagyapj\u00e1nak gar\u00e1zs\u00e1ban \u00e9s padl\u00e1s\u00e1n indult a\u00a0gy\u00e1rt\u00e1s.\u00a0<\/p>\n<blockquote class=\"wp-block-quote is-layout-flow wp-block-quote-is-layout-flow\">\n<p>A marokbab\u00e1k az Eur\u00f3pai Uni\u00f3 27 tag\u00e1llam\u00e1ban \u00e9s tov\u00e1bbi \u00f6t orsz\u00e1gban \u2013Norv\u00e9gi\u00e1ban, Sv\u00e1jcban, az Egyes\u00fclt \u00c1llamokban, K\u00edn\u00e1ban \u00e9s Izlandon \u2013 formatervi mintaoltalom alatt \u00e1llnak.<\/p>\n<\/blockquote>\n<p>Az \u00f6tlet piaci \u00e9letk\u00e9pess\u00e9ge m\u00e1r kor\u00e1bban kider\u00fclt: a\u00a0Marokbaba tavaly megnyerte a\u00a0Nemzeti Tehets\u00e9g Program Start nev\u0171 v\u00e1llalkoz\u00e1sfejleszt\u00e9si programj\u00e1t, amiben piac- \u00e9s term\u00e9kelemz\u00e9s, illetve piacra l\u00e9p\u00e9si strat\u00e9gia sz\u00fcletett, \u00e9s \u00f6tmilli\u00f3 forintot kaptak az indul\u00e1shoz.\u00a0<\/p>\n<p>Ezut\u00e1n sz\u00e1llt be a\u00a0c\u00e9gbe t\u00edzmilli\u00f3 forinttal az RTL \u00fczleti m\u0171sor\u00e1ban, a\u00a0<em>C\u00e1p\u00e1k k\u00f6z\u00f6ttben <\/em>Bojinka Mikl\u00f3s \u2013 a\u00a0Sanimix alap\u00edt\u00f3j\u00e1nak portf\u00f3li\u00f3j\u00e1ban jelent\u0151s ingatlanbefektet\u00e9sek is vannak \u2013, \u00f6v\u00e9 lett a\u00a0Marokbaba Kft. 29 sz\u00e1zal\u00e9ka, \u00e9s f\u0151k\u00e9nt az \u00fczletfejleszt\u00e9sben seg\u00edt: \u0151 t\u00e1rgyalja a\u00a0B2B partners\u00e9geket, \u00e9s ott van a\u00a0gy\u00e1rt\u00e1si kapacit\u00e1s n\u00f6vel\u00e9s\u00e9t c\u00e9lz\u00f3 egyeztet\u00e9seken.<\/p>\n<blockquote class=\"wp-block-quote is-layout-flow wp-block-quote-is-layout-flow\">\n<p>\u201eAzonnal megl\u00e1ttam az embert az \u00fczleti tervek \u00e9s a\u00a0sz\u00e1mok m\u00f6g\u00f6tt. Annyira hitelesek \u00e9s \u00f6nazonosak voltak a\u00a0l\u00e1nyok, l\u00e1tszott, hogy nem volt semmilyen te\u00e1tr\u00e1lis, betanult sztori, hogy tudtam, be kell sz\u00e1llnom\u201d<\/p>\n<\/blockquote>\n<p>\u2013 eml\u00e9kszik Mikl\u00f3s a\u00a0Marokbaba pitch\u00e9re. Persze d\u00f6nt\u00e9s\u00e9ben a\u00a0term\u00e9k, a\u00a0m\u00f3dszertan, illetve a\u00a0sorozatgy\u00e1rt\u00e1s \u00e9s a\u00a0mintaoltalom megl\u00e9te is szerepet j\u00e1tszott.\u00a0<\/p>\n<p>\u201eAmikor a\u00a0gyermekek \u00e9s a\u00a0sz\u00fcl\u0151k a\u00a0c\u00e9lcsoport, a\u00a0bizalom kulcsk\u00e9rd\u00e9s, \u00e9s \u0151k ezt m\u00e1r az els\u0151 tal\u00e1lkoz\u00e1skor nagyon er\u0151sen megmutatt\u00e1k. Im\u00e1dnak adni, nem mindig sz\u00e1m\u00edt a\u00a0p\u00e9nz. De sz\u00fcks\u00e9g van k\u00f6lts\u00e9gkontrollra \u00e9s a\u00a0profitra is, mert abb\u00f3l azt\u00e1n m\u00e9g t\u00f6bbet fogunk tudni visszaadni a\u00a0t\u00e1rsadalomnak.\u201d Mikl\u00f3s azt mondja, \u00edgy is komoly mennyis\u00e9get \u00e9s \u00e9rt\u00e9ket adom\u00e1nyoznak el, a\u00a0profit harmad\u00e1t.<\/p>\n<figure class=\"wp-block-image size-full\">\n<div class=\"photo-credit-wrapper\"><img decoding=\"async\" width=\"2560\" height=\"1707\" loading=\"lazy\" src=\"https:\/\/cdn.forbes.hu\/uploads\/2026\/09\/RDJ_3774-copy-scaled.jpg\" alt=\"\" class=\"wp-image-800106\" \/><\/div><figcaption class=\"wp-element-caption\">Bojinka Mikl\u00f3s legink\u00e1bb az \u00fczletfejleszt\u00e9sben seg\u00edt Dorin\u00e1nak \u00e9s L\u00eddi\u00e1nak. Fot\u00f3: R\u00e1nki D\u00e1niel\/Forbes<\/figcaption><\/figure>\n<h2 class=\"wp-block-heading\">Egyszer magyar vil\u00e1gsiker lesz\u00a0<\/h2>\n<p>Dorin\u00e1\u00e9k szerint is j\u00f3, ha a\u00a0gyerekek kapcsol\u00f3dnak a\u00a0term\u00e9szettel, de a\u00a0modern vil\u00e1g saj\u00e1toss\u00e1gai miatt sokszor kimaradnak az idegrendszer fejl\u0151d\u00e9s\u00e9t beind\u00edt\u00f3 szenzoros ingerek. A\u00a0marokbab\u00e1k ezt kompenz\u00e1lj\u00e1k, mert a\u00a0term\u00e9szetes tanul\u00e1s elemeit \u00f6tv\u00f6zik a\u00a0tudatos pedag\u00f3giai m\u00f3dszerekkel.\u00a0<\/p>\n<p>\u201eA term\u00e9szetben ritk\u00e1n tal\u00e1lsz olyan kavicsot vagy csigah\u00e1zat, ami az \u00edr\u00e1stanul\u00e1sra k\u00e9sz\u00edti fel a\u00a0gyereket\u201d \u2013 mondja L\u00eddia. Volt olyan kreat\u00edv anya is, aki Geremic csigavonalas alj\u00e1val (ez az \u201ea\u201d bet\u0171 k\u00e9s\u0151bbi form\u00e1z\u00e1s\u00e1t seg\u00edti) \u00e9s a\u00a0St\u00fccli tetej\u00e9n lev\u0151 24 t\u00fcsk\u00e9vel tan\u00edtotta meg az \u00f3r\u00e1t a\u00a0gyerek\u00e9nek. M\u00e1s matematikaversenyt nyert marokbab\u00e1val, a\u00a0kisebbeknek szobatisztas\u00e1gban vagy v\u00e9rv\u00e9teln\u00e9l seg\u00edtett. A\u00a0bab\u00e1knak sz\u00e1nd\u00e9kosan nincs arckifejez\u00e9s\u00fck, mert a\u00a0gyerekek \u00edgy jobban r\u00e1 tudj\u00e1k vet\u00edteni az aktu\u00e1lis hangulatukat.\u00a0<\/p>\n<p>A t\u00edzezer hazai b\u00f6lcs\u0151de \u00e9s \u00f3voda k\u00f6z\u00fcl m\u00e1r k\u00e9tezerben haszn\u00e1lj\u00e1k a\u00a0marokbab\u00e1kat, tov\u00e1bb\u00e1 ott vannak h\u00e1romsz\u00e1z gyermekorvosi rendel\u0151ben, \u00f6tven ment\u0151aut\u00f3ban \u00e9s nyolc k\u00f3rh\u00e1zban is. A\u00a0Vakok Iskol\u00e1j\u00e1ban p\u00e9ld\u00e1ul nyelvgy\u00f6kmassz\u00edroz\u00e1sn\u00e1l alkalmazz\u00e1k \u0151ket velesz\u00fcletett besz\u00e9dneh\u00e9zs\u00e9gekben vak gyerekekn\u00e9l. <\/p>\n<p>T\u00f6bb kutat\u00e1s is zajlik a\u00a0marokbab\u00e1k hat\u00e1s\u00e1r\u00f3l egyetemi k\u00f6zegben, emellett pilotprojektek is indulnak: a\u00a0Magyar M\u00e1ltai Szeretetszolg\u00e1lat p\u00e9ld\u00e1ul beviszi a\u00a0demensekhez az id\u0151sgondoz\u00e1sba, illetve a\u00a0szenved\u00e9lybetegek \u00e9s s\u00falyos fogyat\u00e9koss\u00e1ggal \u00e9l\u0151k ell\u00e1t\u00e1s\u00e1ba.<\/p>\n<blockquote class=\"wp-block-quote is-layout-flow wp-block-quote-is-layout-flow\">\n<p>\u201eAz a\u00a0v\u00edzi\u00f3nk, hogy ez egyszer magyar vil\u00e1gsiker lesz. Tizenh\u00e9t orsz\u00e1g jelentkezett disztrib\u00faci\u00f3s partnernek. Minden platformon tele van a\u00a0postal\u00e1d\u00e1nk.\u201d<\/p>\n<\/blockquote>\n<p>Sz\u00e1mos magyar sz\u00e1rmaz\u00e1s\u00fa szakember, gy\u00f3gypedag\u00f3gus haszn\u00e1lja a\u00a0marokbab\u00e1kat m\u00e1r k\u00fclf\u00f6ld\u00f6n is Las Vegast\u00f3l Izlandon \u00e1t bangkoki rehabilit\u00e1ci\u00f3s k\u00f6zpontig \u00e9s ausztr\u00e1liai magyar iskol\u00e1ig. Minden csomagot olyan matric\u00e1val z\u00e1rnak le, amire az van \u00edrva: \u201ea magyar fejleszt\u0151pedag\u00f3gia csod\u00e1latos\u201d.<\/p>\n<p>Mikl\u00f3s szerint a\u00a0Marokbab\u00e1nak j\u00f3 es\u00e9lye van, hogy milli\u00e1rdos c\u00e9gg\u00e9 n\u0151j\u00f6n. A\u00a0k\u00fclf\u00f6ldi terjeszked\u00e9st az eddigi megkeres\u00e9sekre alapozva ind\u00edtj\u00e1k, mert \u00fagy l\u00e1tja, nincs ann\u00e1l jobb, mint amikor k\u00fclf\u00f6ldi szakemberek viszik a\u00a0magyar innov\u00e1ci\u00f3 \u2013 ami nemcsak a\u00a0term\u00e9k, hanem a\u00a0m\u00f3dszertan is \u2013 j\u00f3h\u00edr\u00e9t. Emell\u00e9 persze majd mindenhol egy alapos piackutat\u00e1st is el kell v\u00e9gezni. \u201eA\u00a0Rubik-kocka p\u00e9ld\u00e1ul megism\u00e9telhetetlen magyar sikert\u00f6rt\u00e9net, de a\u00a0marokbab\u00e1ban is megvan a\u00a0potenci\u00e1l, hogy ismert magyar vil\u00e1gm\u00e1rk\u00e1v\u00e1 v\u00e1ljon\u201d\u00a0 \u2013 mondja Mikl\u00f3s.<\/p>\n<h2 class=\"wp-block-heading\">How to pilot?<\/h2>\n<p>\u201eIsmered azt a\u00a0m\u00e9met, amin egy vad\u00e1szrep\u00fcl\u0151t vezet\u0151 pil\u00f3ta a\u00a0<em>How to Pilot? <\/em>k\u00e9zik\u00f6nyvet olvassa a\u00a0magasban?\u201d \u2013 k\u00e9rdezi Dorina. Kezdetben \u0151k is \u00edgy \u00e9rezt\u00e9k magukat. A\u00a0bab\u00e1k alja az elej\u00e9n 3D\u00a0nyomtatott f\u00e1b\u00f3l k\u00e9sz\u00fclt, amit ut\u00f3lag kellett csiszolni, festeni \u00e9s sorj\u00e1zni. \u201eAzt p\u00e9ld\u00e1ul a\u00a0nagypap\u00e1mmal csin\u00e1ltuk. K\u00f6r\u00fclbel\u00fcl hatezer darabot festett\u00fcnk le k\u00e9zzel.\u201d\u00a0<\/p>\n<figure class=\"wp-block-image size-full\">\n<div class=\"photo-credit-wrapper\"><img decoding=\"async\" width=\"1707\" height=\"2560\" loading=\"lazy\" src=\"https:\/\/cdn.forbes.hu\/uploads\/2026\/09\/Marokbaba_20260814_FORBES_RD_022-scaled.jpg\" alt=\"\" class=\"wp-image-800130\" \/><\/div><figcaption class=\"wp-element-caption\">B\u00e1rdi Dorina \u00e9s Kincses-K\u00e1d\u00e1r L\u00eddia, a Marokbaba alap\u00edt\u00f3i. Fot\u00f3: R\u00e1nki D\u00e1niel\/Forbes<\/figcaption><\/figure>\n<p>Els\u0151sorban webshopjukban \u00e9rt\u00e9kes\u00edtenek, de m\u00e1r a\u00a0Brendon baba\u00e1ruh\u00e1zakban \u00e9s a\u00a0Pagony k\u00f6nyvesboltokban is ott vannak, el\u0151bbiben Szlov\u00e1ki\u00e1ban is. Mostanra harmincezer marokbab\u00e1t adtak el, de lehetett volna t\u00f6bb is, az ut\u00f3bbi egy \u00e9vben t\u00f6bbsz\u00f6r (volt, hogy k\u00e9t h\u00f3napra) is le kellett \u00e1ll\u00edtaniuk a\u00a0webshopos rendel\u00e9st, mert nem b\u00edrt\u00e1k a\u00a0gy\u00e1rt\u00e1si temp\u00f3t.<\/p>\n<p>A\u00a02026-os lesz az els\u0151 teljes lez\u00e1rt \u00fczleti \u00e9v\u00fck, a\u00a0tavalyi 54,3 milli\u00f3 forintos (ez kb. h\u00e1rom h\u00f3nap eredm\u00e9nye) \u00e1rbev\u00e9tel ut\u00e1n id\u00e9nre 180\u2013200 milli\u00f3 forintos forgalmat v\u00e1rnak. Egy marokbaba \u00e1ra 6990 forint, a\u00a0n\u00e9gyes szett 25\u00a0990, a\u00a0nyolc\u00a0darabos 44\u00a0990 forintba ker\u00fcl.<\/p>\n<p>\u201eEl kell d\u00f6ntened, hogy v\u00e1llalkoz\u00f3k\u00e9nt melyik utat v\u00e1lasztod: elrakod a\u00a0profitot, meggazdagodsz, vagy nem veszel Prada cip\u0151t, hanem seg\u00edtesz, \u00e9s egy gyerek ennek k\u00f6sz\u00f6nhet\u0151en a\u00a0tol\u00f3sz\u00e9kb\u0151l fel\u00e1llva j\u00e1r\u201d \u2013 mondja L\u00eddia. A\u00a0v\u00e1llalkoz\u00e1s kezdett\u0151l t\u00e1mogatja k\u00f6z\u00f6ss\u00e9g\u00e9t \u00e9s a\u00a0szakmai szerepl\u0151ket. Els\u0151 \u00e9v\u00fckben 25 milli\u00f3 forint \u00e9rt\u00e9kben seg\u00edtettek marokbab\u00e1kkal vagy m\u00e1shogyan, vettek p\u00e9ld\u00e1ul EEG-k\u00e9sz\u00fcl\u00e9ket egy sz\u00edvbeteg gyermekeket seg\u00edt\u0151 alap\u00edtv\u00e1nynak is.\u00a0<\/p>\n<p>C\u00e9ljuk nem kevesebb, mint egy el\u00e9g szomor\u00fa statisztika megv\u00e1ltoztat\u00e1sa. Az UNICEF t\u00f6bb orsz\u00e1gra kiterjed\u0151 felm\u00e9r\u00e9se szerint itthon minden harmadik, iskol\u00e1t vagy \u00f3vod\u00e1t megkezd\u0151 eg\u00e9szs\u00e9ges gyerek k\u00fczd valamilyen neh\u00e9zs\u00e9ggel, p\u00e9ld\u00e1ul szorong, gondja van a\u00a0besz\u00e9dindul\u00e1ssal vagy \u00e9pp a\u00a0cip\u0151f\u0171z\u0151 megk\u00f6t\u00e9s\u00e9vel. Ezt persze r\u00e9g\u00f3ta l\u00e1tj\u00e1k a\u00a0sz\u00fcl\u0151k \u00e9s a\u00a0szakemberek, de mintha most t\u00f6rt volna \u00e1t a\u00a0fal.<\/p>\n<blockquote class=\"wp-block-quote is-layout-flow wp-block-quote-is-layout-flow\">\n<p>\u201eEnnek a\u00a0k\u00f6z\u00f6ss\u00e9gnek mi is hangja lett\u00fcnk \u2013 mondja L\u00eddia \u2013\u00a0 Meg lehet v\u00e1ltoztatni a\u00a0vil\u00e1got, ez csak d\u00f6nt\u00e9s \u00e9s akarat k\u00e9rd\u00e9se.\u201d\u00a0<\/p>\n<\/blockquote>\n<\/div>\n<div><\/div>\n<div class=\"premium-blocker premium-blocker--hu\" data-needed=\"authenticated\" data-current=\"[&quot;free&quot;]\">\n<div data-needed=\"authenticated\"><\/div>\n<\/div>\n<p>\t\t<!-- No email blocks found --><\/p>\n<p>The post <a href=\"https:\/\/www.forbes.hu\/uzlet\/egyszer-magyar-vilagsiker-lesz-dorina-es-lidia-szerint-megeri-napi-tizenhat-orat-beletenni-egy-capa-is-ugy-erezte-hogy-azonnal-be-kell-szallnia-a-marokbababa\/\">\u201eEgyszer magyar vil\u00e1gsiker lesz\u201d \u2013\u00a0Dorina \u00e9s L\u00eddia szerint meg\u00e9ri napi tizenhat \u00f3r\u00e1t beletenni, egy c\u00e1pa is \u00fagy \u00e9rezte, hogy azonnal be kell sz\u00e1llnia a Marokbab\u00e1ba<\/a> appeared first on <a href=\"https:\/\/www.forbes.hu\/\">Forbes.hu<\/a>.<\/p><div id=\"friss-2878925935\" class=\"friss-etarget-cikk-vege friss-entity-placement\"><script type=\"text\/javascript\" id=\"etargetScript7a9b589f63cb072bef80df221f46a22b\">function etargetPostloadFunction7a9b589f63cb072bef80df221f46a22b(){var e=\"etargetPostload7a9b589f63cb072bef80df221f46a22b\",t=\"etargetScript7a9b589f63cb072bef80df221f46a22b\",o=document.getElementById(e);if(o){for(var n=o.offsetTop,d=o.offsetLeft,r=o.offsetWidth,a=o.offsetHeight;o.offsetParent;)o=o.offsetParent,n+=o.offsetTop,d+=o.offsetLeft;var i=(n<=window.pageYOffset+window.innerHeight&&d<window.pageXOffset+window.innerWidth&&n+a>window.pageYOffset&&d+r>window.pageXOffset);if(i&&etargetAllowOtherCheck){allowed=!1;var c=document.createElement(\"script\");return c.src=\"\/\/hu.search.etargetnet.com\/generic\/uni.php?g=ref:58661,area:700x210\",void(document.getElementById(t)&&document.getElementById(e)&&(document.getElementById(t).parentNode.appendChild(c),document.getElementById(t).parentNode.removeChild(document.getElementById(t)),document.getElementById(e).parentNode.removeChild(document.getElementById(e)),document.removeEventListener(\"scroll\",etargetPostloadFunction7a9b589f63cb072bef80df221f46a22b),document.removeEventListener(\"resize\",etargetPostloadFunction7a9b589f63cb072bef80df221f46a22b),document.removeEventListener(\"DOMContentLoaded\",etargetPostloadFunction7a9b589f63cb072bef80df221f46a22b)))}}}var etargetDivID=\"etargetPostload7a9b589f63cb072bef80df221f46a22b\",etargetScriptID=\"etargetScript7a9b589f63cb072bef80df221f46a22b\",etargetPostloadPoint=document.createElement(\"div\");etargetPostloadPoint.id=etargetDivID;var etargetCurScript=document.getElementById(etargetScriptID);etargetCurScript.parentNode.appendChild(etargetPostloadPoint),document.addEventListener(\"scroll\",etargetPostloadFunction7a9b589f63cb072bef80df221f46a22b),document.addEventListener(\"resize\",etargetPostloadFunction7a9b589f63cb072bef80df221f46a22b),document.addEventListener(\"DOMContentLoaded\",etargetPostloadFunction7a9b589f63cb072bef80df221f46a22b);var etargetAllowOtherCheck=!0;if(typeof(\"forceRunPostload\")==\"string\"){etargetPostloadFunction7a9b589f63cb072bef80df221f46a22b()}<\/script><\/div><div id=\"friss-3313401599\" class=\"friss-after-content friss-entity-placement\"><script type=\"text\/javascript\" id=\"etargetScript7a9b589f63cb072bef80df221f46a22b\">function etargetPostloadFunction7a9b589f63cb072bef80df221f46a22b(){var e=\"etargetPostload7a9b589f63cb072bef80df221f46a22b\",t=\"etargetScript7a9b589f63cb072bef80df221f46a22b\",o=document.getElementById(e);if(o){for(var n=o.offsetTop,d=o.offsetLeft,r=o.offsetWidth,a=o.offsetHeight;o.offsetParent;)o=o.offsetParent,n+=o.offsetTop,d+=o.offsetLeft;var i=(n<=window.pageYOffset+window.innerHeight&&d<window.pageXOffset+window.innerWidth&&n+a>window.pageYOffset&&d+r>window.pageXOffset);if(i&&etargetAllowOtherCheck){allowed=!1;var c=document.createElement(\"script\");return c.src=\"\/\/hu.search.etargetnet.com\/generic\/uni.php?g=ref:58661,area:700x210\",void(document.getElementById(t)&&document.getElementById(e)&&(document.getElementById(t).parentNode.appendChild(c),document.getElementById(t).parentNode.removeChild(document.getElementById(t)),document.getElementById(e).parentNode.removeChild(document.getElementById(e)),document.removeEventListener(\"scroll\",etargetPostloadFunction7a9b589f63cb072bef80df221f46a22b),document.removeEventListener(\"resize\",etargetPostloadFunction7a9b589f63cb072bef80df221f46a22b),document.removeEventListener(\"DOMContentLoaded\",etargetPostloadFunction7a9b589f63cb072bef80df221f46a22b)))}}}var etargetDivID=\"etargetPostload7a9b589f63cb072bef80df221f46a22b\",etargetScriptID=\"etargetScript7a9b589f63cb072bef80df221f46a22b\",etargetPostloadPoint=document.createElement(\"div\");etargetPostloadPoint.id=etargetDivID;var etargetCurScript=document.getElementById(etargetScriptID);etargetCurScript.parentNode.appendChild(etargetPostloadPoint),document.addEventListener(\"scroll\",etargetPostloadFunction7a9b589f63cb072bef80df221f46a22b),document.addEventListener(\"resize\",etargetPostloadFunction7a9b589f63cb072bef80df221f46a22b),document.addEventListener(\"DOMContentLoaded\",etargetPostloadFunction7a9b589f63cb072bef80df221f46a22b);var etargetAllowOtherCheck=!0;if(typeof(\"forceRunPostload\")==\"string\"){etargetPostloadFunction7a9b589f63cb072bef80df221f46a22b()}<\/script><\/div><div id=\"friss-3897807231\" class=\"friss-after-content_2 friss-entity-placement\" style=\"clear: both;\"><div class=\"wprss_ajax\" data-id=\"rssbcdbf8213a\"><img loading=\"lazy\" decoding=\"async\" src=\"https:\/\/friss-hirek.hu\/wp-content\/plugins\/wp-rss-retriever\/inc\/imgs\/ajax-loader.gif\" alt=\"Loading RSS Feed\" width=\"16\" height=\"16\"><\/div><\/div><br style=\"clear: both; display: block; float: none;\"\/><div id=\"friss-1849974514\" class=\"friss-after-content_3 friss-entity-placement\">https:\/\/www.youtube.com\/watch?v=Pdnw4KiUWp0<\/div>","protected":false},"excerpt":{"rendered":"<p>M\u00e1r minden \u00f6t\u00f6dik magyar \u00f3vod\u00e1ban \u00e9s b\u00f6lcs\u0151d\u00e9ben haszn\u00e1lj\u00e1k a\u00a0marokbab\u00e1kat. A\u00a0komplex idegrendszer-fejleszt\u0151 eszk\u00f6z\u00f6ket Kincses-K\u00e1d\u00e1r L\u00eddia \u00e9s B\u00e1rdi Dorina alkotta meg, \u00e9s kezdetben maguk sem gondolt\u00e1k, hogy ilyen sz\u00e9les k\u00f6rben tudnak majd seg\u00edteni vele a\u00a0gyerekeknek.\u00a0 \u201eSzeret\u00fcnk Titeket! Al\u00e1\u00edr\u00e1s: Lidus\u00a0\u00e9s Dorcsi\u201d \u2013 z\u00e1rja rendszeresen Facebook-posztjait a\u00a0Marokbaba. Az idegrendszer-fejleszt\u0151 j\u00e1t\u00e9kot megalkot\u00f3 Kincses-K\u00e1d\u00e1r L\u00eddia \u00e9s unokatestv\u00e9re, B\u00e1rdi Dorina szem\u00e9lyesen is [&hellip;]<\/p>\n","protected":false},"author":1,"featured_media":0,"comment_status":"open","ping_status":"open","sticky":false,"template":"","format":"standard","meta":{"footnotes":""},"categories":[7],"tags":[],"class_list":["post-171218","post","type-post","status-publish","format-standard","hentry","category-uzlet"],"amp_enabled":true,"_links":{"self":[{"href":"https:\/\/friss-hirek.hu\/index.php\/wp-json\/wp\/v2\/posts\/171218","targetHints":{"allow":["GET"]}}],"collection":[{"href":"https:\/\/friss-hirek.hu\/index.php\/wp-json\/wp\/v2\/posts"}],"about":[{"href":"https:\/\/friss-hirek.hu\/index.php\/wp-json\/wp\/v2\/types\/post"}],"author":[{"embeddable":true,"href":"https:\/\/friss-hirek.hu\/index.php\/wp-json\/wp\/v2\/users\/1"}],"replies":[{"embeddable":true,"href":"https:\/\/friss-hirek.hu\/index.php\/wp-json\/wp\/v2\/comments?post=171218"}],"version-history":[{"count":0,"href":"https:\/\/friss-hirek.hu\/index.php\/wp-json\/wp\/v2\/posts\/171218\/revisions"}],"wp:attachment":[{"href":"https:\/\/friss-hirek.hu\/index.php\/wp-json\/wp\/v2\/media?parent=171218"}],"wp:term":[{"taxonomy":"category","embeddable":true,"href":"https:\/\/friss-hirek.hu\/index.php\/wp-json\/wp\/v2\/categories?post=171218"},{"taxonomy":"post_tag","embeddable":true,"href":"https:\/\/friss-hirek.hu\/index.php\/wp-json\/wp\/v2\/tags?post=171218"}],"curies":[{"name":"wp","href":"https:\/\/api.w.org\/{rel}","templated":true}]}}