{"id":171228,"date":"2026-09-05T16:37:09","date_gmt":"2026-09-05T16:37:09","guid":{"rendered":"https:\/\/friss-hirek.hu\/index.php\/tehenek-hasznaljak-nyaron-az-alpok-hoagyuit\/friss-hirek\/"},"modified":"2026-09-05T16:37:09","modified_gmt":"2026-09-05T16:37:09","slug":"tehenek-hasznaljak-nyaron-az-alpok-hoagyuit","status":"publish","type":"post","link":"https:\/\/friss-hirek.hu\/index.php\/tehenek-hasznaljak-nyaron-az-alpok-hoagyuit\/videk\/","title":{"rendered":"Tehenek haszn\u00e1lj\u00e1k ny\u00e1ron az Alpok h\u00f3\u00e1gy\u00fait"},"content":{"rendered":"<p>Els\u0151re szokatlannak t\u0171nik, de az osztr\u00e1k Alpokban a s\u00edterepek h\u00f3\u00e1gy\u00farendszere ny\u00e1ron sem pihen. A Vorarlberg tartom\u00e1nyban tal\u00e1lhat\u00f3 Silvretta Montafon t\u00e9rs\u00e9g\u00e9ben ugyanaz a v\u00edzh\u00e1l\u00f3zat, amely t\u00e9len a p\u00e1ly\u00e1k behavaz\u00e1s\u00e1t szolg\u00e1lja, a ny\u00e1ri h\u00f3napokban a hegyi legel\u0151k\u00f6n tartott szarvasmarh\u00e1k iv\u00f3v\u00edzell\u00e1t\u00e1s\u00e1t biztos\u00edtja \u2013 sz\u00e1molt be r\u00f3la a <a href=\"https:\/\/sielok.hu\/rovat\/hirek\/cikk\/nyaron-a-tehenek-isszak-meg-a-hoagyuk-vizet\/?shem=dsdf,sharefoc,agadiscoversdl,,sh\/x\/discover\/m1\/4\" target=\"_blank\" rel=\"noopener\">S\u00edel\u0151k.hu<\/a>.<\/p><div id=\"friss-1355865995\" class=\"friss-etarget friss-entity-placement\"><script type=\"text\/javascript\" id=\"etargetScript7a9b589f63cb072bef80df221f46a22b\">function etargetPostloadFunction7a9b589f63cb072bef80df221f46a22b(){var e=\"etargetPostload7a9b589f63cb072bef80df221f46a22b\",t=\"etargetScript7a9b589f63cb072bef80df221f46a22b\",o=document.getElementById(e);if(o){for(var n=o.offsetTop,d=o.offsetLeft,r=o.offsetWidth,a=o.offsetHeight;o.offsetParent;)o=o.offsetParent,n+=o.offsetTop,d+=o.offsetLeft;var i=(n<=window.pageYOffset+window.innerHeight&&d<window.pageXOffset+window.innerWidth&&n+a>window.pageYOffset&&d+r>window.pageXOffset);if(i&&etargetAllowOtherCheck){allowed=!1;var c=document.createElement(\"script\");return c.src=\"\/\/hu.search.etargetnet.com\/generic\/uni.php?g=ref:58661,area:700x210\",void(document.getElementById(t)&&document.getElementById(e)&&(document.getElementById(t).parentNode.appendChild(c),document.getElementById(t).parentNode.removeChild(document.getElementById(t)),document.getElementById(e).parentNode.removeChild(document.getElementById(e)),document.removeEventListener(\"scroll\",etargetPostloadFunction7a9b589f63cb072bef80df221f46a22b),document.removeEventListener(\"resize\",etargetPostloadFunction7a9b589f63cb072bef80df221f46a22b),document.removeEventListener(\"DOMContentLoaded\",etargetPostloadFunction7a9b589f63cb072bef80df221f46a22b)))}}}var etargetDivID=\"etargetPostload7a9b589f63cb072bef80df221f46a22b\",etargetScriptID=\"etargetScript7a9b589f63cb072bef80df221f46a22b\",etargetPostloadPoint=document.createElement(\"div\");etargetPostloadPoint.id=etargetDivID;var etargetCurScript=document.getElementById(etargetScriptID);etargetCurScript.parentNode.appendChild(etargetPostloadPoint),document.addEventListener(\"scroll\",etargetPostloadFunction7a9b589f63cb072bef80df221f46a22b),document.addEventListener(\"resize\",etargetPostloadFunction7a9b589f63cb072bef80df221f46a22b),document.addEventListener(\"DOMContentLoaded\",etargetPostloadFunction7a9b589f63cb072bef80df221f46a22b);var etargetAllowOtherCheck=!0;if(typeof(\"forceRunPostload\")==\"string\"){etargetPostloadFunction7a9b589f63cb072bef80df221f46a22b()}<\/script><\/div>\n<p>Az Alpe Nova magaslati legel\u0151in ilyenkor k\u00f6r\u00fclbel\u00fcl 70 tejel\u0151 teh\u00e9n \u00e9s 200 n\u00f6vend\u00e9k \u00e1llat legel. Az idei, rendk\u00edv\u00fcl sz\u00e1raz ny\u00e1r miatt a term\u00e9szetes v\u00edzforr\u00e1sok hozama is visszaesett, ez\u00e9rt alternat\u00edv megold\u00e1sra volt sz\u00fcks\u00e9g.<\/p>\n<p>A seg\u00edts\u00e9get a s\u00edterep m\u00e1r megl\u00e9v\u0151 rendszere adta. A t\u00e9len h\u00f3\u00e1gy\u00fakat kiszolg\u00e1l\u00f3 vezet\u00e9kh\u00e1l\u00f3zatra 25 mobil itat\u00f3t csatlakoztattak, \u00edgy a v\u00edz k\u00f6zvetlen\u00fcl eljut a legel\u0151kre. Ugyanazok a cs\u00f6vek \u00e9s t\u00e1roz\u00f3k, amelyek a hideg h\u00f3napokban a s\u00edp\u00e1ly\u00e1k h\u00f3ell\u00e1t\u00e1s\u00e1t biztos\u00edtj\u00e1k, most az \u00e1llatok iv\u00f3viz\u00e9t szolg\u00e1ltatj\u00e1k.<\/p>\n<p>Erre az\u00e9rt van sz\u00fcks\u00e9g, mert egyetlen teh\u00e9n a ny\u00e1ri melegben ak\u00e1r napi 100 liter vizet is elfogyaszthat. T\u00f6bb sz\u00e1z \u00e1llat eset\u00e9ben ez \u00f3ri\u00e1si mennyis\u00e9get jelent, \u00e9s a megszokott forr\u00e1sok jelenleg j\u00f3val kevesebb vizet adnak a kor\u00e1bbiakn\u00e1l.<\/p>\n<p>Ezzel a megold\u00e1ssal a t\u00e9li szezonra ki\u00e9p\u00edtett h\u00e1l\u00f3zatot m\u00e1s c\u00e9lokra, ny\u00e1ron is haszn\u00e1lhatj\u00e1k, amire egyre ink\u00e1bb sz\u00fcks\u00e9g lesz az egyre gyakoribb sz\u00e1raz id\u0151szakok miatt.<\/p>\n<p>Kor\u00e1bbi cikkeinkben \u00edrtunk arr\u00f3l, hogy\u00a0<a href=\"https:\/\/sokszinuvidek.24.hu\/eletmod\/2020\/11\/11\/tehen-olelgetes-nyugtato-hollandia-trend\/\" target=\"_blank\" rel=\"noopener\">egyre nagyobb divat a teh\u00e9n\u00f6lelget\u00e9s<\/a>, de m\u00e1s meglep\u0151 dolgokr\u00f3l is besz\u00e1moltunk, p\u00e9ld\u00e1ul\u00a0<a href=\"https:\/\/sokszinuvidek.24.hu\/mozaik\/2018\/07\/04\/ozikek-fogadtak-be-az-erdoben-a-maganyos-bocit\/\" target=\"_blank\" rel=\"noopener\">\u0151zik\u00e9k fogadtak be egy mag\u00e1nyos tehenet<\/a>, illetve\u00a0<a href=\"https:\/\/sokszinuvidek.24.hu\/mozaik\/2021\/02\/05\/tehen-vilagrekord-vetelar\/\" target=\"_blank\" rel=\"noopener\">egy tehenet sz\u00e1zmilli\u00f3 forint\u00e9rt \u00e1rvereztek el<\/a>.<\/p>\n<div class=\"o-post__articRecommend m-articRecommend -hasImg cf article-recommendation-container cf _ce_measure_widget\" data-ce-measure-widget=\"Cikkaj\u00e1nl\u00f3 widget\">\n<div class=\"m-articRecommend__widgetTitle\">Kapcsol\u00f3d\u00f3<\/div>\n<div class=\"m-articRecommend__imgWrap image-container\"><a href=\"https:\/\/sokszinuvidek.24.hu\/mozaik\/2026\/01\/31\/veronika-tehen-sepru-eszkozhasznalat\/\" target=\"_self\"><img loading=\"lazy\" decoding=\"async\" width=\"480\" height=\"270\" src=\"https:\/\/s.24.hu\/app\/uploads\/sites\/11\/2026\/01\/img_0423-480x270.jpeg\" class=\"img-responsive wp-post-image\" alt=\"\" \/><\/a><\/div>\n<div class=\"m-articRecommend__cntWrap content-container \">\n\t\t\t<a href=\"https:\/\/sokszinuvidek.24.hu\/mozaik\/2026\/01\/31\/veronika-tehen-sepru-eszkozhasznalat\/\" target=\"_self\" class=\"m-articRecommend__title ar-title\">Meglep\u0151 ok miatt ragad partvist Veronika, a teh\u00e9n<\/a>\n<div class=\"m-articRecommend__lead ar-lead\">Az eszk\u00f6zt kifejezetten \u00fcgyesen haszn\u00e1lja.<\/div>\n<\/div>\n<\/div>\n<p>The post <a href=\"https:\/\/sokszinuvidek.24.hu\/viragzo-videkunk\/2026\/09\/05\/tehen-itatas-alpok-hoagyu\/\" target=\"_blank\">Tehenek haszn\u00e1lj\u00e1k ny\u00e1ron az Alpok h\u00f3\u00e1gy\u00fait<\/a> first appeared on <a href=\"https:\/\/sokszinuvidek.24.hu\/\" target=\"_blank\">Soksz\u00edn\u0171 vid\u00e9k<\/a>.<\/p><div id=\"friss-702901046\" class=\"friss-etarget-cikk-vege friss-entity-placement\"><script type=\"text\/javascript\" id=\"etargetScript7a9b589f63cb072bef80df221f46a22b\">function etargetPostloadFunction7a9b589f63cb072bef80df221f46a22b(){var e=\"etargetPostload7a9b589f63cb072bef80df221f46a22b\",t=\"etargetScript7a9b589f63cb072bef80df221f46a22b\",o=document.getElementById(e);if(o){for(var n=o.offsetTop,d=o.offsetLeft,r=o.offsetWidth,a=o.offsetHeight;o.offsetParent;)o=o.offsetParent,n+=o.offsetTop,d+=o.offsetLeft;var i=(n<=window.pageYOffset+window.innerHeight&&d<window.pageXOffset+window.innerWidth&&n+a>window.pageYOffset&&d+r>window.pageXOffset);if(i&&etargetAllowOtherCheck){allowed=!1;var c=document.createElement(\"script\");return c.src=\"\/\/hu.search.etargetnet.com\/generic\/uni.php?g=ref:58661,area:700x210\",void(document.getElementById(t)&&document.getElementById(e)&&(document.getElementById(t).parentNode.appendChild(c),document.getElementById(t).parentNode.removeChild(document.getElementById(t)),document.getElementById(e).parentNode.removeChild(document.getElementById(e)),document.removeEventListener(\"scroll\",etargetPostloadFunction7a9b589f63cb072bef80df221f46a22b),document.removeEventListener(\"resize\",etargetPostloadFunction7a9b589f63cb072bef80df221f46a22b),document.removeEventListener(\"DOMContentLoaded\",etargetPostloadFunction7a9b589f63cb072bef80df221f46a22b)))}}}var etargetDivID=\"etargetPostload7a9b589f63cb072bef80df221f46a22b\",etargetScriptID=\"etargetScript7a9b589f63cb072bef80df221f46a22b\",etargetPostloadPoint=document.createElement(\"div\");etargetPostloadPoint.id=etargetDivID;var etargetCurScript=document.getElementById(etargetScriptID);etargetCurScript.parentNode.appendChild(etargetPostloadPoint),document.addEventListener(\"scroll\",etargetPostloadFunction7a9b589f63cb072bef80df221f46a22b),document.addEventListener(\"resize\",etargetPostloadFunction7a9b589f63cb072bef80df221f46a22b),document.addEventListener(\"DOMContentLoaded\",etargetPostloadFunction7a9b589f63cb072bef80df221f46a22b);var etargetAllowOtherCheck=!0;if(typeof(\"forceRunPostload\")==\"string\"){etargetPostloadFunction7a9b589f63cb072bef80df221f46a22b()}<\/script><\/div><div id=\"friss-63147991\" class=\"friss-after-content friss-entity-placement\"><script type=\"text\/javascript\" id=\"etargetScript7a9b589f63cb072bef80df221f46a22b\">function etargetPostloadFunction7a9b589f63cb072bef80df221f46a22b(){var e=\"etargetPostload7a9b589f63cb072bef80df221f46a22b\",t=\"etargetScript7a9b589f63cb072bef80df221f46a22b\",o=document.getElementById(e);if(o){for(var n=o.offsetTop,d=o.offsetLeft,r=o.offsetWidth,a=o.offsetHeight;o.offsetParent;)o=o.offsetParent,n+=o.offsetTop,d+=o.offsetLeft;var i=(n<=window.pageYOffset+window.innerHeight&&d<window.pageXOffset+window.innerWidth&&n+a>window.pageYOffset&&d+r>window.pageXOffset);if(i&&etargetAllowOtherCheck){allowed=!1;var c=document.createElement(\"script\");return c.src=\"\/\/hu.search.etargetnet.com\/generic\/uni.php?g=ref:58661,area:700x210\",void(document.getElementById(t)&&document.getElementById(e)&&(document.getElementById(t).parentNode.appendChild(c),document.getElementById(t).parentNode.removeChild(document.getElementById(t)),document.getElementById(e).parentNode.removeChild(document.getElementById(e)),document.removeEventListener(\"scroll\",etargetPostloadFunction7a9b589f63cb072bef80df221f46a22b),document.removeEventListener(\"resize\",etargetPostloadFunction7a9b589f63cb072bef80df221f46a22b),document.removeEventListener(\"DOMContentLoaded\",etargetPostloadFunction7a9b589f63cb072bef80df221f46a22b)))}}}var etargetDivID=\"etargetPostload7a9b589f63cb072bef80df221f46a22b\",etargetScriptID=\"etargetScript7a9b589f63cb072bef80df221f46a22b\",etargetPostloadPoint=document.createElement(\"div\");etargetPostloadPoint.id=etargetDivID;var etargetCurScript=document.getElementById(etargetScriptID);etargetCurScript.parentNode.appendChild(etargetPostloadPoint),document.addEventListener(\"scroll\",etargetPostloadFunction7a9b589f63cb072bef80df221f46a22b),document.addEventListener(\"resize\",etargetPostloadFunction7a9b589f63cb072bef80df221f46a22b),document.addEventListener(\"DOMContentLoaded\",etargetPostloadFunction7a9b589f63cb072bef80df221f46a22b);var etargetAllowOtherCheck=!0;if(typeof(\"forceRunPostload\")==\"string\"){etargetPostloadFunction7a9b589f63cb072bef80df221f46a22b()}<\/script><\/div><div id=\"friss-688285616\" class=\"friss-after-content_2 friss-entity-placement\" style=\"clear: both;\"><div class=\"wprss_ajax\" data-id=\"rss07fa23c5a8\"><img loading=\"lazy\" decoding=\"async\" src=\"https:\/\/friss-hirek.hu\/wp-content\/plugins\/wp-rss-retriever\/inc\/imgs\/ajax-loader.gif\" alt=\"Loading RSS Feed\" width=\"16\" height=\"16\"><\/div><\/div><br style=\"clear: both; display: block; float: none;\"\/><div id=\"friss-4229978533\" class=\"friss-after-content_3 friss-entity-placement\">https:\/\/www.youtube.com\/watch?v=Pdnw4KiUWp0<\/div>","protected":false},"excerpt":{"rendered":"<p>Els\u0151re szokatlannak t\u0171nik, de az osztr\u00e1k Alpokban a s\u00edterepek h\u00f3\u00e1gy\u00farendszere ny\u00e1ron sem pihen. A Vorarlberg tartom\u00e1nyban tal\u00e1lhat\u00f3 Silvretta Montafon t\u00e9rs\u00e9g\u00e9ben ugyanaz a v\u00edzh\u00e1l\u00f3zat, amely t\u00e9len a p\u00e1ly\u00e1k behavaz\u00e1s\u00e1t szolg\u00e1lja, a ny\u00e1ri h\u00f3napokban a hegyi legel\u0151k\u00f6n tartott szarvasmarh\u00e1k iv\u00f3v\u00edzell\u00e1t\u00e1s\u00e1t biztos\u00edtja \u2013 sz\u00e1molt be r\u00f3la a S\u00edel\u0151k.hu. Az Alpe Nova magaslati legel\u0151in ilyenkor k\u00f6r\u00fclbel\u00fcl 70 tejel\u0151 teh\u00e9n [&hellip;]<\/p>\n","protected":false},"author":1,"featured_media":0,"comment_status":"open","ping_status":"open","sticky":false,"template":"","format":"standard","meta":{"footnotes":""},"categories":[6],"tags":[],"class_list":["post-171228","post","type-post","status-publish","format-standard","hentry","category-videk"],"amp_enabled":true,"_links":{"self":[{"href":"https:\/\/friss-hirek.hu\/index.php\/wp-json\/wp\/v2\/posts\/171228","targetHints":{"allow":["GET"]}}],"collection":[{"href":"https:\/\/friss-hirek.hu\/index.php\/wp-json\/wp\/v2\/posts"}],"about":[{"href":"https:\/\/friss-hirek.hu\/index.php\/wp-json\/wp\/v2\/types\/post"}],"author":[{"embeddable":true,"href":"https:\/\/friss-hirek.hu\/index.php\/wp-json\/wp\/v2\/users\/1"}],"replies":[{"embeddable":true,"href":"https:\/\/friss-hirek.hu\/index.php\/wp-json\/wp\/v2\/comments?post=171228"}],"version-history":[{"count":0,"href":"https:\/\/friss-hirek.hu\/index.php\/wp-json\/wp\/v2\/posts\/171228\/revisions"}],"wp:attachment":[{"href":"https:\/\/friss-hirek.hu\/index.php\/wp-json\/wp\/v2\/media?parent=171228"}],"wp:term":[{"taxonomy":"category","embeddable":true,"href":"https:\/\/friss-hirek.hu\/index.php\/wp-json\/wp\/v2\/categories?post=171228"},{"taxonomy":"post_tag","embeddable":true,"href":"https:\/\/friss-hirek.hu\/index.php\/wp-json\/wp\/v2\/tags?post=171228"}],"curies":[{"name":"wp","href":"https:\/\/api.w.org\/{rel}","templated":true}]}}