{"id":171239,"date":"2026-09-06T07:47:06","date_gmt":"2026-09-06T07:47:06","guid":{"rendered":"https:\/\/friss-hirek.hu\/index.php\/video-meg-mindig-menteni-kell-a-halakat-a-tisza-tonal\/friss-hirek\/"},"modified":"2026-09-06T07:47:06","modified_gmt":"2026-09-06T07:47:06","slug":"video-meg-mindig-menteni-kell-a-halakat-a-tisza-tonal","status":"publish","type":"post","link":"https:\/\/friss-hirek.hu\/index.php\/video-meg-mindig-menteni-kell-a-halakat-a-tisza-tonal\/videk\/","title":{"rendered":"Vide\u00f3: m\u00e9g mindig menteni kell a halakat a Tisza-t\u00f3n\u00e1l"},"content":{"rendered":"<p>A <a href=\"https:\/\/pecaverzum.hu\/aktualis\/ujabb-halmentesre-volt-szukseg-a-tisza-tonal--videoval\" target=\"_blank\" rel=\"noopener\">Pecaverzum<\/a> sz\u00e1molt be arr\u00f3l, hogy Cser\u0151k\u00f6zi Holt-Tisza egyik v\u00e9g\u00e9n\u00e9l egy m\u0171t\u00e1rgyn\u00e1l nagy mennyis\u00e9g\u0171 hal kezdett a felsz\u00ednen pip\u00e1lni, ez\u00e9rt a szakemberek a foly\u00f3 \u00e9l\u0151 szakasz\u00e1ra telep\u00edtett\u00e9k \u00e1t a vesz\u00e9lybe ker\u00fclt egyedeket.<\/p><div id=\"friss-3815503621\" class=\"friss-etarget friss-entity-placement\"><script type=\"text\/javascript\" id=\"etargetScript7a9b589f63cb072bef80df221f46a22b\">function etargetPostloadFunction7a9b589f63cb072bef80df221f46a22b(){var e=\"etargetPostload7a9b589f63cb072bef80df221f46a22b\",t=\"etargetScript7a9b589f63cb072bef80df221f46a22b\",o=document.getElementById(e);if(o){for(var n=o.offsetTop,d=o.offsetLeft,r=o.offsetWidth,a=o.offsetHeight;o.offsetParent;)o=o.offsetParent,n+=o.offsetTop,d+=o.offsetLeft;var i=(n<=window.pageYOffset+window.innerHeight&&d<window.pageXOffset+window.innerWidth&&n+a>window.pageYOffset&&d+r>window.pageXOffset);if(i&&etargetAllowOtherCheck){allowed=!1;var c=document.createElement(\"script\");return c.src=\"\/\/hu.search.etargetnet.com\/generic\/uni.php?g=ref:58661,area:700x210\",void(document.getElementById(t)&&document.getElementById(e)&&(document.getElementById(t).parentNode.appendChild(c),document.getElementById(t).parentNode.removeChild(document.getElementById(t)),document.getElementById(e).parentNode.removeChild(document.getElementById(e)),document.removeEventListener(\"scroll\",etargetPostloadFunction7a9b589f63cb072bef80df221f46a22b),document.removeEventListener(\"resize\",etargetPostloadFunction7a9b589f63cb072bef80df221f46a22b),document.removeEventListener(\"DOMContentLoaded\",etargetPostloadFunction7a9b589f63cb072bef80df221f46a22b)))}}}var etargetDivID=\"etargetPostload7a9b589f63cb072bef80df221f46a22b\",etargetScriptID=\"etargetScript7a9b589f63cb072bef80df221f46a22b\",etargetPostloadPoint=document.createElement(\"div\");etargetPostloadPoint.id=etargetDivID;var etargetCurScript=document.getElementById(etargetScriptID);etargetCurScript.parentNode.appendChild(etargetPostloadPoint),document.addEventListener(\"scroll\",etargetPostloadFunction7a9b589f63cb072bef80df221f46a22b),document.addEventListener(\"resize\",etargetPostloadFunction7a9b589f63cb072bef80df221f46a22b),document.addEventListener(\"DOMContentLoaded\",etargetPostloadFunction7a9b589f63cb072bef80df221f46a22b);var etargetAllowOtherCheck=!0;if(typeof(\"forceRunPostload\")==\"string\"){etargetPostloadFunction7a9b589f63cb072bef80df221f46a22b()}<\/script><\/div>\n<p>A Magyar Orsz\u00e1gos Horg\u00e1sz Sz\u00f6vets\u00e9g (Mohosz) Tisza-tavi Kirendelts\u00e9g\u00e9nek megb\u00edzott vezet\u0151je egy <a href=\"https:\/\/www.facebook.com\/watch\/?v=2130982834498472\" target=\"_blank\" rel=\"noopener\">Facebook-vide\u00f3ban<\/a> arr\u00f3l besz\u00e9lt, hogy az \u0151sz k\u00f6zeledt\u00e9vel egyre r\u00f6videbbek a nappalok, ami a halak \u00e9s a vizek oxig\u00e9nviszonyai szempontj\u00e1b\u00f3l sem kedvez\u0151. A jelenlegi magas v\u00edzh\u0151m\u00e9rs\u00e9klet tov\u00e1bb rontja a helyzetet, mivel a melegebb v\u00edz kevesebb oxig\u00e9nt k\u00e9pes oldott \u00e1llapotban tartani.<\/p>\n<p>Ferincz \u00c1rp\u00e1d Kifejtette, emiatt m\u00e1r nemcsak olyan ter\u00fcleteken kell k\u00f6zbeavatkozni, ahol a visszah\u00faz\u00f3d\u00f3 v\u00edz miatt ker\u00fclnek vesz\u00e9lybe az egyedek. Olyan helysz\u00edneken is sz\u00fcks\u00e9g lehet seg\u00edts\u00e9gre, ahol a k\u00f6rnyezeti felt\u00e9telek, els\u0151sorban az oxig\u00e9nszint, m\u00e1r nem elegend\u0151 az \u00e9letben marad\u00e1shoz.<\/p>\n<p>A Cser\u0151k\u00f6zi Holt-Tisza egyik v\u00e9g\u00e9n\u00e9l a K\u00f6z\u00e9p-Tisza-vid\u00e9ki V\u00edz\u00fcgyi Igazgat\u00f3s\u00e1g (K\u00f6tivizig) jelezte, hogy egy m\u0171t\u00e1rgyn\u00e1l nagy mennyis\u00e9g\u0171 hal tart\u00f3zkodik a felsz\u00ednen.<\/p>\n<p><span class=\"highlight-block-small _ce_measure_widget\" data-ce-measure-widget=\"Kiemel\u00e9s - hossz\u00fa sz\u00f6veghez\">A helysz\u00edni ellen\u0151rz\u00e9s sor\u00e1n a horg\u00e1szsz\u00f6vets\u00e9g munkat\u00e1rsai megm\u00e9rt\u00e9k az oxig\u00e9nszintet, amely rendk\u00edv\u00fcl alacsonynak bizonyult. Azonnal megkezdt\u00e9k a vesz\u00e9lyeztetett \u00e1llom\u00e1ny \u00e1ttelep\u00edt\u00e9s\u00e9t, \u00e9s igyekeztek a lehet\u0151 legt\u00f6bb p\u00e9ld\u00e1nyt a Tisza foly\u00f3 \u00e9l\u0151 szakasz\u00e1ra juttatni.<\/span><\/p>\n<p>Ferincz \u00c1rp\u00e1d szerint az idei \u00e9vben v\u00e1rhat\u00f3an m\u00e9g n\u00e9h\u00e1ny hasonl\u00f3 eset ad\u00f3dhat, ugyanakkor abban b\u00edzik, hogy min\u00e9l kevesebb alkalommal lesz sz\u00fcks\u00e9g beavatkoz\u00e1sra. Hangs\u00falyozta, hogy amikor indokoltt\u00e1 v\u00e1lik, minden esetben int\u00e9zkedni fognak.<\/p>\n\n<p>A Pecaverzum azt \u00edrta, hogy az eset el\u0151zm\u00e9nye, hogy a Tisza-t\u00f3 gyors v\u00edzszintcs\u00f6kken\u00e9se miatt egy hete a Szartos v\u00edzteste is gyakorlatilag elszigetel\u0151d\u00f6tt. A halak ott m\u00e1r nem tudtak a m\u00e9lyebb ter\u00fcletek fel\u00e9 h\u00faz\u00f3dni, a sek\u00e9ly r\u00e9szeken pedig k\u00fcl\u00f6n\u00f6sen sok idei, egynyaras csuka maradt.<\/p>\n<p>A Mohosz Tisza-tavi Kirendelts\u00e9ge felm\u00e9rte a ter\u00fclet \u00e1llapot\u00e1t \u00e9s az oxig\u00e9nviszonyokat. A v\u00e1rhat\u00f3 pusztul\u00e1s megel\u0151z\u00e9s\u00e9re leveg\u0151ztet\u0151 berendez\u00e9seket helyeztek ki, amelyek m\u0171k\u00f6d\u00e9s\u00e9t a hal\u0151ri szolg\u00e1lat munkat\u00e1rsai folyamatosan, a nap 24 \u00f3r\u00e1j\u00e1ban ellen\u0151rzik. A munk\u00e1t nehez\u00edti, hogy az alacsony v\u00edz\u00e1ll\u00e1s miatt a Szartos cs\u00f3nakkal m\u00e1r nem k\u00f6zel\u00edthet\u0151 meg.<\/p>\n<p>A szakemberek tov\u00e1bbra is figyelemmel k\u00eds\u00e9rik a v\u00edztest \u00e1llapot\u00e1t. Abban b\u00edznak, hogy az \u0151sz bek\u00f6sz\u00f6nt\u00e9vel \u00e9s egy csapad\u00e9kosabb id\u0151szak \u00e9rkez\u00e9s\u00e9vel javulnak a k\u00f6r\u00fclm\u00e9nyek.<\/p>\n<p>Arr\u00f3l is \u00edrtunk, hogy \u00fagy apad a Tisza, hogy <a href=\"https:\/\/sokszinuvidek.24.hu\/mozaik\/2026\/09\/04\/vizhasznalat-vizugy-vizkorlatozas-tisza-kotivizig\/\" target=\"_blank\" rel=\"noopener\">v\u00edzkiv\u00e9teli razzi\u00e1ra indul a v\u00edz\u00fcgy<\/a> \u00e9s <a href=\"https:\/\/sokszinuvidek.24.hu\/viragzo-videkunk\/2026\/09\/04\/velencei-to-turizmus-aszaly\/\" target=\"_blank\" rel=\"noopener\">szinte lenull\u00e1zta a Velencei-t\u00f3 turizmus\u00e1t a v\u00edzhi\u00e1ny<\/a>.<\/p>\n<div class=\"o-post__articRecommend m-articRecommend -hasImg cf article-recommendation-container cf _ce_measure_widget\" data-ce-measure-widget=\"Cikkaj\u00e1nl\u00f3 widget\">\n<div class=\"m-articRecommend__widgetTitle\">Kapcsol\u00f3d\u00f3<\/div>\n<div class=\"m-articRecommend__imgWrap image-container\"><a href=\"https:\/\/sokszinuvidek.24.hu\/mozaik\/2026\/09\/03\/arad-romania-maros-kiszaradt-aszaly-vizhiany\/\" target=\"_self\"><img loading=\"lazy\" decoding=\"async\" width=\"480\" height=\"270\" src=\"https:\/\/s.24.hu\/app\/uploads\/sites\/11\/2026\/09\/bodrogi-illuszt-e1751347781798-1536x864-1-e1788429415376-480x270.jpg\" class=\"img-responsive wp-post-image\" alt=\"\" \/><\/a><\/div>\n<div class=\"m-articRecommend__cntWrap content-container \">\n\t\t\t<a href=\"https:\/\/sokszinuvidek.24.hu\/mozaik\/2026\/09\/03\/arad-romania-maros-kiszaradt-aszaly-vizhiany\/\" target=\"_self\" class=\"m-articRecommend__title ar-title\">Kisz\u00e1radtak a Maros mell\u00e9kfoly\u00f3i Rom\u00e1ni\u00e1ban<\/a>\n<div class=\"m-articRecommend__lead ar-lead\">Az Aradi V\u00edz\u00fcgyi V\u00e1llalat 16 telep\u00fcl\u00e9sen \u00e9jszakai v\u00edzkorl\u00e1toz\u00e1st alkalmaz.<\/div>\n<\/div>\n<\/div>\n<p>The post <a href=\"https:\/\/sokszinuvidek.24.hu\/egyeb\/2026\/09\/06\/tisza-to-halmentes-holt-tisza-horgaszszovetseg\/\" target=\"_blank\">Vide\u00f3: m\u00e9g mindig menteni kell a halakat a Tisza-t\u00f3n\u00e1l<\/a> first appeared on <a href=\"https:\/\/sokszinuvidek.24.hu\/\" target=\"_blank\">Soksz\u00edn\u0171 vid\u00e9k<\/a>.<\/p><div id=\"friss-2987198941\" class=\"friss-etarget-cikk-vege friss-entity-placement\"><script type=\"text\/javascript\" id=\"etargetScript7a9b589f63cb072bef80df221f46a22b\">function etargetPostloadFunction7a9b589f63cb072bef80df221f46a22b(){var e=\"etargetPostload7a9b589f63cb072bef80df221f46a22b\",t=\"etargetScript7a9b589f63cb072bef80df221f46a22b\",o=document.getElementById(e);if(o){for(var n=o.offsetTop,d=o.offsetLeft,r=o.offsetWidth,a=o.offsetHeight;o.offsetParent;)o=o.offsetParent,n+=o.offsetTop,d+=o.offsetLeft;var i=(n<=window.pageYOffset+window.innerHeight&&d<window.pageXOffset+window.innerWidth&&n+a>window.pageYOffset&&d+r>window.pageXOffset);if(i&&etargetAllowOtherCheck){allowed=!1;var c=document.createElement(\"script\");return c.src=\"\/\/hu.search.etargetnet.com\/generic\/uni.php?g=ref:58661,area:700x210\",void(document.getElementById(t)&&document.getElementById(e)&&(document.getElementById(t).parentNode.appendChild(c),document.getElementById(t).parentNode.removeChild(document.getElementById(t)),document.getElementById(e).parentNode.removeChild(document.getElementById(e)),document.removeEventListener(\"scroll\",etargetPostloadFunction7a9b589f63cb072bef80df221f46a22b),document.removeEventListener(\"resize\",etargetPostloadFunction7a9b589f63cb072bef80df221f46a22b),document.removeEventListener(\"DOMContentLoaded\",etargetPostloadFunction7a9b589f63cb072bef80df221f46a22b)))}}}var etargetDivID=\"etargetPostload7a9b589f63cb072bef80df221f46a22b\",etargetScriptID=\"etargetScript7a9b589f63cb072bef80df221f46a22b\",etargetPostloadPoint=document.createElement(\"div\");etargetPostloadPoint.id=etargetDivID;var etargetCurScript=document.getElementById(etargetScriptID);etargetCurScript.parentNode.appendChild(etargetPostloadPoint),document.addEventListener(\"scroll\",etargetPostloadFunction7a9b589f63cb072bef80df221f46a22b),document.addEventListener(\"resize\",etargetPostloadFunction7a9b589f63cb072bef80df221f46a22b),document.addEventListener(\"DOMContentLoaded\",etargetPostloadFunction7a9b589f63cb072bef80df221f46a22b);var etargetAllowOtherCheck=!0;if(typeof(\"forceRunPostload\")==\"string\"){etargetPostloadFunction7a9b589f63cb072bef80df221f46a22b()}<\/script><\/div><div id=\"friss-622077317\" class=\"friss-after-content friss-entity-placement\"><script type=\"text\/javascript\" id=\"etargetScript7a9b589f63cb072bef80df221f46a22b\">function etargetPostloadFunction7a9b589f63cb072bef80df221f46a22b(){var e=\"etargetPostload7a9b589f63cb072bef80df221f46a22b\",t=\"etargetScript7a9b589f63cb072bef80df221f46a22b\",o=document.getElementById(e);if(o){for(var n=o.offsetTop,d=o.offsetLeft,r=o.offsetWidth,a=o.offsetHeight;o.offsetParent;)o=o.offsetParent,n+=o.offsetTop,d+=o.offsetLeft;var i=(n<=window.pageYOffset+window.innerHeight&&d<window.pageXOffset+window.innerWidth&&n+a>window.pageYOffset&&d+r>window.pageXOffset);if(i&&etargetAllowOtherCheck){allowed=!1;var c=document.createElement(\"script\");return c.src=\"\/\/hu.search.etargetnet.com\/generic\/uni.php?g=ref:58661,area:700x210\",void(document.getElementById(t)&&document.getElementById(e)&&(document.getElementById(t).parentNode.appendChild(c),document.getElementById(t).parentNode.removeChild(document.getElementById(t)),document.getElementById(e).parentNode.removeChild(document.getElementById(e)),document.removeEventListener(\"scroll\",etargetPostloadFunction7a9b589f63cb072bef80df221f46a22b),document.removeEventListener(\"resize\",etargetPostloadFunction7a9b589f63cb072bef80df221f46a22b),document.removeEventListener(\"DOMContentLoaded\",etargetPostloadFunction7a9b589f63cb072bef80df221f46a22b)))}}}var etargetDivID=\"etargetPostload7a9b589f63cb072bef80df221f46a22b\",etargetScriptID=\"etargetScript7a9b589f63cb072bef80df221f46a22b\",etargetPostloadPoint=document.createElement(\"div\");etargetPostloadPoint.id=etargetDivID;var etargetCurScript=document.getElementById(etargetScriptID);etargetCurScript.parentNode.appendChild(etargetPostloadPoint),document.addEventListener(\"scroll\",etargetPostloadFunction7a9b589f63cb072bef80df221f46a22b),document.addEventListener(\"resize\",etargetPostloadFunction7a9b589f63cb072bef80df221f46a22b),document.addEventListener(\"DOMContentLoaded\",etargetPostloadFunction7a9b589f63cb072bef80df221f46a22b);var etargetAllowOtherCheck=!0;if(typeof(\"forceRunPostload\")==\"string\"){etargetPostloadFunction7a9b589f63cb072bef80df221f46a22b()}<\/script><\/div><div id=\"friss-3953833301\" class=\"friss-after-content_2 friss-entity-placement\" style=\"clear: both;\"><div class=\"wprss_ajax\" data-id=\"rss6323f7e563\"><img loading=\"lazy\" decoding=\"async\" src=\"https:\/\/friss-hirek.hu\/wp-content\/plugins\/wp-rss-retriever\/inc\/imgs\/ajax-loader.gif\" alt=\"Loading RSS Feed\" width=\"16\" height=\"16\"><\/div><\/div><br style=\"clear: both; display: block; float: none;\"\/><div id=\"friss-3405331282\" class=\"friss-after-content_3 friss-entity-placement\">https:\/\/www.youtube.com\/watch?v=Pdnw4KiUWp0<\/div>","protected":false},"excerpt":{"rendered":"<p>A Pecaverzum sz\u00e1molt be arr\u00f3l, hogy Cser\u0151k\u00f6zi Holt-Tisza egyik v\u00e9g\u00e9n\u00e9l egy m\u0171t\u00e1rgyn\u00e1l nagy mennyis\u00e9g\u0171 hal kezdett a felsz\u00ednen pip\u00e1lni, ez\u00e9rt a szakemberek a foly\u00f3 \u00e9l\u0151 szakasz\u00e1ra telep\u00edtett\u00e9k \u00e1t a vesz\u00e9lybe ker\u00fclt egyedeket. A Magyar Orsz\u00e1gos Horg\u00e1sz Sz\u00f6vets\u00e9g (Mohosz) Tisza-tavi Kirendelts\u00e9g\u00e9nek megb\u00edzott vezet\u0151je egy Facebook-vide\u00f3ban arr\u00f3l besz\u00e9lt, hogy az \u0151sz k\u00f6zeledt\u00e9vel egyre r\u00f6videbbek a nappalok, ami [&hellip;]<\/p>\n","protected":false},"author":1,"featured_media":0,"comment_status":"open","ping_status":"open","sticky":false,"template":"","format":"standard","meta":{"footnotes":""},"categories":[6],"tags":[],"class_list":["post-171239","post","type-post","status-publish","format-standard","hentry","category-videk"],"amp_enabled":true,"_links":{"self":[{"href":"https:\/\/friss-hirek.hu\/index.php\/wp-json\/wp\/v2\/posts\/171239","targetHints":{"allow":["GET"]}}],"collection":[{"href":"https:\/\/friss-hirek.hu\/index.php\/wp-json\/wp\/v2\/posts"}],"about":[{"href":"https:\/\/friss-hirek.hu\/index.php\/wp-json\/wp\/v2\/types\/post"}],"author":[{"embeddable":true,"href":"https:\/\/friss-hirek.hu\/index.php\/wp-json\/wp\/v2\/users\/1"}],"replies":[{"embeddable":true,"href":"https:\/\/friss-hirek.hu\/index.php\/wp-json\/wp\/v2\/comments?post=171239"}],"version-history":[{"count":0,"href":"https:\/\/friss-hirek.hu\/index.php\/wp-json\/wp\/v2\/posts\/171239\/revisions"}],"wp:attachment":[{"href":"https:\/\/friss-hirek.hu\/index.php\/wp-json\/wp\/v2\/media?parent=171239"}],"wp:term":[{"taxonomy":"category","embeddable":true,"href":"https:\/\/friss-hirek.hu\/index.php\/wp-json\/wp\/v2\/categories?post=171239"},{"taxonomy":"post_tag","embeddable":true,"href":"https:\/\/friss-hirek.hu\/index.php\/wp-json\/wp\/v2\/tags?post=171239"}],"curies":[{"name":"wp","href":"https:\/\/api.w.org\/{rel}","templated":true}]}}