{"id":171245,"date":"2026-09-06T15:51:09","date_gmt":"2026-09-06T15:51:09","guid":{"rendered":"https:\/\/friss-hirek.hu\/index.php\/vaddisznok-randaliroztak-a-balatonalmadi-focipalyan\/friss-hirek\/"},"modified":"2026-09-06T15:51:09","modified_gmt":"2026-09-06T15:51:09","slug":"vaddisznok-randaliroztak-a-balatonalmadi-focipalyan","status":"publish","type":"post","link":"https:\/\/friss-hirek.hu\/index.php\/vaddisznok-randaliroztak-a-balatonalmadi-focipalyan\/videk\/","title":{"rendered":"Vaddiszn\u00f3k randal\u00edroztak a balatonalm\u00e1di focip\u00e1ly\u00e1n"},"content":{"rendered":"<p>Szomor\u00fa l\u00e1tv\u00e1ny fogadta szombat reggel a Balatonalm\u00e1di Sportk\u00f6zpont munkat\u00e1rsait: vaddiszn\u00f3k jutottak be \u00e9jszaka a ter\u00fclet\u00fckre, \u00e9s t\u00f6bb helyen felt\u00fart\u00e1k az \u00e9l\u0151f\u00fcves labdar\u00fag\u00f3p\u00e1ly\u00e1t.<\/p><div id=\"friss-3063056770\" class=\"friss-etarget friss-entity-placement\"><script type=\"text\/javascript\" id=\"etargetScript7a9b589f63cb072bef80df221f46a22b\">function etargetPostloadFunction7a9b589f63cb072bef80df221f46a22b(){var e=\"etargetPostload7a9b589f63cb072bef80df221f46a22b\",t=\"etargetScript7a9b589f63cb072bef80df221f46a22b\",o=document.getElementById(e);if(o){for(var n=o.offsetTop,d=o.offsetLeft,r=o.offsetWidth,a=o.offsetHeight;o.offsetParent;)o=o.offsetParent,n+=o.offsetTop,d+=o.offsetLeft;var i=(n<=window.pageYOffset+window.innerHeight&&d<window.pageXOffset+window.innerWidth&&n+a>window.pageYOffset&&d+r>window.pageXOffset);if(i&&etargetAllowOtherCheck){allowed=!1;var c=document.createElement(\"script\");return c.src=\"\/\/hu.search.etargetnet.com\/generic\/uni.php?g=ref:58661,area:700x210\",void(document.getElementById(t)&&document.getElementById(e)&&(document.getElementById(t).parentNode.appendChild(c),document.getElementById(t).parentNode.removeChild(document.getElementById(t)),document.getElementById(e).parentNode.removeChild(document.getElementById(e)),document.removeEventListener(\"scroll\",etargetPostloadFunction7a9b589f63cb072bef80df221f46a22b),document.removeEventListener(\"resize\",etargetPostloadFunction7a9b589f63cb072bef80df221f46a22b),document.removeEventListener(\"DOMContentLoaded\",etargetPostloadFunction7a9b589f63cb072bef80df221f46a22b)))}}}var etargetDivID=\"etargetPostload7a9b589f63cb072bef80df221f46a22b\",etargetScriptID=\"etargetScript7a9b589f63cb072bef80df221f46a22b\",etargetPostloadPoint=document.createElement(\"div\");etargetPostloadPoint.id=etargetDivID;var etargetCurScript=document.getElementById(etargetScriptID);etargetCurScript.parentNode.appendChild(etargetPostloadPoint),document.addEventListener(\"scroll\",etargetPostloadFunction7a9b589f63cb072bef80df221f46a22b),document.addEventListener(\"resize\",etargetPostloadFunction7a9b589f63cb072bef80df221f46a22b),document.addEventListener(\"DOMContentLoaded\",etargetPostloadFunction7a9b589f63cb072bef80df221f46a22b);var etargetAllowOtherCheck=!0;if(typeof(\"forceRunPostload\")==\"string\"){etargetPostloadFunction7a9b589f63cb072bef80df221f46a22b()}<\/script><\/div>\n<p>A <a href=\"https:\/\/www.facebook.com\/100057320175757\/posts\/1619070196680304\/?mibextid=wwXIfr&amp;rdid=Qwk5qbir9bjqSBIL#\" target=\"_blank\" rel=\"noopener\">sportk\u00f6zpont k\u00f6z\u00f6ss\u00e9gi oldal\u00e1n<\/a> k\u00f6zz\u00e9tett t\u00e1j\u00e9koztat\u00e1s szerint a kamerafelv\u00e9telek alapj\u00e1n a vaddiszn\u00f3k hajnali 2 \u00e9s 3 \u00f3ra k\u00f6z\u00f6tt jutottak be a ter\u00fcletre. Az \u00e1llatok t\u00f6bb ponton felt\u00fart\u00e1k a gondozott f\u00fcves p\u00e1ly\u00e1t, amelynek fenntart\u00e1s\u00e1ra az egyes\u00fclet folyamatosan jelent\u0151s \u00f6sszegeket \u00e9s sok munk\u00e1t ford\u00edt.<\/p>\n<p>A k\u00e1rok miatt azonnal \u00e1t kellett szervezni a V\u00e1rosi Sportnaphoz kapcsol\u00f3d\u00f3 gyermeklabdar\u00fag\u00f3-torn\u00e1t. Egy ideig az is k\u00e9rd\u00e9ses volt, hogy a m\u00e9rk\u0151z\u00e9seket egy\u00e1ltal\u00e1n meg lehet-e tartani.<\/p>\n<p>A k\u00f6vetkez\u0151 hetekben is komoly szervez\u00e9si feladatot jelent a helyzet, hiszen a Sportk\u00f6zpontban rendszeresen tartanak ut\u00e1np\u00f3tl\u00e1s- \u00e9s feln\u0151ttedz\u00e9seket, bajnoki m\u00e9rk\u0151z\u00e9seket, valamint Bozsik-programokat. Az egyes\u00fclet szeretn\u00e9, hogy a p\u00e1lya s\u00e9r\u00fcl\u00e9sei ellen\u00e9re a lehet\u0151 legt\u00f6bb esem\u00e9nyt megtarts\u00e1k, \u00e9s a j\u00e1t\u00e9kosokat, k\u00fcl\u00f6n\u00f6sen a gyerekeket, min\u00e9l kev\u00e9sb\u00e9 \u00e9rints\u00e9k a t\u00f6rt\u00e9ntek.<\/p>\n<p>A helyre\u00e1ll\u00edt\u00e1son m\u00e1r dolgoznak a szakemberek, k\u00f6zben pedig olyan int\u00e9zked\u00e9seket is tesznek, amelyekkel a j\u00f6v\u0151ben szeretn\u00e9k megakad\u00e1lyozni, hogy a vaddiszn\u00f3k ism\u00e9t bejussanak a sportk\u00f6zpont ter\u00fclet\u00e9re.<\/p>\n\n<p>Kor\u00e1bban meg\u00edrtuk azt is, hogy vide\u00f3 is sz\u00fcletett arr\u00f3l, ahogy\u00a0<a href=\"https:\/\/sokszinuvidek.24.hu\/viragzo-videkunk\/2026\/06\/17\/vaddisznok-balatonalmadi-kertek\/\" target=\"_blank\" rel=\"noopener\">vaddiszn\u00f3k j\u00e1rnak a kertekben \u00e9s utc\u00e1kon Balatonalm\u00e1diban<\/a>. \u00c9s\u00a0<a href=\"https:\/\/sokszinuvidek.24.hu\/eletmod\/2025\/07\/23\/vaddisznok-balaton-balatonmariafurdo\/\" target=\"_blank\" rel=\"noopener\">egyre gyakoribb a vaddiszn\u00f3 a Balatonban<\/a> is.<\/p>\n<div class=\"o-post__articRecommend m-articRecommend -hasImg cf article-recommendation-container cf _ce_measure_widget\" data-ce-measure-widget=\"Cikkaj\u00e1nl\u00f3 widget\">\n<div class=\"m-articRecommend__widgetTitle\">Kapcsol\u00f3d\u00f3<\/div>\n<div class=\"m-articRecommend__imgWrap image-container\"><a href=\"https:\/\/sokszinuvidek.24.hu\/mozaik\/2026\/08\/26\/vaddiszno-ssopron-vadaszat-belteruleti-vadaszat\/\" target=\"_self\"><img loading=\"lazy\" decoding=\"async\" width=\"480\" height=\"270\" src=\"https:\/\/s.24.hu\/app\/uploads\/sites\/11\/2026\/08\/pexels-izafi-18392876-e1787732513427-480x270.jpg\" class=\"img-responsive wp-post-image\" alt=\"\" \/><\/a><\/div>\n<div class=\"m-articRecommend__cntWrap content-container \">\n\t\t\t<a href=\"https:\/\/sokszinuvidek.24.hu\/mozaik\/2026\/08\/26\/vaddiszno-ssopron-vadaszat-belteruleti-vadaszat\/\" target=\"_self\" class=\"m-articRecommend__title ar-title\">Nappal is j\u00e1rj\u00e1k a vaddiszn\u00f3k Sopron utc\u00e1it \u2013 belter\u00fcleti vad\u00e1szatot rendeltek el<\/a>\n<div class=\"m-articRecommend__lead ar-lead\">Az idei asz\u00e1ly miatt \u2013 ahogy 2022-ben is \u2013 az erd\u0151kb\u0151l leh\u00faz\u00f3dott vad a lakott ter\u00fcleteken keres mag\u00e1nak \u00e9lelmet \u00e9s vizet.<\/div>\n<\/div>\n<\/div>\n<p>The post <a href=\"https:\/\/sokszinuvidek.24.hu\/viragzo-videkunk\/2026\/09\/06\/vaddiszno-rongalas-balatonalmadi-focipalya\/\" target=\"_blank\">Vaddiszn\u00f3k randal\u00edroztak a balatonalm\u00e1di focip\u00e1ly\u00e1n<\/a> first appeared on <a href=\"https:\/\/sokszinuvidek.24.hu\/\" target=\"_blank\">Soksz\u00edn\u0171 vid\u00e9k<\/a>.<\/p><div id=\"friss-3662545583\" class=\"friss-etarget-cikk-vege friss-entity-placement\"><script type=\"text\/javascript\" id=\"etargetScript7a9b589f63cb072bef80df221f46a22b\">function etargetPostloadFunction7a9b589f63cb072bef80df221f46a22b(){var e=\"etargetPostload7a9b589f63cb072bef80df221f46a22b\",t=\"etargetScript7a9b589f63cb072bef80df221f46a22b\",o=document.getElementById(e);if(o){for(var n=o.offsetTop,d=o.offsetLeft,r=o.offsetWidth,a=o.offsetHeight;o.offsetParent;)o=o.offsetParent,n+=o.offsetTop,d+=o.offsetLeft;var i=(n<=window.pageYOffset+window.innerHeight&&d<window.pageXOffset+window.innerWidth&&n+a>window.pageYOffset&&d+r>window.pageXOffset);if(i&&etargetAllowOtherCheck){allowed=!1;var c=document.createElement(\"script\");return c.src=\"\/\/hu.search.etargetnet.com\/generic\/uni.php?g=ref:58661,area:700x210\",void(document.getElementById(t)&&document.getElementById(e)&&(document.getElementById(t).parentNode.appendChild(c),document.getElementById(t).parentNode.removeChild(document.getElementById(t)),document.getElementById(e).parentNode.removeChild(document.getElementById(e)),document.removeEventListener(\"scroll\",etargetPostloadFunction7a9b589f63cb072bef80df221f46a22b),document.removeEventListener(\"resize\",etargetPostloadFunction7a9b589f63cb072bef80df221f46a22b),document.removeEventListener(\"DOMContentLoaded\",etargetPostloadFunction7a9b589f63cb072bef80df221f46a22b)))}}}var etargetDivID=\"etargetPostload7a9b589f63cb072bef80df221f46a22b\",etargetScriptID=\"etargetScript7a9b589f63cb072bef80df221f46a22b\",etargetPostloadPoint=document.createElement(\"div\");etargetPostloadPoint.id=etargetDivID;var etargetCurScript=document.getElementById(etargetScriptID);etargetCurScript.parentNode.appendChild(etargetPostloadPoint),document.addEventListener(\"scroll\",etargetPostloadFunction7a9b589f63cb072bef80df221f46a22b),document.addEventListener(\"resize\",etargetPostloadFunction7a9b589f63cb072bef80df221f46a22b),document.addEventListener(\"DOMContentLoaded\",etargetPostloadFunction7a9b589f63cb072bef80df221f46a22b);var etargetAllowOtherCheck=!0;if(typeof(\"forceRunPostload\")==\"string\"){etargetPostloadFunction7a9b589f63cb072bef80df221f46a22b()}<\/script><\/div><div id=\"friss-176075438\" class=\"friss-after-content friss-entity-placement\"><script type=\"text\/javascript\" id=\"etargetScript7a9b589f63cb072bef80df221f46a22b\">function etargetPostloadFunction7a9b589f63cb072bef80df221f46a22b(){var e=\"etargetPostload7a9b589f63cb072bef80df221f46a22b\",t=\"etargetScript7a9b589f63cb072bef80df221f46a22b\",o=document.getElementById(e);if(o){for(var n=o.offsetTop,d=o.offsetLeft,r=o.offsetWidth,a=o.offsetHeight;o.offsetParent;)o=o.offsetParent,n+=o.offsetTop,d+=o.offsetLeft;var i=(n<=window.pageYOffset+window.innerHeight&&d<window.pageXOffset+window.innerWidth&&n+a>window.pageYOffset&&d+r>window.pageXOffset);if(i&&etargetAllowOtherCheck){allowed=!1;var c=document.createElement(\"script\");return c.src=\"\/\/hu.search.etargetnet.com\/generic\/uni.php?g=ref:58661,area:700x210\",void(document.getElementById(t)&&document.getElementById(e)&&(document.getElementById(t).parentNode.appendChild(c),document.getElementById(t).parentNode.removeChild(document.getElementById(t)),document.getElementById(e).parentNode.removeChild(document.getElementById(e)),document.removeEventListener(\"scroll\",etargetPostloadFunction7a9b589f63cb072bef80df221f46a22b),document.removeEventListener(\"resize\",etargetPostloadFunction7a9b589f63cb072bef80df221f46a22b),document.removeEventListener(\"DOMContentLoaded\",etargetPostloadFunction7a9b589f63cb072bef80df221f46a22b)))}}}var etargetDivID=\"etargetPostload7a9b589f63cb072bef80df221f46a22b\",etargetScriptID=\"etargetScript7a9b589f63cb072bef80df221f46a22b\",etargetPostloadPoint=document.createElement(\"div\");etargetPostloadPoint.id=etargetDivID;var etargetCurScript=document.getElementById(etargetScriptID);etargetCurScript.parentNode.appendChild(etargetPostloadPoint),document.addEventListener(\"scroll\",etargetPostloadFunction7a9b589f63cb072bef80df221f46a22b),document.addEventListener(\"resize\",etargetPostloadFunction7a9b589f63cb072bef80df221f46a22b),document.addEventListener(\"DOMContentLoaded\",etargetPostloadFunction7a9b589f63cb072bef80df221f46a22b);var etargetAllowOtherCheck=!0;if(typeof(\"forceRunPostload\")==\"string\"){etargetPostloadFunction7a9b589f63cb072bef80df221f46a22b()}<\/script><\/div><div id=\"friss-814567889\" class=\"friss-after-content_2 friss-entity-placement\" style=\"clear: both;\"><div class=\"wprss_ajax\" data-id=\"rss3256b717de\"><img loading=\"lazy\" decoding=\"async\" src=\"https:\/\/friss-hirek.hu\/wp-content\/plugins\/wp-rss-retriever\/inc\/imgs\/ajax-loader.gif\" alt=\"Loading RSS Feed\" width=\"16\" height=\"16\"><\/div><\/div><br style=\"clear: both; display: block; float: none;\"\/><div id=\"friss-728779758\" class=\"friss-after-content_3 friss-entity-placement\">https:\/\/www.youtube.com\/watch?v=Pdnw4KiUWp0<\/div>","protected":false},"excerpt":{"rendered":"<p>Szomor\u00fa l\u00e1tv\u00e1ny fogadta szombat reggel a Balatonalm\u00e1di Sportk\u00f6zpont munkat\u00e1rsait: vaddiszn\u00f3k jutottak be \u00e9jszaka a ter\u00fclet\u00fckre, \u00e9s t\u00f6bb helyen felt\u00fart\u00e1k az \u00e9l\u0151f\u00fcves labdar\u00fag\u00f3p\u00e1ly\u00e1t. A sportk\u00f6zpont k\u00f6z\u00f6ss\u00e9gi oldal\u00e1n k\u00f6zz\u00e9tett t\u00e1j\u00e9koztat\u00e1s szerint a kamerafelv\u00e9telek alapj\u00e1n a vaddiszn\u00f3k hajnali 2 \u00e9s 3 \u00f3ra k\u00f6z\u00f6tt jutottak be a ter\u00fcletre. Az \u00e1llatok t\u00f6bb ponton felt\u00fart\u00e1k a gondozott f\u00fcves p\u00e1ly\u00e1t, amelynek fenntart\u00e1s\u00e1ra [&hellip;]<\/p>\n","protected":false},"author":1,"featured_media":0,"comment_status":"open","ping_status":"open","sticky":false,"template":"","format":"standard","meta":{"footnotes":""},"categories":[6],"tags":[],"class_list":["post-171245","post","type-post","status-publish","format-standard","hentry","category-videk"],"amp_enabled":true,"_links":{"self":[{"href":"https:\/\/friss-hirek.hu\/index.php\/wp-json\/wp\/v2\/posts\/171245","targetHints":{"allow":["GET"]}}],"collection":[{"href":"https:\/\/friss-hirek.hu\/index.php\/wp-json\/wp\/v2\/posts"}],"about":[{"href":"https:\/\/friss-hirek.hu\/index.php\/wp-json\/wp\/v2\/types\/post"}],"author":[{"embeddable":true,"href":"https:\/\/friss-hirek.hu\/index.php\/wp-json\/wp\/v2\/users\/1"}],"replies":[{"embeddable":true,"href":"https:\/\/friss-hirek.hu\/index.php\/wp-json\/wp\/v2\/comments?post=171245"}],"version-history":[{"count":0,"href":"https:\/\/friss-hirek.hu\/index.php\/wp-json\/wp\/v2\/posts\/171245\/revisions"}],"wp:attachment":[{"href":"https:\/\/friss-hirek.hu\/index.php\/wp-json\/wp\/v2\/media?parent=171245"}],"wp:term":[{"taxonomy":"category","embeddable":true,"href":"https:\/\/friss-hirek.hu\/index.php\/wp-json\/wp\/v2\/categories?post=171245"},{"taxonomy":"post_tag","embeddable":true,"href":"https:\/\/friss-hirek.hu\/index.php\/wp-json\/wp\/v2\/tags?post=171245"}],"curies":[{"name":"wp","href":"https:\/\/api.w.org\/{rel}","templated":true}]}}