{"id":171247,"date":"2026-09-06T17:52:08","date_gmt":"2026-09-06T17:52:08","guid":{"rendered":"https:\/\/friss-hirek.hu\/index.php\/ezt-a-ket-fat-ultessuk-el-mielobb-a-kertben-ha-hatalmas-arnyekban-husolnenk-a-kovetkezo-nyarakon\/friss-hirek\/"},"modified":"2026-09-06T17:52:08","modified_gmt":"2026-09-06T17:52:08","slug":"ezt-a-ket-fat-ultessuk-el-mielobb-a-kertben-ha-hatalmas-arnyekban-husolnenk-a-kovetkezo-nyarakon","status":"publish","type":"post","link":"https:\/\/friss-hirek.hu\/index.php\/ezt-a-ket-fat-ultessuk-el-mielobb-a-kertben-ha-hatalmas-arnyekban-husolnenk-a-kovetkezo-nyarakon\/videk\/","title":{"rendered":"Ezt a k\u00e9t f\u00e1t \u00fcltess\u00fck el miel\u0151bb a kertben, ha hatalmas \u00e1rny\u00e9kban h\u0171s\u00f6ln\u00e9nk a k\u00f6vetkez\u0151 nyarakon"},"content":{"rendered":"<p>Az idei ny\u00e1r rendk\u00edv\u00fcl forr\u00f3 volt, \u00edgy egyre t\u00f6bben keresnek a kertj\u00fckbe, el\u0151kertj\u00fckbe hatalmas \u00e1rny\u00e9kot ad\u00f3 f\u00e1kat. R\u00e1ad\u00e1sul egy j\u00f3l megv\u00e1lasztott fajjal viszonylag hamar kialak\u00edthat\u00f3 olyan lombkorona, amely \u00e9rezhet\u0151en jav\u00edtja a kert mikrokl\u00edm\u00e1j\u00e1t, \u00edrja az <a href=\"https:\/\/agroforum.hu\/szakcikkek\/idojaras-szakcikkek\/arnyek-a-kertben-ket-latvanyos-fa-egeszen-eltero-tulajdonsagokkal\/\" target=\"_blank\" rel=\"noopener\">Agrof\u00f3rum.<\/a><\/p><div id=\"friss-2623633105\" class=\"friss-etarget friss-entity-placement\"><script type=\"text\/javascript\" id=\"etargetScript7a9b589f63cb072bef80df221f46a22b\">function etargetPostloadFunction7a9b589f63cb072bef80df221f46a22b(){var e=\"etargetPostload7a9b589f63cb072bef80df221f46a22b\",t=\"etargetScript7a9b589f63cb072bef80df221f46a22b\",o=document.getElementById(e);if(o){for(var n=o.offsetTop,d=o.offsetLeft,r=o.offsetWidth,a=o.offsetHeight;o.offsetParent;)o=o.offsetParent,n+=o.offsetTop,d+=o.offsetLeft;var i=(n<=window.pageYOffset+window.innerHeight&&d<window.pageXOffset+window.innerWidth&&n+a>window.pageYOffset&&d+r>window.pageXOffset);if(i&&etargetAllowOtherCheck){allowed=!1;var c=document.createElement(\"script\");return c.src=\"\/\/hu.search.etargetnet.com\/generic\/uni.php?g=ref:58661,area:700x210\",void(document.getElementById(t)&&document.getElementById(e)&&(document.getElementById(t).parentNode.appendChild(c),document.getElementById(t).parentNode.removeChild(document.getElementById(t)),document.getElementById(e).parentNode.removeChild(document.getElementById(e)),document.removeEventListener(\"scroll\",etargetPostloadFunction7a9b589f63cb072bef80df221f46a22b),document.removeEventListener(\"resize\",etargetPostloadFunction7a9b589f63cb072bef80df221f46a22b),document.removeEventListener(\"DOMContentLoaded\",etargetPostloadFunction7a9b589f63cb072bef80df221f46a22b)))}}}var etargetDivID=\"etargetPostload7a9b589f63cb072bef80df221f46a22b\",etargetScriptID=\"etargetScript7a9b589f63cb072bef80df221f46a22b\",etargetPostloadPoint=document.createElement(\"div\");etargetPostloadPoint.id=etargetDivID;var etargetCurScript=document.getElementById(etargetScriptID);etargetCurScript.parentNode.appendChild(etargetPostloadPoint),document.addEventListener(\"scroll\",etargetPostloadFunction7a9b589f63cb072bef80df221f46a22b),document.addEventListener(\"resize\",etargetPostloadFunction7a9b589f63cb072bef80df221f46a22b),document.addEventListener(\"DOMContentLoaded\",etargetPostloadFunction7a9b589f63cb072bef80df221f46a22b);var etargetAllowOtherCheck=!0;if(typeof(\"forceRunPostload\")==\"string\"){etargetPostloadFunction7a9b589f63cb072bef80df221f46a22b()}<\/script><\/div>\n<p>A lap cikk\u00e9ben k\u00e9t konkr\u00e9t p\u00e9ld\u00e1t is eml\u00edt.<\/p>\n<h2>V\u00f6r\u00f6s juhar<\/h2>\n<figure aria-describedby=\"caption-379461\" class=\"wp-caption alignnone\"><img loading=\"lazy\" decoding=\"async\" class=\"alignnone size-full wp-image-379461\" src=\"https:\/\/s.24.hu\/app\/uploads\/sites\/11\/2026\/09\/gettyimages-1850132717.jpg\" alt=\"\" width=\"2121\" height=\"1414\" title=\"Ezt a k\u00e9t f\u00e1t \u00fcltess\u00fck el miel\u0151bb a kertben, ha hatalmas \u00e1rny\u00e9kban h\u0171s\u00f6ln\u00e9nk a k\u00f6vetkez\u0151 nyarakon 1\" \/><figcaption class=\"wp-caption-text\"><span class=\"a-imgSource\">Getty Images<\/span><\/figcaption><\/figure>\n<p>A v\u00f6r\u00f6s juhar \u00c9szak-Amerika keleti r\u00e9sz\u00e9r\u0151l sz\u00e1rmaz\u00f3 lombhullat\u00f3 fa, amelyet gyors n\u00f6veked\u00e9se \u00e9s l\u00e1tv\u00e1nyos \u0151szi lombsz\u00edne miatt sz\u00e9les k\u00f6rben \u00fcltetnek. Rendszerint mintegy 12\u201318 m\u00e9teres magass\u00e1got \u00e9r el, koron\u00e1ja pedig 9\u201315 m\u00e9ter sz\u00e9les lehet. N\u00f6veked\u00e9se gyorsabb a korai juhar\u00e9n\u00e1l \u00e9s a cukorjuhar\u00e9n\u00e1l, de elmarad az ez\u00fcst juhar\u00e9t\u00f3l.<\/p>\n<p>\u00c1rny\u00e9kad\u00f3 f\u00e1nak megfelel\u0151 helyen j\u00f3 v\u00e1laszt\u00e1s lehet, de kis kertbe csak a v\u00e9gleges koronam\u00e9ret ismeret\u00e9ben c\u00e9lszer\u0171 telep\u00edteni. Sek\u00e9ly, s\u0171r\u0171 gy\u00f6k\u00e9rzetet alak\u00edthat ki, amely er\u0151sen versenyez a korona alatt nevelt n\u00f6v\u00e9nyekkel, \u00e9s t\u00fal k\u00f6zel \u00fcltetve a burkolatokkal is konfliktusba ker\u00fclhet.<\/p>\n<h2>Jap\u00e1n d\u00edszcseresznye<\/h2>\n<figure aria-describedby=\"caption-379459\" class=\"wp-caption alignnone\"><img loading=\"lazy\" decoding=\"async\" class=\"alignnone size-full wp-image-379459\" src=\"https:\/\/s.24.hu\/app\/uploads\/sites\/11\/2026\/09\/gettyimages-2210033793.jpg\" alt=\"\" width=\"2121\" height=\"1414\" title=\"Ezt a k\u00e9t f\u00e1t \u00fcltess\u00fck el miel\u0151bb a kertben, ha hatalmas \u00e1rny\u00e9kban h\u0171s\u00f6ln\u00e9nk a k\u00f6vetkez\u0151 nyarakon 2\" \/><figcaption class=\"wp-caption-text\"><span class=\"a-imgSource\">Getty Images<\/span><\/figcaption><\/figure>\n<p>A m\u00e1sik j\u00f3 opci\u00f3 lehet a jap\u00e1n d\u00edszcseresznye, mely eset\u00e9ben m\u00e1r \u00f3vatosabban kell b\u00e1nni a \u201egyorsan n\u00f6v\u0151\u201d jelz\u0151vel. Nem tartozik a kifejezetten gyors n\u00f6veked\u00e9s\u0171 \u00e1rny\u00e9kf\u00e1k k\u00f6z\u00e9, ez\u00e9rt els\u0151sorban ott lehet j\u00f3 v\u00e1laszt\u00e1s, ahol a tavaszi vir\u00e1gz\u00e1s \u00e9s a korona d\u00edsz\u00edt\u0151\u00e9rt\u00e9ke legal\u00e1bb olyan fontos, mint az, hogy milyen hamar kapunk nagy \u00e1rny\u00e9kot.<\/p>\n<p><span class=\"highlight-block-small _ce_measure_widget\" data-ce-measure-widget=\"Kiemel\u00e9s - hossz\u00fa sz\u00f6veghez\">A jap\u00e1n d\u00edszcseresznye els\u0151sorban ott lehet j\u00f3 v\u00e1laszt\u00e1s, ahol a tavaszi vir\u00e1gz\u00e1s \u00e9s a korona d\u00edsz\u00edt\u0151\u00e9rt\u00e9ke fontos. Az alapfaj kifejlett magass\u00e1ga 8\u201312 m\u00e9ter, koron\u00e1ja pedig 8 m\u00e9tern\u00e9l is sz\u00e9lesebbre ter\u00fclhet. Napos fekv\u00e9st, m\u00e9rs\u00e9kelten term\u00e9keny, nyirkos, ugyanakkor j\u00f3 v\u00edzelvezet\u00e9s\u0171 talajt ig\u00e9nyel.<\/span><\/p>\n<p>Hozz\u00e1teszik, a\u00a0fajtan\u00e9v itt k\u00fcl\u00f6n\u00f6sen fontos, mert a d\u00edszcsereszny\u00e9k habitusa k\u00f6z\u00f6tt nagy elt\u00e9r\u00e9sek vannak. Az oszloposabb \u2018Amanogawa\u2019 p\u00e9ld\u00e1ul 4\u20138 m\u00e9ter magas, de csup\u00e1n 2,5\u20134 m\u00e9ter sz\u00e9les koron\u00e1t fejleszt, m\u00edg a \u2018Sh\u014dgetsu\u2019 hasonl\u00f3 magass\u00e1g mellett 4\u20138 m\u00e9terre is sz\u00e9tter\u00fclhet.<\/p>\n<h2>Mennyivel van h\u0171v\u00f6sebb az \u00e1rny\u00e9kban?<\/h2>\n<p>Egy kifejlett lombkorona alatt nem egyszer\u0171en kevesebb a k\u00f6zvetlen napsug\u00e1rz\u00e1s. A f\u00e1k \u00e1rny\u00e9kol\u00e1ssal m\u00e9rs\u00e9klik a felsz\u00ednek felmeleged\u00e9s\u00e9t, a p\u00e1rologtat\u00e1suk pedig tov\u00e1bbi h\u0171t\u0151hat\u00e1ssal j\u00e1r. Az amerikai k\u00f6rnyezetv\u00e9delmi hivatal 308 vizsg\u00e1latot \u00f6sszegz\u0151 elemz\u00e9se szerint a v\u00e1rosi erd\u0151s ter\u00fcletek \u00e1tlagosan mintegy 1,6 \u00b0C-kal voltak h\u0171v\u00f6sebbek a n\u00f6v\u00e9nyzettel nem bor\u00edtott v\u00e1rosi ter\u00fcletekn\u00e9l.<\/p>\n<p>Kerti l\u00e9pt\u00e9kben ennek jelent\u0151s\u00e9ge els\u0151sorban a talaj, a burkolatok \u00e9s az \u00e9p\u00fcletek \u00e1rny\u00e9kol\u00e1s\u00e1ban mutatkozik meg. A lombkorona cs\u00f6kkentheti a talajfelsz\u00ednt \u00e9r\u0151 k\u00f6zvetlen sug\u00e1rz\u00e1st, ugyanakkor nem helyes abb\u00f3l kiindulni, hogy egy \u00e1rny\u00e9kot ad\u00f3 fa automatikusan megoldja a k\u00f6rnyezet\u00e9ben l\u00e9v\u0151 n\u00f6v\u00e9nyek v\u00edzell\u00e1t\u00e1s\u00e1t. Maga a fa is jelent\u0151s mennyis\u00e9g\u0171 vizet haszn\u00e1l, ez\u00e9rt sz\u00e1raz id\u0151szakban a gy\u00f6k\u00e9rkonkurencia \u00e9ppen ellenkez\u0151 hat\u00e1st is kiv\u00e1lthat.<\/p>\n<p><a href=\"https:\/\/sokszinuvidek.24.hu\/kertunk-portank\/2026\/09\/01\/evelo-szeptember-szaporitas\/\" target=\"_blank\" rel=\"noopener\">Arr\u00f3l a 10 \u00e9vel\u0151r\u0151l itt \u00edrtunk kor\u00e1bban<\/a>, amit szeptemberben \u00e9rdemes szapor\u00edtani, hogy j\u00f6v\u0151re m\u00e9g szebb legyen a kert.<\/p>\n<div class=\"o-post__articRecommend m-articRecommend -hasImg cf article-recommendation-container cf _ce_measure_widget\" data-ce-measure-widget=\"Cikkaj\u00e1nl\u00f3 widget\">\n<div class=\"m-articRecommend__widgetTitle\">Kapcsol\u00f3d\u00f3<\/div>\n<div class=\"m-articRecommend__imgWrap image-container\"><a href=\"https:\/\/sokszinuvidek.24.hu\/kertunk-portank\/2026\/08\/30\/kiskunmajsa-kert-boldogsag-oazis\/\" target=\"_self\"><img loading=\"lazy\" decoding=\"async\" width=\"480\" height=\"270\" src=\"https:\/\/s.24.hu\/app\/uploads\/sites\/11\/2026\/08\/japan-palacsinta-1-3-480x270.jpg\" class=\"img-responsive wp-post-image\" alt=\"\" \/><\/a><\/div>\n<div class=\"m-articRecommend__cntWrap content-container \">\n\t\t\t<a href=\"https:\/\/sokszinuvidek.24.hu\/kertunk-portank\/2026\/08\/30\/kiskunmajsa-kert-boldogsag-oazis\/\" target=\"_self\" class=\"m-articRecommend__title ar-title\">Boldogs\u00e1g terem az o\u00e1ziss\u00e1 v\u00e1lt kiskunmajsai kertben<\/a>\n<div class=\"m-articRecommend__lead ar-lead\">30 \u00e9v munk\u00e1ja van ebben a mes\u00e9s kertben, ahol a t\u00f3 is saj\u00e1t kez\u0171leg k\u00e9sz\u00fclt<\/div>\n<\/div>\n<\/div>\n<p>The post <a href=\"https:\/\/sokszinuvidek.24.hu\/kertunk-portank\/2026\/09\/06\/kert-arnyekolas-fafajtak\/\" target=\"_blank\">Ezt a k\u00e9t f\u00e1t \u00fcltess\u00fck el miel\u0151bb a kertben, ha hatalmas \u00e1rny\u00e9kban h\u0171s\u00f6ln\u00e9nk a k\u00f6vetkez\u0151 nyarakon<\/a> first appeared on <a href=\"https:\/\/sokszinuvidek.24.hu\/\" target=\"_blank\">Soksz\u00edn\u0171 vid\u00e9k<\/a>.<\/p><div id=\"friss-2045730092\" class=\"friss-etarget-cikk-vege friss-entity-placement\"><script type=\"text\/javascript\" id=\"etargetScript7a9b589f63cb072bef80df221f46a22b\">function etargetPostloadFunction7a9b589f63cb072bef80df221f46a22b(){var e=\"etargetPostload7a9b589f63cb072bef80df221f46a22b\",t=\"etargetScript7a9b589f63cb072bef80df221f46a22b\",o=document.getElementById(e);if(o){for(var n=o.offsetTop,d=o.offsetLeft,r=o.offsetWidth,a=o.offsetHeight;o.offsetParent;)o=o.offsetParent,n+=o.offsetTop,d+=o.offsetLeft;var i=(n<=window.pageYOffset+window.innerHeight&&d<window.pageXOffset+window.innerWidth&&n+a>window.pageYOffset&&d+r>window.pageXOffset);if(i&&etargetAllowOtherCheck){allowed=!1;var c=document.createElement(\"script\");return c.src=\"\/\/hu.search.etargetnet.com\/generic\/uni.php?g=ref:58661,area:700x210\",void(document.getElementById(t)&&document.getElementById(e)&&(document.getElementById(t).parentNode.appendChild(c),document.getElementById(t).parentNode.removeChild(document.getElementById(t)),document.getElementById(e).parentNode.removeChild(document.getElementById(e)),document.removeEventListener(\"scroll\",etargetPostloadFunction7a9b589f63cb072bef80df221f46a22b),document.removeEventListener(\"resize\",etargetPostloadFunction7a9b589f63cb072bef80df221f46a22b),document.removeEventListener(\"DOMContentLoaded\",etargetPostloadFunction7a9b589f63cb072bef80df221f46a22b)))}}}var etargetDivID=\"etargetPostload7a9b589f63cb072bef80df221f46a22b\",etargetScriptID=\"etargetScript7a9b589f63cb072bef80df221f46a22b\",etargetPostloadPoint=document.createElement(\"div\");etargetPostloadPoint.id=etargetDivID;var etargetCurScript=document.getElementById(etargetScriptID);etargetCurScript.parentNode.appendChild(etargetPostloadPoint),document.addEventListener(\"scroll\",etargetPostloadFunction7a9b589f63cb072bef80df221f46a22b),document.addEventListener(\"resize\",etargetPostloadFunction7a9b589f63cb072bef80df221f46a22b),document.addEventListener(\"DOMContentLoaded\",etargetPostloadFunction7a9b589f63cb072bef80df221f46a22b);var etargetAllowOtherCheck=!0;if(typeof(\"forceRunPostload\")==\"string\"){etargetPostloadFunction7a9b589f63cb072bef80df221f46a22b()}<\/script><\/div><div id=\"friss-404944574\" class=\"friss-after-content friss-entity-placement\"><script type=\"text\/javascript\" id=\"etargetScript7a9b589f63cb072bef80df221f46a22b\">function etargetPostloadFunction7a9b589f63cb072bef80df221f46a22b(){var e=\"etargetPostload7a9b589f63cb072bef80df221f46a22b\",t=\"etargetScript7a9b589f63cb072bef80df221f46a22b\",o=document.getElementById(e);if(o){for(var n=o.offsetTop,d=o.offsetLeft,r=o.offsetWidth,a=o.offsetHeight;o.offsetParent;)o=o.offsetParent,n+=o.offsetTop,d+=o.offsetLeft;var i=(n<=window.pageYOffset+window.innerHeight&&d<window.pageXOffset+window.innerWidth&&n+a>window.pageYOffset&&d+r>window.pageXOffset);if(i&&etargetAllowOtherCheck){allowed=!1;var c=document.createElement(\"script\");return c.src=\"\/\/hu.search.etargetnet.com\/generic\/uni.php?g=ref:58661,area:700x210\",void(document.getElementById(t)&&document.getElementById(e)&&(document.getElementById(t).parentNode.appendChild(c),document.getElementById(t).parentNode.removeChild(document.getElementById(t)),document.getElementById(e).parentNode.removeChild(document.getElementById(e)),document.removeEventListener(\"scroll\",etargetPostloadFunction7a9b589f63cb072bef80df221f46a22b),document.removeEventListener(\"resize\",etargetPostloadFunction7a9b589f63cb072bef80df221f46a22b),document.removeEventListener(\"DOMContentLoaded\",etargetPostloadFunction7a9b589f63cb072bef80df221f46a22b)))}}}var etargetDivID=\"etargetPostload7a9b589f63cb072bef80df221f46a22b\",etargetScriptID=\"etargetScript7a9b589f63cb072bef80df221f46a22b\",etargetPostloadPoint=document.createElement(\"div\");etargetPostloadPoint.id=etargetDivID;var etargetCurScript=document.getElementById(etargetScriptID);etargetCurScript.parentNode.appendChild(etargetPostloadPoint),document.addEventListener(\"scroll\",etargetPostloadFunction7a9b589f63cb072bef80df221f46a22b),document.addEventListener(\"resize\",etargetPostloadFunction7a9b589f63cb072bef80df221f46a22b),document.addEventListener(\"DOMContentLoaded\",etargetPostloadFunction7a9b589f63cb072bef80df221f46a22b);var etargetAllowOtherCheck=!0;if(typeof(\"forceRunPostload\")==\"string\"){etargetPostloadFunction7a9b589f63cb072bef80df221f46a22b()}<\/script><\/div><div id=\"friss-1922224193\" class=\"friss-after-content_2 friss-entity-placement\" style=\"clear: both;\"><div class=\"wprss_ajax\" data-id=\"rssb4fc4b95c6\"><img loading=\"lazy\" decoding=\"async\" src=\"https:\/\/friss-hirek.hu\/wp-content\/plugins\/wp-rss-retriever\/inc\/imgs\/ajax-loader.gif\" alt=\"Loading RSS Feed\" width=\"16\" height=\"16\"><\/div><\/div><br style=\"clear: both; display: block; float: none;\"\/><div id=\"friss-4262126349\" class=\"friss-after-content_3 friss-entity-placement\">https:\/\/www.youtube.com\/watch?v=Pdnw4KiUWp0<\/div>","protected":false},"excerpt":{"rendered":"<p>Az idei ny\u00e1r rendk\u00edv\u00fcl forr\u00f3 volt, \u00edgy egyre t\u00f6bben keresnek a kertj\u00fckbe, el\u0151kertj\u00fckbe hatalmas \u00e1rny\u00e9kot ad\u00f3 f\u00e1kat. R\u00e1ad\u00e1sul egy j\u00f3l megv\u00e1lasztott fajjal viszonylag hamar kialak\u00edthat\u00f3 olyan lombkorona, amely \u00e9rezhet\u0151en jav\u00edtja a kert mikrokl\u00edm\u00e1j\u00e1t, \u00edrja az Agrof\u00f3rum. A lap cikk\u00e9ben k\u00e9t konkr\u00e9t p\u00e9ld\u00e1t is eml\u00edt. V\u00f6r\u00f6s juhar Getty Images A v\u00f6r\u00f6s juhar \u00c9szak-Amerika keleti r\u00e9sz\u00e9r\u0151l sz\u00e1rmaz\u00f3 [&hellip;]<\/p>\n","protected":false},"author":1,"featured_media":0,"comment_status":"open","ping_status":"open","sticky":false,"template":"","format":"standard","meta":{"footnotes":""},"categories":[6],"tags":[],"class_list":["post-171247","post","type-post","status-publish","format-standard","hentry","category-videk"],"amp_enabled":true,"_links":{"self":[{"href":"https:\/\/friss-hirek.hu\/index.php\/wp-json\/wp\/v2\/posts\/171247","targetHints":{"allow":["GET"]}}],"collection":[{"href":"https:\/\/friss-hirek.hu\/index.php\/wp-json\/wp\/v2\/posts"}],"about":[{"href":"https:\/\/friss-hirek.hu\/index.php\/wp-json\/wp\/v2\/types\/post"}],"author":[{"embeddable":true,"href":"https:\/\/friss-hirek.hu\/index.php\/wp-json\/wp\/v2\/users\/1"}],"replies":[{"embeddable":true,"href":"https:\/\/friss-hirek.hu\/index.php\/wp-json\/wp\/v2\/comments?post=171247"}],"version-history":[{"count":0,"href":"https:\/\/friss-hirek.hu\/index.php\/wp-json\/wp\/v2\/posts\/171247\/revisions"}],"wp:attachment":[{"href":"https:\/\/friss-hirek.hu\/index.php\/wp-json\/wp\/v2\/media?parent=171247"}],"wp:term":[{"taxonomy":"category","embeddable":true,"href":"https:\/\/friss-hirek.hu\/index.php\/wp-json\/wp\/v2\/categories?post=171247"},{"taxonomy":"post_tag","embeddable":true,"href":"https:\/\/friss-hirek.hu\/index.php\/wp-json\/wp\/v2\/tags?post=171247"}],"curies":[{"name":"wp","href":"https:\/\/api.w.org\/{rel}","templated":true}]}}